{"id":770949,"date":"2024-11-24T16:31:27","date_gmt":"2024-11-24T12:31:27","guid":{"rendered":"https:\/\/arantv.az\/?p=770949"},"modified":"2024-11-24T16:31:27","modified_gmt":"2024-11-24T12:31:27","slug":"cop29-m%c9%99qs%c9%99dl%c9%99rin%c9%99-catdi-az%c9%99rbaycan-tarixi-n%c9%99tic%c9%99-%c9%99ld%c9%99-etdi","status":"publish","type":"post","link":"https:\/\/arantv.az\/?p=770949","title":{"rendered":"COP29 m\u0259qs\u0259dl\u0259rin\u0259 \u00e7atd\u0131, Az\u0259rbaycan tarixi n\u0259tic\u0259 \u0259ld\u0259 etdi"},"content":{"rendered":"<p><em><strong>H\u0259l\u0259 BMT-nin \u0130qlim D\u0259yi\u015fm\u0259l\u0259ri \u00fczr\u0259 \u00c7\u0259r\u00e7iv\u0259 Konvensiyas\u0131n\u0131n T\u0259r\u0259fl\u0259r Konfrans\u0131n\u0131n 29-cu sessiyas\u0131 (COP29) \u0259r\u0259f\u0259sind\u0259 beyn\u0259lxalq al\u0259m AB\u015e-\u0131n, Avropa \u0130ttifaq\u0131n\u0131n (A\u0130) iqlim d\u0259yi\u015fm\u0259l\u0259ri il\u0259 \u0259laq\u0259dar yeni maliyy\u0259 h\u0259d\u0259finin m\u00fc\u0259yy\u0259n edilm\u0259m\u0259si \u00fc\u00e7\u00fcn s\u00fcni mane\u0259l\u0259r yaratmaq c\u0259hdl\u0259rinin \u015fahidi oldu. El\u0259 bu s\u0259b\u0259bd\u0259n Avropa Komissiyas\u0131n\u0131n Prezidenti Ursula fon der Lyayen, AB\u015e prezidenti, o c\u00fcml\u0259d\u0259n Fransa bu m\u00f6t\u0259b\u0259r t\u0259dbir\u0259 qat\u0131lmad\u0131lar. \u00dcst\u0259lik, Az\u0259rbaycan\u0131n COP29-a ev sahibliyi etm\u0259si il\u0259 ba\u011fl\u0131 qarayaxma kampaniyas\u0131nda f\u0259al i\u015ftirak etdil\u0259r. Bununla da d\u00fcnyan\u0131 c\u0259ngin\u0259 alan iqlim f\u0259sadlar\u0131na qar\u015f\u0131 bigan\u0259 olduqlar\u0131n\u0131, h\u0259m d\u0259 BMT-ni saymad\u0131qlar\u0131n\u0131 bir daha n\u00fcmayi\u015f etdirdil\u0259r.\u00a0<\/strong><\/em><\/p>\n<p><em><strong><img src=\"https:\/\/ikisahil.az\/upload\/\/2024\/11\/24\/\/-1371bcce173244851942947539611119814.jpg\" alt=\"\" \/><\/strong><\/em><\/p>\n<p>B\u00fct\u00fcn bu kimi laqeydlikl\u0259r azm\u0131\u015f kimi, t\u0259dbird\u0259 i\u015ftirak ed\u0259n Q\u0259rbin b\u0259zi n\u00fcmay\u0259nd\u0259l\u0259ri COP29 \u00e7\u0259r\u00e7iv\u0259sind\u0259 d\u0259 \u00f6z iyr\u0259nc \u0259m\u0259ll\u0259rind\u0259n \u0259l \u00e7\u0259km\u0259k ist\u0259m\u0259dil\u0259r. El\u0259 bu s\u0259b\u0259bd\u0259n \u00f6lk\u0259mizin\u00a0 v\u0259t\u0259nda\u015f c\u0259miyy\u0259tinin t\u0259msil\u00e7il\u0259ri, ictimai f\u0259allar, h\u0259m\u00e7inin i\u015f\u011faldan z\u0259r\u0259r \u00e7\u0259kmi\u015f \u015f\u0259xsl\u0259r onlardan birini, y\u0259ni BMT x\u0259tti il\u0259 t\u0259dbir\u0259 g\u0259lmi\u015f, Bak\u0131da \u00e7oxsayl\u0131 g\u00f6r\u00fc\u015fl\u0259r ke\u00e7irm\u0259yi planla\u015fd\u0131ran erm\u0259nip\u0259r\u0259st AB\u015e konqresmeni\u00a0 Frank Peloninin\u00a0 Bak\u0131dan r\u0259dd olmas\u0131n\u0131 t\u0259l\u0259b etdil\u0259r v\u0259 buna nail oldular. G\u00f6st\u0259rdil\u0259r ki, Az\u0259rbaycana qar\u015f\u0131 \u015f\u0259r-b\u00f6htan kampaniyas\u0131 aparan h\u0259r k\u0259s nifr\u0259t\u0259 layiqdir v\u0259 kimliyind\u0259n as\u0131l\u0131 olmayaraq laz\u0131mi cavab\u0131n\u0131 alacaq.<\/p>\n<p><strong>Berbokun\u00a0g\u0259rginlik yaratma\u011fa c\u0259hd etm\u0259sinin \u0259sl s\u0259b\u0259bi&#8230;<\/strong><\/p>\n<p>Amma COP29-da i\u015ftirak ed\u0259n v\u0259 A\u0130-ni t\u0259msil ed\u0259n Almaniyan\u0131n xarici i\u015fl\u0259r naziri Annalena Berbok erm\u0259nip\u0259r\u0259stl\u0259rin sifari\u015fi il\u0259 \u201c\u0259n\u0259n\u0259\u201dsin\u0259 sadiq qalaraq g\u0259rginlik yaratma\u011fa c\u0259hd etdi. Bel\u0259 ki, o, qat\u0131ld\u0131\u011f\u0131 t\u0259dbirin m\u00f6vzular\u0131ndan daha \u00e7ox Az\u0259rbaycanda insan haqlar\u0131ndan dan\u0131\u015fd\u0131,\u00a0 m\u00fcxalif\u0259t n\u00fcmay\u0259nd\u0259l\u0259ri, h\u0259m\u00e7inn\u00a0 Q\u0259rbin buradak\u0131 \u015f\u0259b\u0259k\u0259 f\u0259allar\u0131 il\u0259 g\u00f6r\u00fc\u015fl\u0259r ke\u00e7irdi. Bununla da erm\u0259nil\u0259r\u0259 sadiq oldu\u011funu n\u00fcmayi\u015f etdirdi. \u015e\u00fcbh\u0259siz, onun COP29-un n\u0259 geosiyasi sammit, n\u0259 d\u0259 insan h\u00fcquqlar\u0131 m\u0259s\u0259l\u0259l\u0259rinin m\u00fczakir\u0259 olundu\u011fu h\u00fcquqi platforma olmad\u0131\u011f\u0131n\u0131 d\u0259rk etm\u0259m\u0259si t\u0259\u0259ss\u00fcf do\u011furur. O, h\u0259m d\u0259 bu kimi gedi\u015fl\u0259ri il\u0259 iqlim konfrans\u0131n\u0131n mahiyy\u0259tin\u0259 a\u00e7\u0131q \u015f\u0259kild\u0259 h\u00f6rm\u0259tsizlik\u00a0 g\u00f6st\u0259rdi. Bir s\u00f6zl\u0259, bu xan\u0131m nazir planetin g\u0259l\u0259c\u0259yi il\u0259 ba\u011fl\u0131 konstruktiv dialoq aparmaq \u0259v\u0259zin\u0259, s\u00f6z\u00fcged\u0259n beyn\u0259lxalq platformadan \u00f6lk\u0259miz\u0259 qar\u015f\u0131 n\u00f6vb\u0259ti siyasi h\u00fccum \u00fc\u00e7\u00fcn istifad\u0259 etm\u0259y\u0259 \u00e7al\u0131\u015fd\u0131. Amma yax\u015f\u0131 olard\u0131 ki, o, Az\u0259rbaycan\u0131 t\u0259nqid etm\u0259k v\u0259 beyn\u0259lxalq \u00f6hd\u0259likl\u0259r\u0259 \u0259m\u0259l etm\u0259m\u0259kd\u0259 ittiham etm\u0259k \u0259v\u0259zin\u0259 Almaniya h\u00f6kum\u0259tinin r\u0259smi siyas\u0259ti il\u0259 ziddiy\u0259t t\u0259\u015fkil ed\u0259n\u00a0 fikirl\u0259r s\u0259sl\u0259ndir\u0259n\u00a0 dinc etiraz\u00e7\u0131lar\u0131n m\u00fct\u0259madi h\u0259bsind\u0259n, dini azl\u0131qlar\u0131n, x\u00fcsusil\u0259\u00a0 m\u00fcs\u0259lmanlar\u0131n h\u00fcquqlar\u0131n\u0131n pozulmas\u0131ndan,\u00a0 jurnalistl\u0259r\u0259 edil\u0259n h\u00fccumlar\u0131n say\u0131na g\u00f6r\u0259 Avropada \u0259n y\u00fcks\u0259k g\u00f6st\u0259ricil\u0259r\u0259 malik olmas\u0131ndan, miqrantlara qar\u015f\u0131 polis zorak\u0131l\u0131\u011f\u0131ndan da s\u00f6z a\u00e7ard\u0131.<\/p>\n<p><img src=\"https:\/\/ikisahil.az\/upload\/\/2024\/11\/24\/\/-ecb287ff173244854427833547810044117.jpg\" alt=\"\" \/><\/p>\n<p>Ancaq b\u00fct\u00fcn iyr\u0259nc c\u0259hdl\u0259rin m\u00fcqabilind\u0259 r\u0259smi Bak\u0131 COP29-u y\u00fcks\u0259k s\u0259viyy\u0259d\u0259 ke\u00e7irm\u0259yi, qar\u015f\u0131ya qoyulan m\u0259qs\u0259d\u0259 nail olma\u011f\u0131 bacard\u0131. Faktlara m\u00fcraci\u0259t ed\u0259k. COP29-a qar\u015f\u0131 y\u00f6n\u0259lmi\u015f boykot \u00e7a\u011f\u0131r\u0131\u015flar\u0131na baxmayaraq, t\u0259dbird\u0259 i\u015ftirak m\u0259qs\u0259dil\u0259 196 \u00f6lk\u0259d\u0259n 77 min n\u0259f\u0259r i\u015ftirak\u00e7\u0131 qeydiyyatdan ke\u00e7di. Onlar\u0131n aras\u0131nda 80-d\u0259n \u00e7ox prezident, vitse-prezident v\u0259 ba\u015f nazir d\u0259 vard\u0131. \u015e\u00fcbh\u0259siz, bu, Az\u0259rbaycan\u0131n qlobal s\u0259viyy\u0259d\u0259ki \u0259h\u0259miyy\u0259tini bir daha n\u00fcmayi\u015f etdirdi. Bununla da r\u0259smi Bak\u0131 ona qarayaxma kampaniyas\u0131 aparanlara \u00f6z s\u00f6z\u00fcn\u00fc dedi.\u00a0 Bildirdi ki, Az\u0259rbaycan he\u00e7 d\u0259 onlar\u0131n t\u0259svir etm\u0259k ist\u0259dikl\u0259ri bir \u00f6lk\u0259 deyil.<\/p>\n<p><strong>COP29 S\u0259drliyinin \u0259ld\u0259 etdiyi u\u011fur<\/strong><\/p>\n<p>COP29 \u00e7\u0259r\u00e7iv\u0259sind\u0259 ke\u00e7irilmi\u015f m\u00fczakir\u0259l\u0259rin hesabatlar\u0131 v\u0259 iclaslar\u0131n protokollar\u0131, h\u0259m\u00e7inin raz\u0131la\u015fd\u0131r\u0131lm\u0131\u015f s\u0259n\u0259dl\u0259r t\u0259sdiql\u0259ndi. Bu m\u00f6t\u0259b\u0259r t\u0259dbirin y\u00fcks\u0259k s\u0259viyy\u0259d\u0259 t\u0259\u015fkilin\u0259 g\u00f6r\u0259 Az\u0259rbaycana r\u0259smi \u015f\u0259kild\u0259 t\u0259\u015f\u0259kk\u00fcr elan edilm\u0259si bar\u0259d\u0259 q\u0259tnam\u0259 q\u0259bul olundu. Yeri g\u0259lmi\u015fk\u0259n qeyd ed\u0259k ki, COP29-da q\u0259bul olunan \u0259n \u00f6n\u0259mli q\u0259rarlardan biri h\u0259r il inki\u015faf etm\u0259kd\u0259 olan \u00f6lk\u0259l\u0259r\u0259 1,3 trilyon dollar iqlim maliyy\u0259sini y\u00f6n\u0259ltm\u0259yi n\u0259z\u0259rd\u0259 tutan yeni \u00f6hd\u0259lik olan Bak\u0131 Maliyy\u0259 M\u0259qs\u0259di (BMG) bar\u0259d\u0259 raz\u0131l\u0131\u011f\u0131n \u0259ld\u0259 olunmas\u0131d\u0131r. Bak\u0131 Maliyy\u0259 M\u0259qs\u0259di, inki\u015faf etmi\u015f \u00f6lk\u0259l\u0259rin 2035-ci il\u0259 q\u0259d\u0259r inki\u015faf etm\u0259kd\u0259 olan d\u00f6vl\u0259tl\u0259r \u00fc\u00e7\u00fcn h\u0259r il \u0259n az\u0131 300 milyard dollar m\u0259bl\u0259\u011find\u0259 v\u0259saitin s\u0259f\u0259rb\u0259r olunmas\u0131na r\u0259hb\u0259rlik etm\u0259sini n\u0259z\u0259rd\u0259 tutan \u0259sas h\u0259d\u0259fl\u0259ri m\u00fc\u0259yy\u0259nl\u0259\u015fdirir. COP29 S\u0259drliyinin \u0259sas prioriteti \u00fczr\u0259 \u0259ld\u0259 olunan bu u\u011fur, \u0259vv\u0259lki 100 milyard dollarl\u0131q iqlim maliyy\u0259si m\u0259qs\u0259dind\u0259n \u0259h\u0259miyy\u0259tli d\u0259r\u0259c\u0259d\u0259 y\u00fcks\u0259kdir.<\/p>\n<p><img src=\"https:\/\/ikisahil.az\/upload\/\/2024\/11\/24\/\/-c8877cff173244857574768530110037369.jpg\" alt=\"\" \/><\/p>\n<p><strong>\u0130tki v\u0259 Z\u0259r\u0259r Fondunun tam f\u0259aliyy\u0259t\u0259 ba\u015flamas\u0131n\u0131 t\u0259min ed\u0259n tarixi q\u0259rar<\/strong><\/p>\n<p>\u00dcst\u0259lik,\u00a0 inki\u015faf etm\u0259kd\u0259 olan \u00f6lk\u0259l\u0259rin, o c\u00fcml\u0259d\u0259n ki\u00e7ik ada, \u0259n az inki\u015faf etmi\u015f v\u0259 Afrika d\u00f6vl\u0259tl\u0259rinin s\u0259birsizlikl\u0259 g\u00f6zl\u0259diyi \u0130tki v\u0259 Z\u0259r\u0259r Fondunun tam f\u0259aliyy\u0259t\u0259 ba\u015flamas\u0131n\u0131 t\u0259min ed\u0259n tarixi q\u0259rar q\u0259bul edildi. Haz\u0131rda Fonda v\u0259d edil\u0259n \u00fcmumi maliyy\u0259 d\u0259st\u0259yinin m\u0259bl\u0259\u011fi 730 milyon AB\u015e dollar\u0131ndan art\u0131qd\u0131r. \u018fld\u0259 edil\u0259n bu nailiyy\u0259tl\u0259rl\u0259 \u0130tki v\u0259 Z\u0259r\u0259r Fondu 2025-ci ild\u0259n etibar\u0259n layih\u0259l\u0259ri maliyy\u0259l\u0259\u015fdir\u0259 bil\u0259c\u0259k. Bu, Az\u0259rbaycan\u0131n COP29 S\u0259drliyinin n\u00f6vb\u0259ti u\u011furudur. Qeyd ed\u0259k ki, iqlim d\u0259yi\u015fm\u0259l\u0259rinin f\u0259sadlar\u0131n\u0131n ki\u00e7ik ada d\u00f6vl\u0259tl\u0259rin\u0259 t\u0259sirl\u0259rinin yaratd\u0131\u011f\u0131 \u00e7\u0259tinlikl\u0259rin h\u0259lli\u00a0 Prezident \u0130lham \u018fliyev t\u0259r\u0259find\u0259n COP29 S\u0259drliyinin prioritetl\u0259rind\u0259n biri kimi m\u00fc\u0259yy\u0259n olunub. Bu bax\u0131mdan, \u0130tki v\u0259 Z\u0259r\u0259r Fondunun f\u0259aliyy\u0259t\u0259 ba\u015flamas\u0131 COP29 S\u0259drliyinin b\u00f6y\u00fck u\u011furudur.<\/p>\n<p><strong>Paris Sazi\u015finin 6-c\u0131 madd\u0259si d\u0259 tam t\u0259sdiqini tapd\u0131<\/strong><\/p>\n<p>COP29-un noyabr\u0131n 23-d\u0259 ke\u00e7iril\u0259n ba\u011flan\u0131\u015f plenar iclas\u0131nda Paris Sazi\u015finin 6-c\u0131 madd\u0259si d\u0259\u00a0 tam t\u0259sdiqini tap\u0131b. \u015e\u00fcbh\u0259siz, bu, y\u00fcks\u0259k inteqrasiya olunmu\u015f karbon bazarlar\u0131 \u00fczr\u0259 dan\u0131\u015f\u0131qlar\u0131n onillik m\u00fcdd\u0259td\u0259n sonra ba\u015fa \u00e7atmas\u0131d\u0131r. Hans\u0131 ki, bu m\u0259s\u0259l\u0259 COP29 S\u0259drliyinin \u0259sas prioritetl\u0259rind\u0259n biri idi.\u00a0 Qeyd ed\u0259k ki, 6-c\u0131\u00a0 madd\u0259 iqliml\u0259 ba\u011fl\u0131 h\u0259d\u0259fl\u0259r\u0259 \u00e7atmaq m\u0259qs\u0259dil\u0259 \u0259m\u0259kda\u015fl\u0131q ed\u0259n \u00f6lk\u0259l\u0259r \u00fc\u00e7\u00fcn etibarl\u0131 v\u0259 \u015f\u0259ffaf karbon bazarlar\u0131 t\u0259min edir. Bu transs\u0259rh\u0259d \u0259m\u0259kda\u015fl\u0131q say\u0259sind\u0259 \u00f6lk\u0259l\u0259rin milli iqlim planlar\u0131n\u0131n (NDCs) h\u0259yata ke\u00e7irilm\u0259si x\u0259rcl\u0259rini ild\u0259 250 milyard dollara q\u0259d\u0259r azaldaca\u011f\u0131 g\u00f6zl\u0259nilir. \u0130qlim diplomatiyas\u0131nda \u0259n m\u00fcr\u0259kk\u0259b v\u0259 texniki probleml\u0259rd\u0259n birinin h\u0259lli say\u0131lan 6-c\u0131 madd\u0259 \u00fczr\u0259 raz\u0131l\u0131q k\u00f6m\u00fcr zavodlar\u0131n\u0131n istismardan \u00e7\u0131xar\u0131lmas\u0131, k\u00fcl\u0259k stansiyalar\u0131n\u0131n qurulmas\u0131 v\u0259 me\u015f\u0259l\u0259r\u0131n sal\u0131nmas\u0131n\u0131 \u0259hat\u0259 edir. M\u00fct\u0259x\u0259ssisl\u0259rin fikrinc\u0259, bu, inki\u015faf etm\u0259kd\u0259 olan d\u00fcnyada yeni investisiya dal\u011fas\u0131 dem\u0259kdir.<\/p>\n<p><strong>\u0130qlim d\u0259yi\u015fm\u0259l\u0259ri il\u0259 m\u00fcbariz\u0259d\u0259 d\u00f6n\u00fc\u015f n\u00f6qt\u0259si<\/strong><\/p>\n<p><strong><img src=\"https:\/\/ikisahil.az\/upload\/\/2024\/11\/23\/\/-585eb412173236945872435051010249707.jpeg\" alt=\"\" \/><\/strong><\/p>\n<p>B\u00fct\u00fcn bunlarla yana\u015f\u0131, COP29-un yekununda q\u0259bul olunan dig\u0259r q\u0259rarla Qlobal Adaptasiya H\u0259d\u0259fi s\u0259n\u0259di il\u0259 Bak\u0131 Adaptasiya Yol X\u0259rit\u0259si yarad\u0131ld\u0131. N\u00f6vb\u0259ti COP sessiyalar\u0131 \u00e7\u0259r\u00e7iv\u0259sind\u0259 adaptasiya \u00fczr\u0259 y\u00fcks\u0259k s\u0259viyy\u0259li Bak\u0131 dialoqu t\u0259\u015fkil edil\u0259c\u0259k. COP29-un q\u0259rar\u0131 il\u0259 10 illik Yenil\u0259nmi\u015f Gender \u00fczr\u0259 Lima \u0130\u015f Proqram\u0131 q\u0259bul olundu. Qeyd ed\u0259k ki, Proqram\u0131n q\u0259bulu \u00fczr\u0259 dan\u0131\u015f\u0131qlar uzun m\u00fcdd\u0259tdir ki, davam edirdi v\u0259 COP29 S\u0259drliyi n\u0259tic\u0259sind\u0259 s\u0259n\u0259d \u00fczr\u0259 raz\u0131l\u0131q bu iqlim sammiti \u00e7\u0259r\u00e7iv\u0259sind\u0259 \u0259ld\u0259 olundu.<\/p>\n<p>B\u00fct\u00fcn bunlar\u0131 analiz ed\u0259nd\u0259 a\u00e7\u0131q-ayd\u0131n g\u00f6r\u00fcn\u00fcr ki, COP29 m\u0259qs\u0259dl\u0259rin\u0259 \u00e7at\u0131b, Az\u0259rbaycan g\u0259l\u0259c\u0259k COP-lar\u0131n da u\u011furlu olmas\u0131 \u00fc\u00e7\u00fcn, \u0259g\u0259r bel\u0259 dem\u0259k m\u00fcmk\u00fcns\u0259, m\u00fcsb\u0259t presedent yarad\u0131b. M\u00fct\u0259x\u0259ssisl\u0259rin fikrinc\u0259, Bak\u0131da q\u0259bul olunan q\u0259rarlar qlobal iqlim d\u0259yi\u015fm\u0259l\u0259ri il\u0259 m\u00fcbariz\u0259d\u0259 d\u00f6n\u00fc\u015f n\u00f6qt\u0259si d\u0259 say\u0131la bil\u0259r. El\u0259 buna g\u00f6r\u0259 d\u0259 BMT-nin Ba\u015f katibi Antonio Quterre\u015fin b\u0259yanat\u0131nda bildirilib ki, COP29-da \u0259ld\u0259 olunan raz\u0131la\u015fma qlobal istil\u0259\u015fm\u0259ni 1,5\u00b0C-d\u0259 saxlamaq m\u0259qs\u0259dini qorumaq \u00fc\u00e7\u00fcn h\u0259yati \u0259h\u0259miyy\u0259t da\u015f\u0131y\u0131r. \u015e\u00fcbh\u0259siz, COP29-un yekununda q\u0259bul edil\u0259n q\u0259rarlar b\u0259\u015f\u0259riyy\u0259tin g\u0259l\u0259c\u0259yi \u00fc\u00e7\u00fcn m\u00fcst\u0259sna \u00f6n\u0259m da\u015f\u0131maqla b\u0259rab\u0259r \u00f6lk\u0259mizin liderlik qabiliyy\u0259tini v\u0259 beyn\u0259lxalq n\u00fcfuzunu bir daha n\u00fcmayi\u015f etdirdi.<\/p>\n<p><strong>Qvami M\u0259h\u0259bb\u0259to\u011flu,<em>\u00a0<\/em><\/strong><em>\u201c\u0130ki sahil\u201d<\/em><\/p>\n","protected":false},"excerpt":{"rendered":"<p>H\u0259l\u0259 BMT-nin \u0130qlim D\u0259yi\u015fm\u0259l\u0259ri \u00fczr\u0259 \u00c7\u0259r\u00e7iv\u0259 Konvensiyas\u0131n\u0131n T\u0259r\u0259fl\u0259r Konfrans\u0131n\u0131n 29-cu sessiyas\u0131 (COP29) \u0259r\u0259f\u0259sind\u0259 beyn\u0259lxalq al\u0259m AB\u015e-\u0131n, Avropa \u0130ttifaq\u0131n\u0131n (A\u0130) iqlim d\u0259yi\u015fm\u0259l\u0259ri il\u0259 \u0259laq\u0259dar yeni maliyy\u0259 h\u0259d\u0259finin m\u00fc\u0259yy\u0259n edilm\u0259m\u0259si \u00fc\u00e7\u00fcn s\u00fcni mane\u0259l\u0259r yaratmaq c\u0259hdl\u0259rinin \u015fahidi oldu. El\u0259 bu s\u0259b\u0259bd\u0259n Avropa Komissiyas\u0131n\u0131n Prezidenti Ursula fon der Lyayen, AB\u015e prezidenti, o c\u00fcml\u0259d\u0259n Fransa bu m\u00f6t\u0259b\u0259r t\u0259dbir\u0259 qat\u0131lmad\u0131lar. \u00dcst\u0259lik, Az\u0259rbaycan\u0131n COP29-a ev sahibliyi etm\u0259si il\u0259 ba\u011fl\u0131 qarayaxma kampaniyas\u0131nda f\u0259al i\u015ftirak etdil\u0259r. Bununla da d\u00fcnyan\u0131 c\u0259ngin\u0259 alan iqlim f\u0259sadlar\u0131na qar\u015f\u0131 bigan\u0259 olduqlar\u0131n\u0131, h\u0259m d\u0259 BMT-ni saymad\u0131qlar\u0131n\u0131 bir daha n\u00fcmayi\u015f etdirdil\u0259r.\u00a0 B\u00fct\u00fcn bu kimi laqeydlikl\u0259r azm\u0131\u015f&hellip;<\/p>\n","protected":false},"author":2,"featured_media":770950,"comment_status":"closed","ping_status":"closed","sticky":false,"template":"","format":"standard","meta":{"om_disable_all_campaigns":false,"_monsterinsights_skip_tracking":false,"_monsterinsights_sitenote_active":false,"_monsterinsights_sitenote_note":"","_monsterinsights_sitenote_category":0},"categories":[19],"tags":[],"aioseo_notices":[],"gutentor_comment":0,"rttpg_featured_image_url":{"full":["https:\/\/arantv.az\/wp-content\/uploads\/2024\/11\/68a15b52172778132934112929010655379.jpg",975,540,false],"landscape":["https:\/\/arantv.az\/wp-content\/uploads\/2024\/11\/68a15b52172778132934112929010655379.jpg",975,540,false],"portraits":["https:\/\/arantv.az\/wp-content\/uploads\/2024\/11\/68a15b52172778132934112929010655379.jpg",975,540,false],"thumbnail":["https:\/\/arantv.az\/wp-content\/uploads\/2024\/11\/68a15b52172778132934112929010655379-500x280.jpg",500,280,true],"medium":["https:\/\/arantv.az\/wp-content\/uploads\/2024\/11\/68a15b52172778132934112929010655379-660x365.jpg",660,365,true],"large":["https:\/\/arantv.az\/wp-content\/uploads\/2024\/11\/68a15b52172778132934112929010655379-840x465.jpg",640,354,true],"1536x1536":["https:\/\/arantv.az\/wp-content\/uploads\/2024\/11\/68a15b52172778132934112929010655379.jpg",975,540,false],"2048x2048":["https:\/\/arantv.az\/wp-content\/uploads\/2024\/11\/68a15b52172778132934112929010655379.jpg",975,540,false],"post-thumbnail":["https:\/\/arantv.az\/wp-content\/uploads\/2024\/11\/68a15b52172778132934112929010655379-240x172.jpg",240,172,true],"advps-thumb-one":["https:\/\/arantv.az\/wp-content\/uploads\/2024\/11\/68a15b52172778132934112929010655379.jpg",975,540,false]},"rttpg_author":{"display_name":"V\u00fcsal Rafiqo\u011flu","author_link":"https:\/\/arantv.az\/?author=2"},"rttpg_comment":0,"rttpg_category":"<a href=\"https:\/\/arantv.az\/?cat=19\" rel=\"category\">G\u00fcnd\u0259m<\/a>","rttpg_excerpt":"H\u0259l\u0259 BMT-nin \u0130qlim D\u0259yi\u015fm\u0259l\u0259ri \u00fczr\u0259 \u00c7\u0259r\u00e7iv\u0259 Konvensiyas\u0131n\u0131n T\u0259r\u0259fl\u0259r Konfrans\u0131n\u0131n 29-cu sessiyas\u0131 (COP29) \u0259r\u0259f\u0259sind\u0259 beyn\u0259lxalq al\u0259m AB\u015e-\u0131n, Avropa \u0130ttifaq\u0131n\u0131n (A\u0130) iqlim d\u0259yi\u015fm\u0259l\u0259ri il\u0259 \u0259laq\u0259dar yeni maliyy\u0259 h\u0259d\u0259finin m\u00fc\u0259yy\u0259n edilm\u0259m\u0259si \u00fc\u00e7\u00fcn s\u00fcni mane\u0259l\u0259r yaratmaq c\u0259hdl\u0259rinin \u015fahidi oldu. El\u0259 bu s\u0259b\u0259bd\u0259n Avropa Komissiyas\u0131n\u0131n Prezidenti Ursula fon der Lyayen, AB\u015e prezidenti, o c\u00fcml\u0259d\u0259n Fransa bu m\u00f6t\u0259b\u0259r t\u0259dbir\u0259 qat\u0131lmad\u0131lar. \u00dcst\u0259lik,&hellip;","_links":{"self":[{"href":"https:\/\/arantv.az\/index.php?rest_route=\/wp\/v2\/posts\/770949"}],"collection":[{"href":"https:\/\/arantv.az\/index.php?rest_route=\/wp\/v2\/posts"}],"about":[{"href":"https:\/\/arantv.az\/index.php?rest_route=\/wp\/v2\/types\/post"}],"author":[{"embeddable":true,"href":"https:\/\/arantv.az\/index.php?rest_route=\/wp\/v2\/users\/2"}],"replies":[{"embeddable":true,"href":"https:\/\/arantv.az\/index.php?rest_route=%2Fwp%2Fv2%2Fcomments&post=770949"}],"version-history":[{"count":1,"href":"https:\/\/arantv.az\/index.php?rest_route=\/wp\/v2\/posts\/770949\/revisions"}],"predecessor-version":[{"id":770951,"href":"https:\/\/arantv.az\/index.php?rest_route=\/wp\/v2\/posts\/770949\/revisions\/770951"}],"wp:featuredmedia":[{"embeddable":true,"href":"https:\/\/arantv.az\/index.php?rest_route=\/wp\/v2\/media\/770950"}],"wp:attachment":[{"href":"https:\/\/arantv.az\/index.php?rest_route=%2Fwp%2Fv2%2Fmedia&parent=770949"}],"wp:term":[{"taxonomy":"category","embeddable":true,"href":"https:\/\/arantv.az\/index.php?rest_route=%2Fwp%2Fv2%2Fcategories&post=770949"},{"taxonomy":"post_tag","embeddable":true,"href":"https:\/\/arantv.az\/index.php?rest_route=%2Fwp%2Fv2%2Ftags&post=770949"}],"curies":[{"name":"wp","href":"https:\/\/api.w.org\/{rel}","templated":true}]}}