{"id":771136,"date":"2024-11-25T18:32:14","date_gmt":"2024-11-25T14:32:14","guid":{"rendered":"https:\/\/arantv.az\/?p=771136"},"modified":"2024-11-25T18:32:14","modified_gmt":"2024-11-25T14:32:14","slug":"turkiy%c9%99d%c9%99n-yarasan-h%c9%99r%c9%99k%c9%99t-az%c9%99rbaycana-gor%c9%99-bunu-da-etdi","status":"publish","type":"post","link":"https:\/\/arantv.az\/?p=771136","title":{"rendered":"T\u00fcrkiy\u0259d\u0259n yara\u015fan h\u0259r\u0259k\u0259t \u2013 Az\u0259rbaycana g\u00f6r\u0259 bunu da etdi"},"content":{"rendered":"<p><strong>Yax\u015f\u0131 deyibl\u0259r, dostunu g\u00f6st\u0259r, deyim kims\u0259n. \u0130ndi biz\u0259 qon\u015fu kimi s\u0131r\u0131nm\u0131\u015f m\u0259lum nam\u0259rd toplum da. Kim erm\u0259ninin dost-havadar\u0131n\u0131n Az\u0259rbaycan\u0131n, T\u00fcrkiy\u0259nin d\u00fc\u015fm\u0259ni oldu\u011funa \u015f\u0259kk ed\u0259r ki?<\/strong><\/p>\n<p>G\u0259ldik m\u0259tl\u0259b \u00fcst\u00fcn\u0259.<\/p>\n<p>X\u0259b\u0259r gedib ki, T\u00fcrkiy\u0259 Az\u0259rbaycan \u0259leyhin\u0259 b\u00f6htan yazan kanadal\u0131 erm\u0259nip\u0259r\u0259st jurnalist Nil Haueri qarda\u015f \u00f6lk\u0259y\u0259 buraxmay\u0131b. M\u0259lumat\u0131 jurnalist \u00f6z\u00fcn\u00fcn sosial \u015f\u0259b\u0259k\u0259 hesab\u0131nda yaz\u0131b.<\/p>\n<p><img loading=\"lazy\" src=\"https:\/\/cdn.musavat.com\/news\/thumbnails\/469533135068e3c08371ae57639d159f.jpg\" alt=\"TURK SON.jpeg (173 KB)\" width=\"700\" height=\"467\" \/><\/p>\n<p>Onun s\u00f6zl\u0259rin\u0259 g\u00f6r\u0259, d\u00fcn\u0259n \u0130r\u0259vandan \u0130stanbula g\u0259lib, lakin ona \u201cqara siyah\u0131\u201dda oldu\u011fu bildirilib v\u0259 geriy\u0259, \u0130r\u0259vana qaytar\u0131l\u0131b. O, qada\u011fan\u0131n \u201cAz\u0259rbaycan\u0131 t\u0259nqid etm\u0259si v\u0259 Qaraba\u011fdak\u0131 hadis\u0259l\u0259rl\u0259 ba\u011fl\u0131 erm\u0259nip\u0259r\u0259st m\u00f6vqed\u0259n yaz\u0131lar payla\u015fmas\u0131 il\u0259 \u0259laq\u0259dar ola bil\u0259c\u0259yini\u201d istisna etm\u0259yib.<\/p>\n<p>Maraql\u0131d\u0131r ki, deportasiyadan c\u0259mi iki saat \u00f6nc\u0259 o, COP29-un Az\u0259rbaycanda ke\u00e7irilm\u0259sini t\u0259nqid ed\u0259n v\u0259 \u00f6lk\u0259mizi \u201cQaraba\u011fda etnik t\u0259mizl\u0259m\u0259l\u0259r aparmaqda\u201d su\u00e7layan payla\u015f\u0131m edib.<\/p>\n<p><em><strong>Daha n\u0259 g\u00f6zl\u0259yirdin ki? S\u0259ni g\u00fcl-\u00e7i\u00e7\u0259kl\u0259mi qar\u015f\u0131lamal\u0131 idil\u0259r? \u00dcst\u0259g\u0259l, T\u00fcrkiy\u0259y\u0259 m\u0259hz Erm\u0259nistandan ke\u00e7m\u0259k c\u0259hdi&#8230;<\/strong><\/em><\/p>\n<p>Ayd\u0131nd\u0131r ki, bu zat \u0130r\u0259vana Az\u0259rbaycan v\u0259 T\u00fcrkiy\u0259y\u0259 m\u00fcnasib\u0259td\u0259 xo\u015f niyy\u0259tl\u0259 s\u0259f\u0259r etm\u0259yib. \u00dcmumiyy\u0259tl\u0259, bil\u0259n bilir ki, Kanada az qala Fransa q\u0259d\u0259r iki qarda\u015f \u00f6lk\u0259y\u0259 d\u00fc\u015fm\u0259n k\u0259silmi\u015f bir d\u00f6vl\u0259tdir. Bunu 44 g\u00fcnl\u00fck m\u00fcharib\u0259 zaman\u0131 \u0259yani g\u00f6rd\u00fck.<\/p>\n<p>O vaxt, V\u0259t\u0259n m\u00fcharib\u0259sinin h\u0259lledici d\u00f6n\u0259mind\u0259 Kanada h\u00f6kum\u0259ti \u201cBayraktar\u201d\u0131n istehsal\u0131nda istifad\u0259 olunan yerli komponentl\u0259rin T\u00fcrkiy\u0259y\u0259 t\u0259dar\u00fck\u00fcn\u00fc yasaqlam\u0131\u015fd\u0131. Guya Az\u0259rbaycana veril\u0259n PUA-lar \u201ci\u015f\u011fal\u00e7\u0131 m\u00fcharib\u0259\u201dd\u0259 istifad\u0259 olunur. Halbuki a\u011f yalan idi. Az\u0259rbaycan yaln\u0131zca beyn\u0259lxalq s\u0259viyy\u0259d\u0259 tan\u0131nan \u00f6z \u0259razi b\u00fct\u00f6vl\u00fcy\u00fcn\u00fc h\u0259rbi yolla b\u0259rpa el\u0259m\u0259k, i\u015f\u011fal\u00e7\u0131lar\u0131 z\u0259r\u0259rsizl\u0259\u015fdirm\u0259kl\u0259 m\u0259\u015f\u011ful idi&#8230;<\/p>\n<p>\u018flb\u0259tt\u0259, qarda\u015f m\u0259ml\u0259k\u0259t qada\u011fan\u0131n \u00e7ar\u0259sini q\u0131sa zamanda tapm\u0131\u015f, \u201cbo\u015flu\u011fu\u201d \u00f6z\u00fc doldurmu\u015fdu. Y\u0259ni pislik \u00f6zl\u0259rin\u0259 qalm\u0131\u015fd\u0131.<\/p>\n<p>Qada\u011fa yaln\u0131z bu ilin yanvar\u0131nda g\u00f6t\u00fcr\u00fcld\u00fc. O da Ankaran\u0131n \u0130sve\u00e7in NATO-ya \u00fczvl\u00fcy\u00fcn\u00fc t\u0259sdiql\u0259m\u0259si qar\u015f\u0131l\u0131\u011f\u0131nda. Ottava habel\u0259 komponentl\u0259rd\u0259n PUA-larda istifad\u0259si il\u0259 ba\u011fl\u0131 T\u00fcrkiy\u0259d\u0259n daha \u00e7ox \u015f\u0259ffafl\u0131q (?!) t\u0259l\u0259b el\u0259mi\u015fdi&#8230;<\/p>\n<p>Biz h\u0259m\u00e7inin Kanadan\u0131n xarici i\u015fl\u0259r nazirinin vaxta\u015f\u0131r\u0131 Az\u0259rbaycan haqda s\u00f6yl\u0259diyi haqs\u0131z, c\u0259f\u0259ng, h\u0259t\u0259r\u0259n-p\u0259t\u0259r\u0259n a\u00e7\u0131qlamalar\u0131, absurd ittihamlar\u0131 unutmam\u0131\u015f\u0131q. El\u0259c\u0259 d\u0259 ba\u015fqa qit\u0259nin yegan\u0259 d\u00f6vl\u0259ti kimi \u00f6t\u0259n il onun Az\u0259rbaycanla s\u0259rh\u0259dd\u0259 iki ildir casus f\u0259aliyy\u0259ti m\u0259\u015f\u011ful olan Avropa Birliyinin missiyas\u0131na \u00f6z\u00fcn\u00fc d\u00fcrtm\u0259si fakt\u0131n\u0131.<\/p>\n<p><strong><em>Odur ki, t\u0259\u0259cc\u00fcbl\u00fc he\u00e7 n\u0259 yox. \u201cN\u0259 t\u00f6k\u0259rs\u0259n a\u015f\u0131na, o da \u00e7\u0131xar qa\u015f\u0131\u011f\u0131na\u201d&#8230;<\/em><\/strong><\/p>\n<p>M\u00fcmk\u00fcnd\u00fcr ki, kanadal\u0131 jurnalistin geri qovulmas\u0131nda \u0259lav\u0259 motiv olub. Amma \u015f\u00fcbh\u0259 yox ki, T\u00fcrkiy\u0259 bununla eyni zamanda, Erm\u0259nistana, erm\u0259ni c\u0259miyy\u0259tin\u0259 m\u00fch\u00fcm bir ismar\u0131\u015f g\u00f6nd\u0259rib: n\u0259 q\u0259d\u0259r ki, T\u00fcrkiy\u0259y\u0259 v\u0259 Az\u0259rbaycana d\u00fc\u015fm\u0259n m\u00fcnasib\u0259td\u0259 olacaqs\u0131z, kin-nifr\u0259t p\u00fcsk\u00fcr\u0259c\u0259k, d\u00fcnyada \u0259leyhimiz\u0259 \u015f\u0259r-b\u00f6htan kampaniyas\u0131 aparacaqs\u0131n\u0131z, h\u0259r yerd\u0259 aya\u011f\u0131m\u0131z\u0131n alt\u0131n\u0131 qaz\u0131yacaqs\u0131n\u0131z, \u00f6z\u00fcn\u00fcz\u00fcn t\u00f6r\u0259tdiyi b\u0259\u015f\u0259ri cinay\u0259tl\u0259ri h\u0259yas\u0131zcas\u0131na bizim ad\u0131m\u0131za yazacaqs\u0131n\u0131z, o vaxta q\u0259d\u0259r d\u0259 s\u0259rh\u0259dl\u0259rin a\u00e7\u0131lmas\u0131n\u0131, blokadan\u0131n g\u00f6t\u00fcr\u00fclm\u0259sini g\u00f6rm\u0259y\u0259c\u0259ksiz. H\u0259m siz, h\u0259m d\u0259 havadarlar\u0131n\u0131z.<\/p>\n<p>Qon\u015fusu il\u0259 bar\u0131\u015f\u0131q i\u00e7ind\u0259, dinc-yana\u015f\u0131 ya\u015famaq ist\u0259y\u0259n erm\u0259ni xalq\u0131, Erm\u0259nistan \u00f6nc\u0259 T\u00fcrk\u0259 nifr\u0259ti, b\u00f6htan\u0131 unutmal\u0131d\u0131r! Konstitusiyadan \u0259razi iddialar\u0131 il\u0259 ba\u011fl\u0131 istinadlar\u0131n \u00e7\u0131xar\u0131lmas\u0131 daxil, yerd\u0259 qalan dig\u0259r \u015f\u0259rtl\u0259r, t\u0259l\u0259bl\u0259r d\u0259 b\u0259lli&#8230;<\/p>\n<div class=\"news-author text-left\"><a href=\"https:\/\/musavat.com\/author\/zahid-seferoglu_2\"><img class=\"img-responsive img-author\" src=\"https:\/\/cdn.musavat.com\/authors\/thumbnails\/7dceba561e27f2296f5e82d34d1dd6bd.jpg\" \/>Zahid S\u018fF\u018fRO\u011eLU<\/a><\/div>\n","protected":false},"excerpt":{"rendered":"<p>Yax\u015f\u0131 deyibl\u0259r, dostunu g\u00f6st\u0259r, deyim kims\u0259n. \u0130ndi biz\u0259 qon\u015fu kimi s\u0131r\u0131nm\u0131\u015f m\u0259lum nam\u0259rd toplum da. Kim erm\u0259ninin dost-havadar\u0131n\u0131n Az\u0259rbaycan\u0131n, T\u00fcrkiy\u0259nin d\u00fc\u015fm\u0259ni oldu\u011funa \u015f\u0259kk ed\u0259r ki? G\u0259ldik m\u0259tl\u0259b \u00fcst\u00fcn\u0259. X\u0259b\u0259r gedib ki, T\u00fcrkiy\u0259 Az\u0259rbaycan \u0259leyhin\u0259 b\u00f6htan yazan kanadal\u0131 erm\u0259nip\u0259r\u0259st jurnalist Nil Haueri qarda\u015f \u00f6lk\u0259y\u0259 buraxmay\u0131b. M\u0259lumat\u0131 jurnalist \u00f6z\u00fcn\u00fcn sosial \u015f\u0259b\u0259k\u0259 hesab\u0131nda yaz\u0131b. Onun s\u00f6zl\u0259rin\u0259 g\u00f6r\u0259, d\u00fcn\u0259n \u0130r\u0259vandan \u0130stanbula g\u0259lib, lakin ona \u201cqara siyah\u0131\u201dda oldu\u011fu bildirilib v\u0259 geriy\u0259, \u0130r\u0259vana qaytar\u0131l\u0131b. O, qada\u011fan\u0131n \u201cAz\u0259rbaycan\u0131 t\u0259nqid etm\u0259si v\u0259 Qaraba\u011fdak\u0131 hadis\u0259l\u0259rl\u0259 ba\u011fl\u0131 erm\u0259nip\u0259r\u0259st m\u00f6vqed\u0259n yaz\u0131lar payla\u015fmas\u0131 il\u0259 \u0259laq\u0259dar ola bil\u0259c\u0259yini\u201d istisna etm\u0259yib. Maraql\u0131d\u0131r ki, deportasiyadan&hellip;<\/p>\n","protected":false},"author":2,"featured_media":771137,"comment_status":"closed","ping_status":"closed","sticky":false,"template":"","format":"standard","meta":{"om_disable_all_campaigns":false,"_monsterinsights_skip_tracking":false,"_monsterinsights_sitenote_active":false,"_monsterinsights_sitenote_note":"","_monsterinsights_sitenote_category":0},"categories":[19],"tags":[],"aioseo_notices":[],"gutentor_comment":0,"rttpg_featured_image_url":{"full":["https:\/\/arantv.az\/wp-content\/uploads\/2024\/11\/2a2a08d2a7110287c27dd644a5b8d305.jpg",674,500,false],"landscape":["https:\/\/arantv.az\/wp-content\/uploads\/2024\/11\/2a2a08d2a7110287c27dd644a5b8d305.jpg",674,500,false],"portraits":["https:\/\/arantv.az\/wp-content\/uploads\/2024\/11\/2a2a08d2a7110287c27dd644a5b8d305.jpg",674,500,false],"thumbnail":["https:\/\/arantv.az\/wp-content\/uploads\/2024\/11\/2a2a08d2a7110287c27dd644a5b8d305-500x280.jpg",500,280,true],"medium":["https:\/\/arantv.az\/wp-content\/uploads\/2024\/11\/2a2a08d2a7110287c27dd644a5b8d305-492x365.jpg",492,365,true],"large":["https:\/\/arantv.az\/wp-content\/uploads\/2024\/11\/2a2a08d2a7110287c27dd644a5b8d305.jpg",640,475,false],"1536x1536":["https:\/\/arantv.az\/wp-content\/uploads\/2024\/11\/2a2a08d2a7110287c27dd644a5b8d305.jpg",674,500,false],"2048x2048":["https:\/\/arantv.az\/wp-content\/uploads\/2024\/11\/2a2a08d2a7110287c27dd644a5b8d305.jpg",674,500,false],"post-thumbnail":["https:\/\/arantv.az\/wp-content\/uploads\/2024\/11\/2a2a08d2a7110287c27dd644a5b8d305-240x172.jpg",240,172,true],"advps-thumb-one":["https:\/\/arantv.az\/wp-content\/uploads\/2024\/11\/2a2a08d2a7110287c27dd644a5b8d305.jpg",674,500,false]},"rttpg_author":{"display_name":"V\u00fcsal Rafiqo\u011flu","author_link":"https:\/\/arantv.az\/?author=2"},"rttpg_comment":0,"rttpg_category":"<a href=\"https:\/\/arantv.az\/?cat=19\" rel=\"category\">G\u00fcnd\u0259m<\/a>","rttpg_excerpt":"Yax\u015f\u0131 deyibl\u0259r, dostunu g\u00f6st\u0259r, deyim kims\u0259n. \u0130ndi biz\u0259 qon\u015fu kimi s\u0131r\u0131nm\u0131\u015f m\u0259lum nam\u0259rd toplum da. Kim erm\u0259ninin dost-havadar\u0131n\u0131n Az\u0259rbaycan\u0131n, T\u00fcrkiy\u0259nin d\u00fc\u015fm\u0259ni oldu\u011funa \u015f\u0259kk ed\u0259r ki? G\u0259ldik m\u0259tl\u0259b \u00fcst\u00fcn\u0259. X\u0259b\u0259r gedib ki, T\u00fcrkiy\u0259 Az\u0259rbaycan \u0259leyhin\u0259 b\u00f6htan yazan kanadal\u0131 erm\u0259nip\u0259r\u0259st jurnalist Nil Haueri qarda\u015f \u00f6lk\u0259y\u0259 buraxmay\u0131b. M\u0259lumat\u0131 jurnalist \u00f6z\u00fcn\u00fcn sosial \u015f\u0259b\u0259k\u0259 hesab\u0131nda yaz\u0131b. Onun s\u00f6zl\u0259rin\u0259 g\u00f6r\u0259, d\u00fcn\u0259n&hellip;","_links":{"self":[{"href":"https:\/\/arantv.az\/index.php?rest_route=\/wp\/v2\/posts\/771136"}],"collection":[{"href":"https:\/\/arantv.az\/index.php?rest_route=\/wp\/v2\/posts"}],"about":[{"href":"https:\/\/arantv.az\/index.php?rest_route=\/wp\/v2\/types\/post"}],"author":[{"embeddable":true,"href":"https:\/\/arantv.az\/index.php?rest_route=\/wp\/v2\/users\/2"}],"replies":[{"embeddable":true,"href":"https:\/\/arantv.az\/index.php?rest_route=%2Fwp%2Fv2%2Fcomments&post=771136"}],"version-history":[{"count":2,"href":"https:\/\/arantv.az\/index.php?rest_route=\/wp\/v2\/posts\/771136\/revisions"}],"predecessor-version":[{"id":771139,"href":"https:\/\/arantv.az\/index.php?rest_route=\/wp\/v2\/posts\/771136\/revisions\/771139"}],"wp:featuredmedia":[{"embeddable":true,"href":"https:\/\/arantv.az\/index.php?rest_route=\/wp\/v2\/media\/771137"}],"wp:attachment":[{"href":"https:\/\/arantv.az\/index.php?rest_route=%2Fwp%2Fv2%2Fmedia&parent=771136"}],"wp:term":[{"taxonomy":"category","embeddable":true,"href":"https:\/\/arantv.az\/index.php?rest_route=%2Fwp%2Fv2%2Fcategories&post=771136"},{"taxonomy":"post_tag","embeddable":true,"href":"https:\/\/arantv.az\/index.php?rest_route=%2Fwp%2Fv2%2Ftags&post=771136"}],"curies":[{"name":"wp","href":"https:\/\/api.w.org\/{rel}","templated":true}]}}