{"id":771140,"date":"2024-11-25T18:33:39","date_gmt":"2024-11-25T14:33:39","guid":{"rendered":"https:\/\/arantv.az\/?p=771140"},"modified":"2024-11-25T18:33:39","modified_gmt":"2024-11-25T14:33:39","slug":"az%c9%99rbaycan-v%c9%99-iran-birg%c9%99-h%c9%99rbi-t%c9%99lim-kecirir-munasib%c9%99tl%c9%99r-normallasir","status":"publish","type":"post","link":"https:\/\/arantv.az\/?p=771140","title":{"rendered":"Az\u0259rbaycan v\u0259 \u0130ran birg\u0259 h\u0259rbi t\u0259lim ke\u00e7irir- M\u00fcnasib\u0259tl\u0259r normalla\u015f\u0131r?"},"content":{"rendered":"<p>\u0130ran\u0131n \u018frd\u0259bil vilay\u0259tinin Asland\u00fcz ya\u015fay\u0131\u015f m\u0259nt\u0259q\u0259si yax\u0131nl\u0131\u011f\u0131nda Az\u0259rbaycan Ordusu Quru Qo\u015funlar\u0131n\u0131n v\u0259 \u0130ran \u0130slam \u0130nqilab\u0131 Ke\u015fik\u00e7il\u0259ri Kopusunun (SEPAH) Quru Qo\u015funlar\u0131n\u0131n x\u00fcsusi t\u0259yinatl\u0131lar\u0131 il\u0259 &#8220;Araz &#8211; 2024&#8221; birg\u0259 taktiki t\u0259limi ke\u00e7irilir.<\/p>\n<p>M\u00f6vzu il\u0259 ba\u011fl\u0131\u00a0<a title=\"xeberler son xeberler 2024\" href=\"https:\/\/big.az\/\" target=\"_blank\" rel=\"noopener\">BiG.AZ<\/a>&#8211; a dan\u0131\u015fan politoloq Turan Rzayev bildirib ki, t\u0259liml\u0259rin ke\u00e7irilm\u0259sini m\u00fcnasib\u0259tl\u0259rin tam normalla\u015fmas\u0131 deyil, g\u0259rginliyin aradan qalxmas\u0131 v\u0259 sabitlik kimi \u015f\u0259rh etm\u0259k olar:<\/p>\n<div class=\"AdviadNativeVideo\"><\/div>\n<p>&#8220;Az\u0259rbaycan\u0131n \u0130ranla he\u00e7 bir problemi yoxdur. Bu g\u00fcn\u0259 q\u0259d\u0259r ba\u015f ver\u0259n g\u0259rginlikl\u0259rin \u0259sas s\u0259b\u0259bkar\u0131 r\u0259smi Tehrand\u0131r. \u0130ran ist\u0259r 44 g\u00fcnl\u00fck m\u00fcharib\u0259, ist\u0259r lokal xarakterli antirerror \u0259m\u0259liyyat\u0131, ist\u0259r dan\u0131\u015f\u0131qlar zaman\u0131 ancaq destruktiv m\u00f6vqe s\u0259rgil\u0259yib. Az\u0259rbaycan\u0131 t\u0259hdid, \u015fantaj etm\u0259kl\u0259 m\u0259\u015f\u011ful olub. Az\u0259rbaycan b\u00fct\u00fcn bunlara baxmayaraq, \u0130rana qar\u015f\u0131 t\u0259mkinli v\u0259 xo\u015f qon\u015fu m\u00fcnasib\u0259tind\u0259n ba\u015fqa bir \u015fey s\u0259rgil\u0259m\u0259yib. H\u0259tta \u0130ran \u0259halisinin \u0259ks\u0259riyy\u0259ti \u015fi\u0259 etiqad\u0131na aid olan Az\u0259rbaycan\u0131 yox, bir \u00e7ox hallarda Erm\u0259nistan\u0131 d\u0259st\u0259kl\u0259yib. Az\u0259rbaycan bu g\u00fcn\u0259 kimi h\u0259m din, h\u0259m qon\u015fuluq amilini \u0259sas g\u0259tir\u0259r\u0259k Q\u0259rbin \u0130rana qar\u015f\u0131 sanksiyas\u0131n\u0131n bir par\u00e7as\u0131 olmay\u0131b. \u0130srail \u00fc\u00e7\u00fcn n\u0259 hava m\u0259kan\u0131, n\u0259 \u0259razisind\u0259n istifad\u0259y\u0259 imkan verm\u0259yib. Amma \u0130ran t\u0259r\u0259fi h\u0259r d\u0259f\u0259 Az\u0259rbaycan\u0131 \u0130sraill\u0259 \u0259m\u0259kda\u015fl\u0131qda g\u00fcnahland\u0131r\u0131b. Halbuki \u00f6z\u00fc 44 g\u00fcnl\u00fck m\u00fcharib\u0259 zaman\u0131 Az\u0259rbaycana he\u00e7 bir yard\u0131m etm\u0259yib. \u0130srail Az\u0259rbaycanla siyasi, h\u0259rbi v\u0259 bir \u00e7ox sah\u0259d\u0259 \u0259m\u0259kda\u015fl\u0131q edir. O ki qald\u0131 m\u00f6vcud h\u0259rbi t\u0259liml\u0259r\u0259, \u0130ran Az\u0259rbaycana t\u0259zyiq yolu il\u0259 n\u0259s\u0259 etdirm\u0259y\u0259c\u0259yini ba\u015fa d\u00fc\u015fd\u00fc. Qar\u015f\u0131s\u0131nda 2000-ci ill\u0259rd\u0259ki kimi yox, real m\u00fcharib\u0259 g\u00f6rm\u00fc\u015f, beyn\u0259lxalq al\u0259md\u0259 n\u00fcfuzu olan, meqa layih\u0259l\u0259r icra ed\u0259n bir Az\u0259rbaycan var. Etdiyi t\u0259hdidl\u0259rin he\u00e7 bir n\u0259tic\u0259si olmad\u0131\u011f\u0131n\u0131 g\u00f6r\u00fcb uzla\u015fma yolunu se\u00e7ir.T\u0259liml\u0259rl\u0259 onu g\u00f6st\u0259rm\u0259y\u0259 \u00e7al\u0131\u015f\u0131r ki, Az\u0259rbaycanla \u0130ran aras\u0131nda he\u00e7 bir problem yoxdur. Biz \u0130ranla h\u0259r situasiyada dan\u0131\u015f\u0131qlara haz\u0131r\u0131q. T\u0259hdid ritorikas\u0131 olarsa, eyni qaydada cavab ver\u0259c\u0259yik. Az\u0259rbaycan regionda s\u00fclh, sabitlik v\u0259 inki\u015faf\u0131n olmas\u0131n\u0131 ist\u0259yir v\u0259 bu istiqam\u0259td\u0259 xarici siyas\u0259tini davam etdirir. Bu xarici siyas\u0259tin bir par\u00e7as\u0131 da \u0130ranla m\u00fcnasib\u0259tl\u0259rdir. Bizim iranla he\u00e7 bir problemimiz yoxfur. \u0130ran\u0131n da biziml\u0259 problemi olmad\u0131\u011f\u0131 t\u0259qdird\u0259 \u0259m\u0259kda\u015fl\u0131qlar v\u0259 t\u0259liml\u0259r ba\u015f tuta bil\u0259r. Tam olaraq m\u00fcnasib\u0259tl\u0259r normalla\u015fmay\u0131b. Son r\u0259ftarlardan sonra \u0130rana qar\u015f\u0131 h\u0259m ictimaiyy\u0259t, h\u0259m siyasi elita aras\u0131nda inams\u0131zl\u0131q var. Ona g\u00f6r\u0259 t\u0259liml\u0259ri m\u00fcnasib\u0259tl\u0259rin tam normalla\u015fmas\u0131 deyil, g\u0259rginliyin aradan qalxmas\u0131 v\u0259 sabitlik kimi \u015f\u0259rh etm\u0259k olar&#8221;.<\/p>\n","protected":false},"excerpt":{"rendered":"<p>\u0130ran\u0131n \u018frd\u0259bil vilay\u0259tinin Asland\u00fcz ya\u015fay\u0131\u015f m\u0259nt\u0259q\u0259si yax\u0131nl\u0131\u011f\u0131nda Az\u0259rbaycan Ordusu Quru Qo\u015funlar\u0131n\u0131n v\u0259 \u0130ran \u0130slam \u0130nqilab\u0131 Ke\u015fik\u00e7il\u0259ri Kopusunun (SEPAH) Quru Qo\u015funlar\u0131n\u0131n x\u00fcsusi t\u0259yinatl\u0131lar\u0131 il\u0259 &#8220;Araz &#8211; 2024&#8221; birg\u0259 taktiki t\u0259limi ke\u00e7irilir. M\u00f6vzu il\u0259 ba\u011fl\u0131\u00a0BiG.AZ&#8211; a dan\u0131\u015fan politoloq Turan Rzayev bildirib ki, t\u0259liml\u0259rin ke\u00e7irilm\u0259sini m\u00fcnasib\u0259tl\u0259rin tam normalla\u015fmas\u0131 deyil, g\u0259rginliyin aradan qalxmas\u0131 v\u0259 sabitlik kimi \u015f\u0259rh etm\u0259k olar: &#8220;Az\u0259rbaycan\u0131n \u0130ranla he\u00e7 bir problemi yoxdur. Bu g\u00fcn\u0259 q\u0259d\u0259r ba\u015f ver\u0259n g\u0259rginlikl\u0259rin \u0259sas s\u0259b\u0259bkar\u0131 r\u0259smi Tehrand\u0131r. \u0130ran ist\u0259r 44 g\u00fcnl\u00fck m\u00fcharib\u0259, ist\u0259r lokal xarakterli antirerror \u0259m\u0259liyyat\u0131, ist\u0259r dan\u0131\u015f\u0131qlar zaman\u0131 ancaq destruktiv m\u00f6vqe s\u0259rgil\u0259yib. Az\u0259rbaycan\u0131 t\u0259hdid,&hellip;<\/p>\n","protected":false},"author":2,"featured_media":771141,"comment_status":"closed","ping_status":"closed","sticky":false,"template":"","format":"standard","meta":{"om_disable_all_campaigns":false,"_monsterinsights_skip_tracking":false,"_monsterinsights_sitenote_active":false,"_monsterinsights_sitenote_note":"","_monsterinsights_sitenote_category":0},"categories":[19],"tags":[],"aioseo_notices":[],"gutentor_comment":0,"rttpg_featured_image_url":{"full":["https:\/\/arantv.az\/wp-content\/uploads\/2024\/11\/ir_81732539610.png",649,345,false],"landscape":["https:\/\/arantv.az\/wp-content\/uploads\/2024\/11\/ir_81732539610.png",649,345,false],"portraits":["https:\/\/arantv.az\/wp-content\/uploads\/2024\/11\/ir_81732539610.png",649,345,false],"thumbnail":["https:\/\/arantv.az\/wp-content\/uploads\/2024\/11\/ir_81732539610-500x280.png",500,280,true],"medium":["https:\/\/arantv.az\/wp-content\/uploads\/2024\/11\/ir_81732539610.png",649,345,false],"large":["https:\/\/arantv.az\/wp-content\/uploads\/2024\/11\/ir_81732539610.png",640,340,false],"1536x1536":["https:\/\/arantv.az\/wp-content\/uploads\/2024\/11\/ir_81732539610.png",649,345,false],"2048x2048":["https:\/\/arantv.az\/wp-content\/uploads\/2024\/11\/ir_81732539610.png",649,345,false],"post-thumbnail":["https:\/\/arantv.az\/wp-content\/uploads\/2024\/11\/ir_81732539610-240x172.png",240,172,true],"advps-thumb-one":["https:\/\/arantv.az\/wp-content\/uploads\/2024\/11\/ir_81732539610.png",649,345,false]},"rttpg_author":{"display_name":"V\u00fcsal Rafiqo\u011flu","author_link":"https:\/\/arantv.az\/?author=2"},"rttpg_comment":0,"rttpg_category":"<a href=\"https:\/\/arantv.az\/?cat=19\" rel=\"category\">G\u00fcnd\u0259m<\/a>","rttpg_excerpt":"\u0130ran\u0131n \u018frd\u0259bil vilay\u0259tinin Asland\u00fcz ya\u015fay\u0131\u015f m\u0259nt\u0259q\u0259si yax\u0131nl\u0131\u011f\u0131nda Az\u0259rbaycan Ordusu Quru Qo\u015funlar\u0131n\u0131n v\u0259 \u0130ran \u0130slam \u0130nqilab\u0131 Ke\u015fik\u00e7il\u0259ri Kopusunun (SEPAH) Quru Qo\u015funlar\u0131n\u0131n x\u00fcsusi t\u0259yinatl\u0131lar\u0131 il\u0259 &#8220;Araz &#8211; 2024&#8221; birg\u0259 taktiki t\u0259limi ke\u00e7irilir. M\u00f6vzu il\u0259 ba\u011fl\u0131\u00a0BiG.AZ&#8211; a dan\u0131\u015fan politoloq Turan Rzayev bildirib ki, t\u0259liml\u0259rin ke\u00e7irilm\u0259sini m\u00fcnasib\u0259tl\u0259rin tam normalla\u015fmas\u0131 deyil, g\u0259rginliyin aradan qalxmas\u0131 v\u0259 sabitlik kimi \u015f\u0259rh etm\u0259k olar:&hellip;","_links":{"self":[{"href":"https:\/\/arantv.az\/index.php?rest_route=\/wp\/v2\/posts\/771140"}],"collection":[{"href":"https:\/\/arantv.az\/index.php?rest_route=\/wp\/v2\/posts"}],"about":[{"href":"https:\/\/arantv.az\/index.php?rest_route=\/wp\/v2\/types\/post"}],"author":[{"embeddable":true,"href":"https:\/\/arantv.az\/index.php?rest_route=\/wp\/v2\/users\/2"}],"replies":[{"embeddable":true,"href":"https:\/\/arantv.az\/index.php?rest_route=%2Fwp%2Fv2%2Fcomments&post=771140"}],"version-history":[{"count":2,"href":"https:\/\/arantv.az\/index.php?rest_route=\/wp\/v2\/posts\/771140\/revisions"}],"predecessor-version":[{"id":771143,"href":"https:\/\/arantv.az\/index.php?rest_route=\/wp\/v2\/posts\/771140\/revisions\/771143"}],"wp:featuredmedia":[{"embeddable":true,"href":"https:\/\/arantv.az\/index.php?rest_route=\/wp\/v2\/media\/771141"}],"wp:attachment":[{"href":"https:\/\/arantv.az\/index.php?rest_route=%2Fwp%2Fv2%2Fmedia&parent=771140"}],"wp:term":[{"taxonomy":"category","embeddable":true,"href":"https:\/\/arantv.az\/index.php?rest_route=%2Fwp%2Fv2%2Fcategories&post=771140"},{"taxonomy":"post_tag","embeddable":true,"href":"https:\/\/arantv.az\/index.php?rest_route=%2Fwp%2Fv2%2Ftags&post=771140"}],"curies":[{"name":"wp","href":"https:\/\/api.w.org\/{rel}","templated":true}]}}