{"id":771151,"date":"2024-11-25T18:41:15","date_gmt":"2024-11-25T14:41:15","guid":{"rendered":"https:\/\/arantv.az\/?p=771151"},"modified":"2024-11-25T18:41:15","modified_gmt":"2024-11-25T14:41:15","slug":"olk%c9%99mizin-iqlim-diplomatiyasinda-uguru","status":"publish","type":"post","link":"https:\/\/arantv.az\/?p=771151","title":{"rendered":"\u00d6lk\u0259mizin iqlim diplomatiyas\u0131nda u\u011furu"},"content":{"rendered":"<p><em><strong>COP29-un Az\u0259rbaycanda ke\u00e7irilm\u0259si q\u0259rar\u0131 \u00f6lk\u0259mizin, d\u00f6vl\u0259timizin ba\u015f\u00e7\u0131s\u0131 \u0130lham \u018fliyevin n\u00f6vb\u0259ti tarixi u\u011furudur. Noyabr\u0131n 11-d\u0259 ba\u015flayan t\u0259dbird\u0259 ist\u0259r Mavi, ist\u0259rs\u0259 d\u0259 Ya\u015f\u0131l zonada m\u00fcxt\u0259lif t\u0259dbirl\u0259r ke\u00e7irildi, y\u00fcks\u0259ks\u0259viyy\u0259li n\u00fcmay\u0259nd\u0259 hey\u0259tl\u0259ri, ekspertl\u0259r, b\u00f6y\u00fck biznes t\u0259msil\u00e7il\u0259ri v\u0259 n\u00fcfuzlu media m\u0259nsublar\u0131 iki h\u0259ft\u0259 \u0259rzind\u0259 \u00f6lk\u0259mizd\u0259 \u0130qlim D\u0259yi\u015fm\u0259l\u0259ri \u00fczr\u0259 \u00c7\u0259r\u00e7iv\u0259 Konvensiyas\u0131n\u0131n aktual g\u00fcnd\u0259liyini m\u00fczakir\u0259 etdil\u0259r v\u0259 Az\u0259rbaycan\u0131n bu sah\u0259d\u0259 imza atd\u0131\u011f\u0131 nailiyy\u0259tl\u0259ri g\u00f6rd\u00fcl\u0259r.<\/strong><\/em><\/p>\n<p>&#8220;Ya\u015f\u0131l enerji&#8221; il\u0259 ba\u011fl\u0131 layih\u0259l\u0259r v\u0259 b\u0259rpaolunan enerjinin d\u00fcnya bazar\u0131na n\u0259qli d\u00f6vl\u0259timizin enerji siyas\u0259tind\u0259 prioritet sah\u0259l\u0259rd\u0259n biridir. Bu c\u00fcr y\u00fcks\u0259ks\u0259viyy\u0259li t\u0259dbirl\u0259r imkan verir ki, Az\u0259rbaycan\u0131n \u0259razi b\u00fct\u00f6vl\u00fcy\u00fcn\u00fcn v\u0259 suverenliyinin b\u0259rpas\u0131 il\u0259 ba\u011fl\u0131 yaratd\u0131\u011f\u0131 reall\u0131q t\u0259hrif edilm\u0259d\u0259n bir daha d\u00fcnya ictimaiyy\u0259tin\u0259 \u00e7atd\u0131r\u0131ls\u0131n v\u0259 geosiyasi maraqlar\u0131ndan as\u0131l\u0131 olmayaraq, h\u0259r k\u0259s g\u00f6rs\u00fcn ki, d\u00f6vl\u0259timizin b\u0259rpa etdiyi tarixi \u0259dal\u0259tin t\u0259m\u0259lind\u0259 beyn\u0259lxalq h\u00fcququn aliliyi dayan\u0131r.<\/p>\n<p>B\u0259\u015f\u0259riyy\u0259t iqlim d\u0259yi\u015fm\u0259l\u0259ri, t\u0259bi\u0259tin m\u0259hvi, havan\u0131n, suyun v\u0259 torpa\u011f\u0131n \u00e7irkl\u0259ndirilm\u0259si il\u0259 qar\u015f\u0131-qar\u015f\u0131yad\u0131r. Bu ekoloji f\u0259lak\u0259tl\u0259rin qar\u015f\u0131s\u0131n\u0131 almaq v\u0259 &#8220;ya\u015f\u0131l enerji&#8221;y\u0259 ke\u00e7idi t\u0259min etm\u0259k \u00fc\u00e7\u00fcn d\u00fcnya d\u00f6vl\u0259tl\u0259ri 12 g\u00fcn Bak\u0131da BMT-nin \u0130qlim D\u0259yi\u015fm\u0259l\u0259ri \u00fczr\u0259 \u00c7\u0259r\u00e7iv\u0259 Konvensiyas\u0131n\u0131n T\u0259r\u0259fl\u0259r Konfrans\u0131n\u0131n 29-cu sessiyas\u0131nda (COP29) f\u0259al \u015f\u0259kild\u0259 i\u015ftirak etdil\u0259r. Konfransda ekoloji f\u0259lak\u0259tl\u0259rin qar\u015f\u0131s\u0131n\u0131 almaq \u00fc\u00e7\u00fcn g\u0259l\u0259c\u0259k add\u0131mlar, yeni h\u0259d\u0259f v\u0259 mexanizml\u0259r m\u00fc\u0259yy\u0259nl\u0259\u015fdirildi, m\u00fch\u00fcm q\u0259rarlar q\u0259bul edildi.<\/p>\n<p>Az\u0259rbaycan Prezidenti \u0130lham \u018fliyevin noyabr\u0131n 24-d\u0259 sosial \u015f\u0259b\u0259k\u0259 hesablar\u0131nda \u201cCOP29 iqlim diplomatiyas\u0131nda d\u00f6n\u00fc\u015f n\u00f6qt\u0259sidir!\u201d s\u0259rl\u00f6vh\u0259si il\u0259 payla\u015f\u0131m\u0131nda qeyd edildiyi kimi \u201cAz\u0259rbaycan bir ild\u0259n az m\u00fcdd\u0259t \u0259vv\u0259l beyn\u0259lxalq ictimaiyy\u0259tin yekdil d\u0259st\u0259yi il\u0259 COP29-a ev sahibliyi etm\u0259kd\u0259n \u015f\u0259r\u0259f duydu. M\u00fcdd\u0259tin q\u0131sa olmas\u0131na baxmayaraq, Az\u0259rbaycan COP-un rahat v\u0259 y\u00fcks\u0259k s\u0259viyy\u0259d\u0259 ke\u00e7irilm\u0259si \u00fc\u00e7\u00fcn b\u00fct\u00fcn laz\u0131mi haz\u0131rl\u0131qlar\u0131 h\u0259yata ke\u00e7irm\u0259y\u0259 nail oldu. M\u00fcbali\u011f\u0259siz dey\u0259 bil\u0259rik ki, Bak\u0131 COP t\u0259dbiri \u0259n m\u00f6ht\u0259\u015f\u0259m COP-lardan biri kimi tarix\u0259 d\u00fc\u015f\u0259c\u0259k.Biz 80 d\u00f6vl\u0259t v\u0259 h\u00f6kum\u0259t ba\u015f\u00e7\u0131s\u0131n\u0131n, qeydiyyatdan ke\u00e7mi\u015f 76 mind\u0259n \u00e7ox i\u015ftirak\u00e7\u0131n\u0131n qat\u0131ld\u0131\u011f\u0131 COP29-un \u00e7ox yax\u015f\u0131 t\u0259\u015fkil olunmas\u0131 il\u0259 ba\u011fl\u0131 b\u00fct\u00fcn qonaqlardan y\u00fcks\u0259k qiym\u0259t almaqdan q\u00fcrur duyuruq\u201d<\/p>\n<p>\u018fvv\u0259lki COP sammitl\u0259rind\u0259 ya\u015fanan u\u011fursuzluqlar\u0131, icra olunmayan sazi\u015fl\u0259ri n\u0259z\u0259r\u0259 alaraq r\u0259smi Bak\u0131 COP29-a \u0259n y\u00fcks\u0259k s\u0259viyy\u0259d\u0259 haz\u0131rla\u015fd\u0131, b\u00fct\u00fcn t\u0259r\u0259fl\u0259rin maraqlar\u0131n\u0131 n\u0259z\u0259r\u0259 alan 14 t\u0259\u015f\u0259bb\u00fcs ir\u0259li s\u00fcrd\u00fc. Bu konsensuslar aras\u0131nda qaz\u0131nt\u0131 yanaca\u011f\u0131 hasil ed\u0259n \u00f6lk\u0259 v\u0259 \u015firk\u0259tl\u0259rin k\u00f6n\u00fcll\u00fc ian\u0259l\u0259ri il\u0259 kapitalla\u015fd\u0131r\u0131lan v\u0259 inki\u015faf etm\u0259kd\u0259 olan \u00f6lk\u0259l\u0259rd\u0259 t\u0259bii f\u0259lak\u0259tl\u0259rin n\u0259tic\u0259l\u0259rini q\u0131sa zamanda aradan qald\u0131rmaq m\u0259qs\u0259dil\u0259 y\u00fcks\u0259k g\u00fcz\u0259\u015ftli v\u0259 qrant \u0259sasl\u0131 maliyy\u0259l\u0259\u015fdirm\u0259 \u00fc\u00e7\u00fcn x\u00fcsusi imkanlara malik olacaq \u0130qlim Maliyy\u0259si \u00fczr\u0259 F\u0259aliyy\u0259t Fondunun (CFAF) yarad\u0131lmas\u0131 \u0259sas yer tutur. Bundan ba\u015fqa, Bak\u0131 T\u0259\u015f\u0259bb\u00fcs\u00fc (BICFIT) &#8220;ya\u015f\u0131l enerji&#8221;y\u0259 s\u0259rmay\u0259ni t\u0259\u015fviq ed\u0259c\u0259k \u00f6n\u0259mli platformad\u0131r.<\/p>\n<p>R\u0259smi Bak\u0131 COP29-a konkret iqlim g\u00fcnd\u0259liyi t\u0259qdim ed\u0259r\u0259k iqlim maliyy\u0259l\u0259\u015fm\u0259si, qlobal istiliyin f\u0259sadlar\u0131ndan daha \u00e7ox \u0259ziyy\u0259t \u00e7\u0259k\u0259n ki\u00e7ik ada d\u00f6vl\u0259tl\u0259ri v\u0259 inki\u015faf etm\u0259kd\u0259 olan \u00f6lk\u0259l\u0259r\u0259 maliyy\u0259 d\u0259st\u0259yinin yol x\u0259rit\u0259sini n\u00fcmayi\u015f etdirdi, d\u00f6vl\u0259t v\u0259 beyn\u0259lxalq institutlarla yana\u015f\u0131, \u00f6z\u0259l sektorun maliyy\u0259 m\u0259nb\u0259l\u0259rinin d\u0259 iqlim d\u0259yi\u015fm\u0259l\u0259ri il\u0259 m\u00fcbariz\u0259y\u0259 c\u0259lb olunmas\u0131 v\u0259 h\u0259min v\u0259saitl\u0259rin kas\u0131b \u00f6lk\u0259l\u0259r\u0259 daha g\u00fcz\u0259\u015ftli \u015f\u0259rtl\u0259rl\u0259 t\u0259qdim olunmas\u0131 t\u0259klifini ir\u0259li s\u00fcrd\u00fc.<\/p>\n<p>Eyni zamanda Bak\u0131 inki\u015faf etmi\u015f v\u0259 inki\u015faf etm\u0259kd\u0259 olan \u00f6lk\u0259l\u0259r aras\u0131nda b\u00fct\u00fcn spektrl\u0259r \u00fczr\u0259 u\u011furlu n\u0259tic\u0259l\u0259rin \u0259ld\u0259 olunmas\u0131, Paris \u0130qlim Sazi\u015finin b\u00fcn\u00f6vr\u0259si \u00fcz\u0259rind\u0259 d\u00fcnya birliyinin iqlim d\u0259yi\u015fm\u0259l\u0259ri v\u0259 &#8220;ya\u015f\u0131l enerji&#8221;y\u0259 ke\u00e7idl\u0259 ba\u011fl\u0131 daha ayd\u0131n v\u0259 effektiv t\u0259dbirl\u0259rin realla\u015fmas\u0131 \u00fc\u00e7\u00fcn t\u0259\u015f\u0259bb\u00fcs g\u00f6st\u0259rdi.<\/p>\n<p>Bak\u0131 Maliyy\u0259 M\u0259qs\u0259di \u0259h\u0259miyy\u0259tli art\u0131m n\u00fcmayi\u015f etdir\u0259r\u0259k 2035-ci il\u0259 q\u0259d\u0259r inki\u015faf etm\u0259kd\u0259 olan \u00f6lk\u0259l\u0259r\u0259 1,3 trilyon AB\u015e dollar\u0131 h\u0259cmind\u0259 iqlim maliyy\u0259sinin t\u0259min edilm\u0259si \u00fc\u00e7\u00fcn yeni qlobal h\u0259d\u0259f qoyur. Buraya \u0259vv\u0259lki 100 milyard AB\u015e dollar\u0131 h\u0259cmind\u0259 h\u0259d\u0259fi \u00fc\u00e7 d\u0259f\u0259 \u00fcst\u0259l\u0259y\u0259n 300 milyard AB\u015e dollar\u0131 h\u0259cmind\u0259 yeni \u0259sas maliyy\u0259 h\u0259d\u0259fi daxildir.Az\u0259rbaycan\u0131n COP29 S\u0259drliyi olaraq apard\u0131\u011f\u0131 intensiv \u00e7oxt\u0259r\u0259fli diplomatiya n\u0259tic\u0259sind\u0259 Bak\u0131 Maliyy\u0259 M\u0259qs\u0259di v\u0259 BMT karbon bazarlar\u0131 \u00fczr\u0259 \u0259ld\u0259 edilmi\u015f ir\u0259lil\u0259yi\u015fl\u0259r g\u00f6zl\u0259ntil\u0259ri \u00fcst\u0259l\u0259di. Bu, COP29 S\u0259drliyi t\u0259r\u0259find\u0259n 48 saatl\u0131q intensiv diplomatik f\u0259aliyy\u0259tin n\u0259tic\u0259sidir. Burada az inki\u015faf etmi\u015f \u00f6lk\u0259l\u0259ri v\u0259 inki\u015faf etm\u0259kd\u0259 olan ki\u00e7ik ada d\u00f6vl\u0259tl\u0259rini d\u0259st\u0259kl\u0259m\u0259y\u0259 x\u00fcsusi diqq\u0259t yetirilir. Bu s\u0259n\u0259dd\u0259 \u0259l\u00e7atanl\u0131q v\u0259 \u015f\u0259ffafl\u0131q haqq\u0131nda m\u00fcdd\u0259alar da \u0259ksini tap\u0131b.<\/p>\n<p>COP29 \u00e7\u0259r\u00e7iv\u0259sind\u0259 n\u00f6vb\u0259ti maliyy\u0259 h\u0259d\u0259fi m\u00fc\u0259yy\u0259n olundu. T\u0259bii ki, Az\u0259rbaycan\u0131n bu konfransda \u0259sas m\u0259qs\u0259di m\u00fczakir\u0259 olunan iqlim d\u0259yi\u015fm\u0259l\u0259ri v\u0259 &#8220;ya\u015f\u0131l enerji&#8221;y\u0259 ke\u00e7id \u00fc\u00e7\u00fcn yeni maliyy\u0259 h\u0259d\u0259finin m\u00fc\u0259yy\u0259n edilm\u0259si idi. Yeni maliyy\u0259 h\u0259d\u0259finin Bak\u0131da ke\u00e7iril\u0259n iqlim konfrans\u0131nda m\u00fc\u0259yy\u0259n olunmas\u0131 v\u0259 bunun yekun B\u0259yannam\u0259d\u0259 \u0259ksini tapmas\u0131 il\u0259 \u00f6lk\u0259mizin beyn\u0259lxalq arenada n\u00fcfuzu v\u0259 q\u00fcdr\u0259ti daha da y\u00fcks\u0259l\u0259c\u0259k. M\u0259hz COP29-un \u0259ld\u0259 etdiyi \u0259sas n\u0259tic\u0259 budur. COP i\u015ftirak\u00e7\u0131s\u0131 olan \u00f6lk\u0259l\u0259r t\u0259dbir\u0259 bu amalla qat\u0131ld\u0131lar, konkret t\u0259klif v\u0259 q\u0259rarla g\u0259ldil\u0259r, yeni maliyy\u0259 h\u0259d\u0259finin m\u00fc\u0259yy\u0259nl\u0259\u015fm\u0259sin\u0259 \u00f6z t\u00f6hf\u0259l\u0259rini verdil\u0259r. Maliyy\u0259 fondlar\u0131 v\u0259 donorlar da bu m\u0259s\u0259l\u0259d\u0259 aktiv idil\u0259r.<\/p>\n<p>Bel\u0259likl\u0259, r\u0259smi Bak\u0131 COP29-un iqlim maliyy\u0259l\u0259\u015fm\u0259si v\u0259 g\u0259l\u0259c\u0259k f\u0259aliyy\u0259t plan\u0131 il\u0259 ba\u011fl\u0131 b\u00fct\u00fcn t\u0259r\u0259fl\u0259rd\u0259 ayd\u0131n t\u0259s\u0259vv\u00fcr yaratd\u0131, \u00fcz\u0259rin\u0259 d\u00fc\u015f\u0259n missiyan\u0131 \u00e7ox y\u00fcks\u0259k s\u0259viyy\u0259d\u0259 yerin\u0259 yetirdi.<\/p>\n<p><img src=\"https:\/\/ikisahil.az\/upload\/\/2022\/11\/04\/\/-df0e09d6166753660685957461710761132.jpeg\" alt=\"\" \/><\/p>\n<p><strong>\u0130srafil K\u0259rimov,<\/strong><br \/>\n<em>Az\u0259rbaycan Jurnalistl\u0259r Birliyinin \u00fczv\u00fc<\/em><\/p>\n","protected":false},"excerpt":{"rendered":"<p>COP29-un Az\u0259rbaycanda ke\u00e7irilm\u0259si q\u0259rar\u0131 \u00f6lk\u0259mizin, d\u00f6vl\u0259timizin ba\u015f\u00e7\u0131s\u0131 \u0130lham \u018fliyevin n\u00f6vb\u0259ti tarixi u\u011furudur. Noyabr\u0131n 11-d\u0259 ba\u015flayan t\u0259dbird\u0259 ist\u0259r Mavi, ist\u0259rs\u0259 d\u0259 Ya\u015f\u0131l zonada m\u00fcxt\u0259lif t\u0259dbirl\u0259r ke\u00e7irildi, y\u00fcks\u0259ks\u0259viyy\u0259li n\u00fcmay\u0259nd\u0259 hey\u0259tl\u0259ri, ekspertl\u0259r, b\u00f6y\u00fck biznes t\u0259msil\u00e7il\u0259ri v\u0259 n\u00fcfuzlu media m\u0259nsublar\u0131 iki h\u0259ft\u0259 \u0259rzind\u0259 \u00f6lk\u0259mizd\u0259 \u0130qlim D\u0259yi\u015fm\u0259l\u0259ri \u00fczr\u0259 \u00c7\u0259r\u00e7iv\u0259 Konvensiyas\u0131n\u0131n aktual g\u00fcnd\u0259liyini m\u00fczakir\u0259 etdil\u0259r v\u0259 Az\u0259rbaycan\u0131n bu sah\u0259d\u0259 imza atd\u0131\u011f\u0131 nailiyy\u0259tl\u0259ri g\u00f6rd\u00fcl\u0259r. &#8220;Ya\u015f\u0131l enerji&#8221; il\u0259 ba\u011fl\u0131 layih\u0259l\u0259r v\u0259 b\u0259rpaolunan enerjinin d\u00fcnya bazar\u0131na n\u0259qli d\u00f6vl\u0259timizin enerji siyas\u0259tind\u0259 prioritet sah\u0259l\u0259rd\u0259n biridir. Bu c\u00fcr y\u00fcks\u0259ks\u0259viyy\u0259li t\u0259dbirl\u0259r imkan verir ki, Az\u0259rbaycan\u0131n \u0259razi b\u00fct\u00f6vl\u00fcy\u00fcn\u00fcn v\u0259 suverenliyinin b\u0259rpas\u0131 il\u0259 ba\u011fl\u0131 yaratd\u0131\u011f\u0131&hellip;<\/p>\n","protected":false},"author":2,"featured_media":771152,"comment_status":"closed","ping_status":"closed","sticky":false,"template":"","format":"standard","meta":{"om_disable_all_campaigns":false,"_monsterinsights_skip_tracking":false,"_monsterinsights_sitenote_active":false,"_monsterinsights_sitenote_note":"","_monsterinsights_sitenote_category":0},"categories":[19],"tags":[],"aioseo_notices":[],"gutentor_comment":0,"rttpg_featured_image_url":{"full":["https:\/\/arantv.az\/wp-content\/uploads\/2024\/11\/9c8661be173254512241302691810281525.jpg",975,540,false],"landscape":["https:\/\/arantv.az\/wp-content\/uploads\/2024\/11\/9c8661be173254512241302691810281525.jpg",975,540,false],"portraits":["https:\/\/arantv.az\/wp-content\/uploads\/2024\/11\/9c8661be173254512241302691810281525.jpg",975,540,false],"thumbnail":["https:\/\/arantv.az\/wp-content\/uploads\/2024\/11\/9c8661be173254512241302691810281525-500x280.jpg",500,280,true],"medium":["https:\/\/arantv.az\/wp-content\/uploads\/2024\/11\/9c8661be173254512241302691810281525-660x365.jpg",660,365,true],"large":["https:\/\/arantv.az\/wp-content\/uploads\/2024\/11\/9c8661be173254512241302691810281525-840x465.jpg",640,354,true],"1536x1536":["https:\/\/arantv.az\/wp-content\/uploads\/2024\/11\/9c8661be173254512241302691810281525.jpg",975,540,false],"2048x2048":["https:\/\/arantv.az\/wp-content\/uploads\/2024\/11\/9c8661be173254512241302691810281525.jpg",975,540,false],"post-thumbnail":["https:\/\/arantv.az\/wp-content\/uploads\/2024\/11\/9c8661be173254512241302691810281525-240x172.jpg",240,172,true],"advps-thumb-one":["https:\/\/arantv.az\/wp-content\/uploads\/2024\/11\/9c8661be173254512241302691810281525.jpg",975,540,false]},"rttpg_author":{"display_name":"V\u00fcsal Rafiqo\u011flu","author_link":"https:\/\/arantv.az\/?author=2"},"rttpg_comment":0,"rttpg_category":"<a href=\"https:\/\/arantv.az\/?cat=19\" rel=\"category\">G\u00fcnd\u0259m<\/a>","rttpg_excerpt":"COP29-un Az\u0259rbaycanda ke\u00e7irilm\u0259si q\u0259rar\u0131 \u00f6lk\u0259mizin, d\u00f6vl\u0259timizin ba\u015f\u00e7\u0131s\u0131 \u0130lham \u018fliyevin n\u00f6vb\u0259ti tarixi u\u011furudur. Noyabr\u0131n 11-d\u0259 ba\u015flayan t\u0259dbird\u0259 ist\u0259r Mavi, ist\u0259rs\u0259 d\u0259 Ya\u015f\u0131l zonada m\u00fcxt\u0259lif t\u0259dbirl\u0259r ke\u00e7irildi, y\u00fcks\u0259ks\u0259viyy\u0259li n\u00fcmay\u0259nd\u0259 hey\u0259tl\u0259ri, ekspertl\u0259r, b\u00f6y\u00fck biznes t\u0259msil\u00e7il\u0259ri v\u0259 n\u00fcfuzlu media m\u0259nsublar\u0131 iki h\u0259ft\u0259 \u0259rzind\u0259 \u00f6lk\u0259mizd\u0259 \u0130qlim D\u0259yi\u015fm\u0259l\u0259ri \u00fczr\u0259 \u00c7\u0259r\u00e7iv\u0259 Konvensiyas\u0131n\u0131n aktual g\u00fcnd\u0259liyini m\u00fczakir\u0259 etdil\u0259r v\u0259 Az\u0259rbaycan\u0131n bu sah\u0259d\u0259 imza atd\u0131\u011f\u0131&hellip;","_links":{"self":[{"href":"https:\/\/arantv.az\/index.php?rest_route=\/wp\/v2\/posts\/771151"}],"collection":[{"href":"https:\/\/arantv.az\/index.php?rest_route=\/wp\/v2\/posts"}],"about":[{"href":"https:\/\/arantv.az\/index.php?rest_route=\/wp\/v2\/types\/post"}],"author":[{"embeddable":true,"href":"https:\/\/arantv.az\/index.php?rest_route=\/wp\/v2\/users\/2"}],"replies":[{"embeddable":true,"href":"https:\/\/arantv.az\/index.php?rest_route=%2Fwp%2Fv2%2Fcomments&post=771151"}],"version-history":[{"count":1,"href":"https:\/\/arantv.az\/index.php?rest_route=\/wp\/v2\/posts\/771151\/revisions"}],"predecessor-version":[{"id":771153,"href":"https:\/\/arantv.az\/index.php?rest_route=\/wp\/v2\/posts\/771151\/revisions\/771153"}],"wp:featuredmedia":[{"embeddable":true,"href":"https:\/\/arantv.az\/index.php?rest_route=\/wp\/v2\/media\/771152"}],"wp:attachment":[{"href":"https:\/\/arantv.az\/index.php?rest_route=%2Fwp%2Fv2%2Fmedia&parent=771151"}],"wp:term":[{"taxonomy":"category","embeddable":true,"href":"https:\/\/arantv.az\/index.php?rest_route=%2Fwp%2Fv2%2Fcategories&post=771151"},{"taxonomy":"post_tag","embeddable":true,"href":"https:\/\/arantv.az\/index.php?rest_route=%2Fwp%2Fv2%2Ftags&post=771151"}],"curies":[{"name":"wp","href":"https:\/\/api.w.org\/{rel}","templated":true}]}}