{"id":771158,"date":"2024-11-25T20:34:56","date_gmt":"2024-11-25T16:34:56","guid":{"rendered":"https:\/\/arantv.az\/?p=771158"},"modified":"2024-11-25T20:34:56","modified_gmt":"2024-11-25T16:34:56","slug":"almaniya-896-az%c9%99rbaycan-v%c9%99t%c9%99ndasinin-siginacaq-ist%c9%99yini-r%c9%99dd-etdi","status":"publish","type":"post","link":"https:\/\/arantv.az\/?p=771158","title":{"rendered":"Almaniya 896 Az\u0259rbaycan v\u0259t\u0259nda\u015f\u0131n\u0131n s\u0131\u011f\u0131nacaq ist\u0259yini r\u0259dd etdi"},"content":{"rendered":"<p><strong>Bu ilin 9 ay\u0131 \u0259rzind\u0259 1183 Az\u0259rbaycan Respublikas\u0131 v\u0259t\u0259nda\u015f\u0131 Almaniyaya g\u0259l\u0259r\u0259k s\u0131\u011f\u0131nacaq ist\u0259yib.<\/strong><\/p>\n<p><b>ARANTV.AZ <\/b>x\u0259b\u0259r verir ki, bu bar\u0259d\u0259 Almaniyada ya\u015fayan jurnalist F\u0259rahim \u0130lqaro\u011flu Almaniya Miqrasiya v\u0259 Qa\u00e7q\u0131nlarla i\u015f \u00fczr\u0259 Federal \u0130dar\u0259sin\u0259 (BAMF) istinad\u0259n m\u0259lumat payla\u015f\u0131b.<\/p>\n<p>M\u0259lumatda qeyd olunur ki, s\u00f6z\u00fcged\u0259n d\u00f6vrd\u0259 \u00fcmumilikd\u0259 1417 Az\u0259rbaycan v\u0259t\u0259nda\u015f\u0131n\u0131n i\u015fin\u0259 bax\u0131l\u0131b. Onlardan yaln\u0131z 23 n\u0259f\u0259r qa\u00e7q\u0131n kimi tan\u0131naraq, Almaniyada ya\u015famaq icaz\u0259si al\u0131b. 461 i\u015f \u00fczr\u0259 prosessual tamamlamalar bar\u0259d\u0259 q\u0259rar q\u0259bul edilib.<\/p>\n<p>Federal idar\u0259d\u0259n bildirilib ki, yanvar-sentyabr aylar\u0131 \u0259rzind\u0259 \u00fcmumilikd\u0259 896 Az\u0259rbaycan v\u0259t\u0259nda\u015f\u0131n\u0131n m\u00fcraci\u0259ti r\u0259dd edilib. 5 n\u0259f\u0259r\u0259 is\u0259, ail\u0259 birl\u0259\u015fm\u0259si \u0259sas\u0131nda Almaniyada ya\u015famaq icaz\u0259si verilib. 9 n\u0259f\u0259r bar\u0259sind\u0259 veril\u0259n deportasiya q\u0259rar\u0131 g\u00f6t\u00fcr\u00fcl\u00fcb.<\/p>\n<p>BAMF-\u0131n m\u0259lumat\u0131nda qeyd olunur ki, bu ilin oktyabr ay\u0131nda xarici \u00f6lk\u0259 v\u0259t\u0259nda\u015flar\u0131 t\u0259r\u0259find\u0259n Federal \u0130dar\u0259y\u0259 (BAMF) 19,785 ilkin s\u0131\u011f\u0131nacaq m\u00fcraci\u0259ti daxil olub. \u0130dar\u0259 \u00fcmumilikd\u0259 253,970-d\u0259n \u00e7ox s\u0131\u011f\u0131nacaq proseduru haqq\u0131nda q\u0259rar q\u0259bul edib. Bu da, \u00f6t\u0259n ilin eyni d\u00f6vr\u00fc il\u0259 m\u00fcqayis\u0259d\u0259 25.2 % azalma dem\u0259kdir.<\/p>\n","protected":false},"excerpt":{"rendered":"<p>Bu ilin 9 ay\u0131 \u0259rzind\u0259 1183 Az\u0259rbaycan Respublikas\u0131 v\u0259t\u0259nda\u015f\u0131 Almaniyaya g\u0259l\u0259r\u0259k s\u0131\u011f\u0131nacaq ist\u0259yib. ARANTV.AZ x\u0259b\u0259r verir ki, bu bar\u0259d\u0259 Almaniyada ya\u015fayan jurnalist F\u0259rahim \u0130lqaro\u011flu Almaniya Miqrasiya v\u0259 Qa\u00e7q\u0131nlarla i\u015f \u00fczr\u0259 Federal \u0130dar\u0259sin\u0259 (BAMF) istinad\u0259n m\u0259lumat payla\u015f\u0131b. M\u0259lumatda qeyd olunur ki, s\u00f6z\u00fcged\u0259n d\u00f6vrd\u0259 \u00fcmumilikd\u0259 1417 Az\u0259rbaycan v\u0259t\u0259nda\u015f\u0131n\u0131n i\u015fin\u0259 bax\u0131l\u0131b. Onlardan yaln\u0131z 23 n\u0259f\u0259r qa\u00e7q\u0131n kimi tan\u0131naraq, Almaniyada ya\u015famaq icaz\u0259si al\u0131b. 461 i\u015f \u00fczr\u0259 prosessual tamamlamalar bar\u0259d\u0259 q\u0259rar q\u0259bul edilib. Federal idar\u0259d\u0259n bildirilib ki, yanvar-sentyabr aylar\u0131 \u0259rzind\u0259 \u00fcmumilikd\u0259 896 Az\u0259rbaycan v\u0259t\u0259nda\u015f\u0131n\u0131n m\u00fcraci\u0259ti r\u0259dd edilib. 5 n\u0259f\u0259r\u0259 is\u0259, ail\u0259 birl\u0259\u015fm\u0259si \u0259sas\u0131nda Almaniyada ya\u015famaq&hellip;<\/p>\n","protected":false},"author":2,"featured_media":771159,"comment_status":"closed","ping_status":"closed","sticky":false,"template":"","format":"standard","meta":{"om_disable_all_campaigns":false,"_monsterinsights_skip_tracking":false,"_monsterinsights_sitenote_active":false,"_monsterinsights_sitenote_note":"","_monsterinsights_sitenote_category":0},"categories":[19],"tags":[],"aioseo_notices":[],"gutentor_comment":0,"rttpg_featured_image_url":{"full":["https:\/\/arantv.az\/wp-content\/uploads\/2024\/11\/f28125b6373cab82dc1eb0d5225d527c.jpg",870,500,false],"landscape":["https:\/\/arantv.az\/wp-content\/uploads\/2024\/11\/f28125b6373cab82dc1eb0d5225d527c.jpg",870,500,false],"portraits":["https:\/\/arantv.az\/wp-content\/uploads\/2024\/11\/f28125b6373cab82dc1eb0d5225d527c.jpg",870,500,false],"thumbnail":["https:\/\/arantv.az\/wp-content\/uploads\/2024\/11\/f28125b6373cab82dc1eb0d5225d527c-500x280.jpg",500,280,true],"medium":["https:\/\/arantv.az\/wp-content\/uploads\/2024\/11\/f28125b6373cab82dc1eb0d5225d527c-635x365.jpg",635,365,true],"large":["https:\/\/arantv.az\/wp-content\/uploads\/2024\/11\/f28125b6373cab82dc1eb0d5225d527c-840x483.jpg",640,368,true],"1536x1536":["https:\/\/arantv.az\/wp-content\/uploads\/2024\/11\/f28125b6373cab82dc1eb0d5225d527c.jpg",870,500,false],"2048x2048":["https:\/\/arantv.az\/wp-content\/uploads\/2024\/11\/f28125b6373cab82dc1eb0d5225d527c.jpg",870,500,false],"post-thumbnail":["https:\/\/arantv.az\/wp-content\/uploads\/2024\/11\/f28125b6373cab82dc1eb0d5225d527c-240x172.jpg",240,172,true],"advps-thumb-one":["https:\/\/arantv.az\/wp-content\/uploads\/2024\/11\/f28125b6373cab82dc1eb0d5225d527c.jpg",870,500,false]},"rttpg_author":{"display_name":"V\u00fcsal Rafiqo\u011flu","author_link":"https:\/\/arantv.az\/?author=2"},"rttpg_comment":0,"rttpg_category":"<a href=\"https:\/\/arantv.az\/?cat=19\" rel=\"category\">G\u00fcnd\u0259m<\/a>","rttpg_excerpt":"Bu ilin 9 ay\u0131 \u0259rzind\u0259 1183 Az\u0259rbaycan Respublikas\u0131 v\u0259t\u0259nda\u015f\u0131 Almaniyaya g\u0259l\u0259r\u0259k s\u0131\u011f\u0131nacaq ist\u0259yib. ARANTV.AZ x\u0259b\u0259r verir ki, bu bar\u0259d\u0259 Almaniyada ya\u015fayan jurnalist F\u0259rahim \u0130lqaro\u011flu Almaniya Miqrasiya v\u0259 Qa\u00e7q\u0131nlarla i\u015f \u00fczr\u0259 Federal \u0130dar\u0259sin\u0259 (BAMF) istinad\u0259n m\u0259lumat payla\u015f\u0131b. M\u0259lumatda qeyd olunur ki, s\u00f6z\u00fcged\u0259n d\u00f6vrd\u0259 \u00fcmumilikd\u0259 1417 Az\u0259rbaycan v\u0259t\u0259nda\u015f\u0131n\u0131n i\u015fin\u0259 bax\u0131l\u0131b. Onlardan yaln\u0131z 23 n\u0259f\u0259r qa\u00e7q\u0131n kimi tan\u0131naraq,&hellip;","_links":{"self":[{"href":"https:\/\/arantv.az\/index.php?rest_route=\/wp\/v2\/posts\/771158"}],"collection":[{"href":"https:\/\/arantv.az\/index.php?rest_route=\/wp\/v2\/posts"}],"about":[{"href":"https:\/\/arantv.az\/index.php?rest_route=\/wp\/v2\/types\/post"}],"author":[{"embeddable":true,"href":"https:\/\/arantv.az\/index.php?rest_route=\/wp\/v2\/users\/2"}],"replies":[{"embeddable":true,"href":"https:\/\/arantv.az\/index.php?rest_route=%2Fwp%2Fv2%2Fcomments&post=771158"}],"version-history":[{"count":1,"href":"https:\/\/arantv.az\/index.php?rest_route=\/wp\/v2\/posts\/771158\/revisions"}],"predecessor-version":[{"id":771160,"href":"https:\/\/arantv.az\/index.php?rest_route=\/wp\/v2\/posts\/771158\/revisions\/771160"}],"wp:featuredmedia":[{"embeddable":true,"href":"https:\/\/arantv.az\/index.php?rest_route=\/wp\/v2\/media\/771159"}],"wp:attachment":[{"href":"https:\/\/arantv.az\/index.php?rest_route=%2Fwp%2Fv2%2Fmedia&parent=771158"}],"wp:term":[{"taxonomy":"category","embeddable":true,"href":"https:\/\/arantv.az\/index.php?rest_route=%2Fwp%2Fv2%2Fcategories&post=771158"},{"taxonomy":"post_tag","embeddable":true,"href":"https:\/\/arantv.az\/index.php?rest_route=%2Fwp%2Fv2%2Ftags&post=771158"}],"curies":[{"name":"wp","href":"https:\/\/api.w.org\/{rel}","templated":true}]}}