{"id":771176,"date":"2024-11-25T20:40:44","date_gmt":"2024-11-25T16:40:44","guid":{"rendered":"https:\/\/arantv.az\/?p=771176"},"modified":"2024-11-25T20:40:44","modified_gmt":"2024-11-25T16:40:44","slug":"bakida-nato-numay%c9%99nd%c9%99-hey%c9%99ti-il%c9%99-gorus-kecirilib","status":"publish","type":"post","link":"https:\/\/arantv.az\/?p=771176","title":{"rendered":"Bak\u0131da NATO n\u00fcmay\u0259nd\u0259 hey\u0259ti il\u0259 g\u00f6r\u00fc\u015f ke\u00e7irilib"},"content":{"rendered":"<p><strong>Az\u0259rbaycan\u0131n NATO-nun S\u00fclh Namin\u0259 T\u0259r\u0259fda\u015fl\u0131q Proqram\u0131na qo\u015fulmas\u0131n\u0131n 30 illiyin\u0259 h\u0259sr olunmu\u015f elmi-praktik konfrans \u00e7\u0259r\u00e7iv\u0259sind\u0259 Alyans\u0131n Ba\u015f Katibinin \u0259m\u0259liyyatlar \u00fczr\u0259 k\u00f6m\u0259k\u00e7isinin m\u00fcavini xan\u0131m Burcu San\u0131n r\u0259hb\u0259rlik etdiyi n\u00fcmay\u0259nd\u0259 hey\u0259ti \u00f6lk\u0259miz\u0259 s\u0259f\u0259r edib.<\/strong><\/p>\n<p>Bu bar\u0259d\u0259\u00a0<strong>Musavat.com<\/strong>-a M\u00fcdafi\u0259 Nazirliyind\u0259n m\u0259lumat verilib.<\/p>\n<p>Beyn\u0259lxalq H\u0259rbi \u018fm\u0259kda\u015fl\u0131q \u0130dar\u0259sinin r\u0259isi polkovnik El\u00e7in Abdullayev NATO n\u00fcmay\u0259nd\u0259 hey\u0259ti il\u0259 g\u00f6r\u00fc\u015f\u00fcb.<\/p>\n<p>G\u00f6r\u00fc\u015fd\u0259 NATO il\u0259 \u0259m\u0259kda\u015fl\u0131\u011f\u0131n \u0259sas h\u00fcquqi bazas\u0131 hesab olunan \u201cF\u0259rdi uy\u011funla\u015fd\u0131r\u0131lm\u0131\u015f t\u0259r\u0259fda\u015fl\u0131q proqram\u0131\u201d (ITPP) layih\u0259sind\u0259 g\u00f6st\u0259ril\u0259n \u00f6hd\u0259likl\u0259rin icras\u0131 il\u0259 ba\u011fl\u0131 cari v\u0259ziyy\u0259t v\u0259 beyn\u0259lxalq t\u0259hl\u00fck\u0259sizlik missiyalar\u0131nda h\u0259rbi qulluq\u00e7ular\u0131m\u0131z\u0131n i\u015ftirak\u0131 bar\u0259d\u0259 dan\u0131\u015f\u0131l\u0131b.<\/p>\n<p>H\u0259m\u00e7inin Az\u0259rbaycan Ordusu t\u0259r\u0259find\u0259n NATO-nun \u018fm\u0259liyyat \u0130mkanlar\u0131 Konsepsiyas\u0131 (\u018f\u0130K) Ortaq Q\u00fcvv\u0259l\u0259r Birliyin\u0259 b\u0259yan edilmi\u015f m\u00fcxt\u0259lif qo\u015fun n\u00f6vl\u0259ri b\u00f6lm\u0259l\u0259rinin haz\u0131rl\u0131\u011f\u0131, T\u0259r\u0259fda\u015fl\u0131\u011f\u0131n Q\u0259rargah V\u0259zif\u0259si Konsepsiyas\u0131 \u00e7\u0259r\u00e7iv\u0259sind\u0259 Alyans\u0131n m\u00fcxt\u0259lif q\u0259rargah v\u0259 strukturlar\u0131nda xidm\u0259t ed\u0259n h\u0259rbi qulluq\u00e7ular\u0131m\u0131z\u0131n t\u00f6hf\u0259l\u0259ri bar\u0259d\u0259 m\u00fczakir\u0259l\u0259r apar\u0131l\u0131b.<\/p>\n<p>Az\u0259rbaycan Respublikas\u0131n\u0131n NATO yan\u0131nda N\u00fcmay\u0259nd\u0259liyinin ba\u015f\u00e7\u0131s\u0131 c\u0259nab C\u0259f\u0259r H\u00fcseynzad\u0259nin d\u0259 i\u015ftirak etdiyi g\u00f6r\u00fc\u015f zaman\u0131 \u00f6lk\u0259mizin NATO-nun etibarl\u0131 t\u0259r\u0259fda\u015f\u0131 oldu\u011fu x\u00fcsusi vur\u011fulan\u0131b v\u0259 \u0259m\u0259kda\u015fl\u0131\u011f\u0131n g\u0259l\u0259c\u0259k perspektivl\u0259ri bar\u0259d\u0259 \u0259trafl\u0131 fikir m\u00fcbadil\u0259si apar\u0131l\u0131b.<\/p>\n","protected":false},"excerpt":{"rendered":"<p>Az\u0259rbaycan\u0131n NATO-nun S\u00fclh Namin\u0259 T\u0259r\u0259fda\u015fl\u0131q Proqram\u0131na qo\u015fulmas\u0131n\u0131n 30 illiyin\u0259 h\u0259sr olunmu\u015f elmi-praktik konfrans \u00e7\u0259r\u00e7iv\u0259sind\u0259 Alyans\u0131n Ba\u015f Katibinin \u0259m\u0259liyyatlar \u00fczr\u0259 k\u00f6m\u0259k\u00e7isinin m\u00fcavini xan\u0131m Burcu San\u0131n r\u0259hb\u0259rlik etdiyi n\u00fcmay\u0259nd\u0259 hey\u0259ti \u00f6lk\u0259miz\u0259 s\u0259f\u0259r edib. Bu bar\u0259d\u0259\u00a0Musavat.com-a M\u00fcdafi\u0259 Nazirliyind\u0259n m\u0259lumat verilib. Beyn\u0259lxalq H\u0259rbi \u018fm\u0259kda\u015fl\u0131q \u0130dar\u0259sinin r\u0259isi polkovnik El\u00e7in Abdullayev NATO n\u00fcmay\u0259nd\u0259 hey\u0259ti il\u0259 g\u00f6r\u00fc\u015f\u00fcb. G\u00f6r\u00fc\u015fd\u0259 NATO il\u0259 \u0259m\u0259kda\u015fl\u0131\u011f\u0131n \u0259sas h\u00fcquqi bazas\u0131 hesab olunan \u201cF\u0259rdi uy\u011funla\u015fd\u0131r\u0131lm\u0131\u015f t\u0259r\u0259fda\u015fl\u0131q proqram\u0131\u201d (ITPP) layih\u0259sind\u0259 g\u00f6st\u0259ril\u0259n \u00f6hd\u0259likl\u0259rin icras\u0131 il\u0259 ba\u011fl\u0131 cari v\u0259ziyy\u0259t v\u0259 beyn\u0259lxalq t\u0259hl\u00fck\u0259sizlik missiyalar\u0131nda h\u0259rbi qulluq\u00e7ular\u0131m\u0131z\u0131n i\u015ftirak\u0131 bar\u0259d\u0259 dan\u0131\u015f\u0131l\u0131b. H\u0259m\u00e7inin Az\u0259rbaycan Ordusu t\u0259r\u0259find\u0259n NATO-nun \u018fm\u0259liyyat \u0130mkanlar\u0131 Konsepsiyas\u0131 (\u018f\u0130K)&hellip;<\/p>\n","protected":false},"author":2,"featured_media":771177,"comment_status":"closed","ping_status":"closed","sticky":false,"template":"","format":"standard","meta":{"om_disable_all_campaigns":false,"_monsterinsights_skip_tracking":false,"_monsterinsights_sitenote_active":false,"_monsterinsights_sitenote_note":"","_monsterinsights_sitenote_category":0},"categories":[10],"tags":[],"aioseo_notices":[],"gutentor_comment":0,"rttpg_featured_image_url":{"full":["https:\/\/arantv.az\/wp-content\/uploads\/2024\/11\/ba843782d457116ceaf7e42c101e8b85.jpg",850,500,false],"landscape":["https:\/\/arantv.az\/wp-content\/uploads\/2024\/11\/ba843782d457116ceaf7e42c101e8b85.jpg",850,500,false],"portraits":["https:\/\/arantv.az\/wp-content\/uploads\/2024\/11\/ba843782d457116ceaf7e42c101e8b85.jpg",850,500,false],"thumbnail":["https:\/\/arantv.az\/wp-content\/uploads\/2024\/11\/ba843782d457116ceaf7e42c101e8b85-500x280.jpg",500,280,true],"medium":["https:\/\/arantv.az\/wp-content\/uploads\/2024\/11\/ba843782d457116ceaf7e42c101e8b85-621x365.jpg",621,365,true],"large":["https:\/\/arantv.az\/wp-content\/uploads\/2024\/11\/ba843782d457116ceaf7e42c101e8b85-840x494.jpg",640,376,true],"1536x1536":["https:\/\/arantv.az\/wp-content\/uploads\/2024\/11\/ba843782d457116ceaf7e42c101e8b85.jpg",850,500,false],"2048x2048":["https:\/\/arantv.az\/wp-content\/uploads\/2024\/11\/ba843782d457116ceaf7e42c101e8b85.jpg",850,500,false],"post-thumbnail":["https:\/\/arantv.az\/wp-content\/uploads\/2024\/11\/ba843782d457116ceaf7e42c101e8b85-240x172.jpg",240,172,true],"advps-thumb-one":["https:\/\/arantv.az\/wp-content\/uploads\/2024\/11\/ba843782d457116ceaf7e42c101e8b85.jpg",850,500,false]},"rttpg_author":{"display_name":"V\u00fcsal Rafiqo\u011flu","author_link":"https:\/\/arantv.az\/?author=2"},"rttpg_comment":0,"rttpg_category":"<a href=\"https:\/\/arantv.az\/?cat=10\" rel=\"category\">C\u0259bh\u0259d\u0259n X\u0259b\u0259r<\/a>","rttpg_excerpt":"Az\u0259rbaycan\u0131n NATO-nun S\u00fclh Namin\u0259 T\u0259r\u0259fda\u015fl\u0131q Proqram\u0131na qo\u015fulmas\u0131n\u0131n 30 illiyin\u0259 h\u0259sr olunmu\u015f elmi-praktik konfrans \u00e7\u0259r\u00e7iv\u0259sind\u0259 Alyans\u0131n Ba\u015f Katibinin \u0259m\u0259liyyatlar \u00fczr\u0259 k\u00f6m\u0259k\u00e7isinin m\u00fcavini xan\u0131m Burcu San\u0131n r\u0259hb\u0259rlik etdiyi n\u00fcmay\u0259nd\u0259 hey\u0259ti \u00f6lk\u0259miz\u0259 s\u0259f\u0259r edib. Bu bar\u0259d\u0259\u00a0Musavat.com-a M\u00fcdafi\u0259 Nazirliyind\u0259n m\u0259lumat verilib. Beyn\u0259lxalq H\u0259rbi \u018fm\u0259kda\u015fl\u0131q \u0130dar\u0259sinin r\u0259isi polkovnik El\u00e7in Abdullayev NATO n\u00fcmay\u0259nd\u0259 hey\u0259ti il\u0259 g\u00f6r\u00fc\u015f\u00fcb. G\u00f6r\u00fc\u015fd\u0259 NATO il\u0259 \u0259m\u0259kda\u015fl\u0131\u011f\u0131n \u0259sas&hellip;","_links":{"self":[{"href":"https:\/\/arantv.az\/index.php?rest_route=\/wp\/v2\/posts\/771176"}],"collection":[{"href":"https:\/\/arantv.az\/index.php?rest_route=\/wp\/v2\/posts"}],"about":[{"href":"https:\/\/arantv.az\/index.php?rest_route=\/wp\/v2\/types\/post"}],"author":[{"embeddable":true,"href":"https:\/\/arantv.az\/index.php?rest_route=\/wp\/v2\/users\/2"}],"replies":[{"embeddable":true,"href":"https:\/\/arantv.az\/index.php?rest_route=%2Fwp%2Fv2%2Fcomments&post=771176"}],"version-history":[{"count":1,"href":"https:\/\/arantv.az\/index.php?rest_route=\/wp\/v2\/posts\/771176\/revisions"}],"predecessor-version":[{"id":771178,"href":"https:\/\/arantv.az\/index.php?rest_route=\/wp\/v2\/posts\/771176\/revisions\/771178"}],"wp:featuredmedia":[{"embeddable":true,"href":"https:\/\/arantv.az\/index.php?rest_route=\/wp\/v2\/media\/771177"}],"wp:attachment":[{"href":"https:\/\/arantv.az\/index.php?rest_route=%2Fwp%2Fv2%2Fmedia&parent=771176"}],"wp:term":[{"taxonomy":"category","embeddable":true,"href":"https:\/\/arantv.az\/index.php?rest_route=%2Fwp%2Fv2%2Fcategories&post=771176"},{"taxonomy":"post_tag","embeddable":true,"href":"https:\/\/arantv.az\/index.php?rest_route=%2Fwp%2Fv2%2Ftags&post=771176"}],"curies":[{"name":"wp","href":"https:\/\/api.w.org\/{rel}","templated":true}]}}