{"id":771182,"date":"2024-11-25T20:42:54","date_gmt":"2024-11-25T16:42:54","guid":{"rendered":"https:\/\/arantv.az\/?p=771182"},"modified":"2024-11-25T20:42:54","modified_gmt":"2024-11-25T16:42:54","slug":"bakida-taksi-surucusu-motosikleti-sixisdirdi-turkiy%c9%99li-g%c9%99nc-yixilib-oldu-anbaan-goruntul%c9%99r","status":"publish","type":"post","link":"https:\/\/arantv.az\/?p=771182","title":{"rendered":"Bak\u0131da taksi s\u00fcr\u00fcc\u00fcs\u00fc motosikleti s\u0131x\u0131\u015fd\u0131rd\u0131, t\u00fcrkiy\u0259li g\u0259nc y\u0131x\u0131l\u0131b \u00f6ld\u00fc &#8211; Anbaan g\u00f6r\u00fcnt\u00fcl\u0259r"},"content":{"rendered":"<div class=\"text-content\" data-id=\"\" data-url=\"\">\n<p>Bak\u0131n\u0131n Yasamal rayonunda ba\u015f ver\u0259n a\u011f\u0131r yol-n\u0259qliyyat hadis\u0259si n\u0259tic\u0259sind\u0259 T\u00fcrkiy\u0259 v\u0259t\u0259nda\u015f\u0131, 19 ya\u015fl\u0131 Furkan Halval\u0131 d\u00fcnyas\u0131n\u0131 d\u0259yi\u015fib.<\/p>\n<p>Videog\u00f6r\u00fcnt\u00fcd\u0259 a\u011f r\u0259ngli taksi avtomobilinin motosiklet s\u00fcr\u00fcc\u00fcs\u00fcn\u00fc s\u0131x\u0131\u015fd\u0131raraq a\u015f\u0131rd\u0131\u011f\u0131 v\u0259 g\u0259ncin y\u0131x\u0131lan zaman ba\u015f\u0131n\u0131n bord\u00fcr\u0259 d\u0259ydiyi \u0259ks olunub. Bildirilib ki, y\u0131x\u0131lan g\u0259nc h\u0259yat\u0131n\u0131 itirib.<\/p>\n<p>M\u0259s\u0259l\u0259 il\u0259 ba\u011fl\u0131 Daxili i\u015fl\u0259r Nazirliyinin (D\u0130N) M\u0259tbuat Xidm\u0259tinin b\u00f6lm\u0259 r\u0259isi Nurlan \u018fliyev oxu.az-\u0131n sor\u011fusuna cavab olaraq bildirib ki, hadis\u0259 noyabr\u0131n 8-d\u0259 paytaxt\u0131n Yasamal rayonu \u0259razisind\u0259 qeyd\u0259 al\u0131n\u0131b.<\/p>\n<p>&#8220;T\u00fcrkiy\u0259 Respublikas\u0131 v\u0259t\u0259nda\u015f\u0131 Furkan Halval\u0131n\u0131n motosiklet q\u0259zas\u0131nda h\u0259yat\u0131n\u0131 itirm\u0259si fakt\u0131na g\u00f6r\u0259 ba\u015flanan cinay\u0259t i\u015fi n\u0259zar\u0259t\u0259 g\u00f6t\u00fcr\u00fcl\u00fcb. Haz\u0131rda cinay\u0259t i\u015fi \u00fczr\u0259 Yasamal Rayon Polis \u0130dar\u0259sind\u0259 istintaq h\u0259r\u0259k\u0259tl\u0259ri apar\u0131l\u0131r, i\u015f \u00fczr\u0259 ekspertizalar t\u0259yin olunub. Ara\u015fd\u0131rman\u0131n n\u0259tic\u0259sin\u0259 \u0259sas\u0259n qanunvericiliy\u0259 uy\u011fun q\u0259rar q\u0259bul edil\u0259c\u0259k&#8221;, &#8211; dey\u0259 a\u00e7\u0131qlamada bildirilir.<\/p>\n<p>M\u0259rhum Furkan Halval\u0131n\u0131n anas\u0131 Kezban Halval\u0131 a\u00e7\u0131qlamas\u0131nda bildirib ki, protokollarda hadis\u0259ni t\u00f6r\u0259d\u0259n avtomobill\u0259 \u0259laq\u0259li he\u00e7 bir \u015fey yoxdur.<\/p>\n<p>&#8220;\u018flimizd\u0259 olan videog\u00f6r\u00fcnt\u00fcd\u0259n d\u0259 hadis\u0259nin \u00f6zba\u015f\u0131na yox, &#8220;Bolt&#8221; \u015firk\u0259tin\u0259 m\u0259xsus taksi t\u0259r\u0259find\u0259n t\u00f6r\u0259dildiyi a\u00e7\u0131q-a\u015fkar g\u00f6r\u00fcn\u00fcr. G\u00f6r\u00fcnt\u00fcd\u0259 is\u0259 q\u0259za an\u0131n\u0131 g\u00f6r\u00fcr\u00fck, q\u0259za \u00f6nc\u0259sini, t\u0259\u0259ss\u00fcf ki, g\u00f6rm\u00fcr\u00fck. Hadis\u0259nin niy\u0259 ba\u015f verm\u0259si haqq\u0131nda he\u00e7 bir m\u0259lumat\u0131m\u0131z yoxdur. \u015e\u00fcbh\u0259 i\u00e7ind\u0259yik. B\u0259lk\u0259 h\u0259min insan onu izl\u0259yib, b\u0259lk\u0259 d\u0259 yolda hans\u0131sa m\u00fcnaqi\u015f\u0259 ya\u015fay\u0131blar. O\u011flumun ya\u015fad\u0131\u011f\u0131 evl\u0259 hadis\u0259 ba\u015f ver\u0259n yerin aras\u0131 c\u0259mi \u00fc\u00e7 d\u0259qiq\u0259lik m\u0259saf\u0259 var. N\u0259 ba\u015f veribs\u0259, bu aral\u0131qda ba\u015f verib. Ya\u015fad\u0131\u011f\u0131m\u0131z bu \u00e7\u0259tin anlara r\u0259\u011fm\u0259n Az\u0259rbaycan\u0131n \u0259dal\u0259tin\u0259 g\u00fcv\u0259nm\u0259k ist\u0259yirik. Bizim \u00f6vlad\u0131m\u0131z getdi, g\u0259lm\u0259z, ist\u0259yimiz g\u00fcnahkar\u0131n c\u0259zas\u0131n\u0131 \u00e7\u0259km\u0259sidir&#8221;, &#8211; dey\u0259 K.Halval\u0131 bildirib.<\/p>\n<p><strong>Milli.Az<\/strong><\/p>\n<p><iframe loading=\"lazy\" src=\"https:\/\/newstube.az\/embed\/175404\" width=\"670\" height=\"400\" frameborder=\"0\" allowfullscreen=\"allowfullscreen\" data-mce-fragment=\"1\"><\/iframe><\/p>\n<\/div>\n<div><\/div>\n<div><\/div>\n<div class=\"inner-social-box\">\n<div class=\"subs-in-social subs-whatsapp\"><\/div>\n<\/div>\n","protected":false},"excerpt":{"rendered":"<p>Bak\u0131n\u0131n Yasamal rayonunda ba\u015f ver\u0259n a\u011f\u0131r yol-n\u0259qliyyat hadis\u0259si n\u0259tic\u0259sind\u0259 T\u00fcrkiy\u0259 v\u0259t\u0259nda\u015f\u0131, 19 ya\u015fl\u0131 Furkan Halval\u0131 d\u00fcnyas\u0131n\u0131 d\u0259yi\u015fib. Videog\u00f6r\u00fcnt\u00fcd\u0259 a\u011f r\u0259ngli taksi avtomobilinin motosiklet s\u00fcr\u00fcc\u00fcs\u00fcn\u00fc s\u0131x\u0131\u015fd\u0131raraq a\u015f\u0131rd\u0131\u011f\u0131 v\u0259 g\u0259ncin y\u0131x\u0131lan zaman ba\u015f\u0131n\u0131n bord\u00fcr\u0259 d\u0259ydiyi \u0259ks olunub. Bildirilib ki, y\u0131x\u0131lan g\u0259nc h\u0259yat\u0131n\u0131 itirib. M\u0259s\u0259l\u0259 il\u0259 ba\u011fl\u0131 Daxili i\u015fl\u0259r Nazirliyinin (D\u0130N) M\u0259tbuat Xidm\u0259tinin b\u00f6lm\u0259 r\u0259isi Nurlan \u018fliyev oxu.az-\u0131n sor\u011fusuna cavab olaraq bildirib ki, hadis\u0259 noyabr\u0131n 8-d\u0259 paytaxt\u0131n Yasamal rayonu \u0259razisind\u0259 qeyd\u0259 al\u0131n\u0131b. &#8220;T\u00fcrkiy\u0259 Respublikas\u0131 v\u0259t\u0259nda\u015f\u0131 Furkan Halval\u0131n\u0131n motosiklet q\u0259zas\u0131nda h\u0259yat\u0131n\u0131 itirm\u0259si fakt\u0131na g\u00f6r\u0259 ba\u015flanan cinay\u0259t i\u015fi n\u0259zar\u0259t\u0259 g\u00f6t\u00fcr\u00fcl\u00fcb. Haz\u0131rda cinay\u0259t i\u015fi \u00fczr\u0259 Yasamal&hellip;<\/p>\n","protected":false},"author":2,"featured_media":771183,"comment_status":"closed","ping_status":"closed","sticky":false,"template":"","format":"standard","meta":{"om_disable_all_campaigns":false,"_monsterinsights_skip_tracking":false,"_monsterinsights_sitenote_active":false,"_monsterinsights_sitenote_note":"","_monsterinsights_sitenote_category":0},"categories":[5],"tags":[],"aioseo_notices":[],"gutentor_comment":0,"rttpg_featured_image_url":{"full":["https:\/\/arantv.az\/wp-content\/uploads\/2024\/11\/a6f4f8292572118b4fadf2924a236250.jpg",870,500,false],"landscape":["https:\/\/arantv.az\/wp-content\/uploads\/2024\/11\/a6f4f8292572118b4fadf2924a236250.jpg",870,500,false],"portraits":["https:\/\/arantv.az\/wp-content\/uploads\/2024\/11\/a6f4f8292572118b4fadf2924a236250.jpg",870,500,false],"thumbnail":["https:\/\/arantv.az\/wp-content\/uploads\/2024\/11\/a6f4f8292572118b4fadf2924a236250-500x280.jpg",500,280,true],"medium":["https:\/\/arantv.az\/wp-content\/uploads\/2024\/11\/a6f4f8292572118b4fadf2924a236250-635x365.jpg",635,365,true],"large":["https:\/\/arantv.az\/wp-content\/uploads\/2024\/11\/a6f4f8292572118b4fadf2924a236250-840x483.jpg",640,368,true],"1536x1536":["https:\/\/arantv.az\/wp-content\/uploads\/2024\/11\/a6f4f8292572118b4fadf2924a236250.jpg",870,500,false],"2048x2048":["https:\/\/arantv.az\/wp-content\/uploads\/2024\/11\/a6f4f8292572118b4fadf2924a236250.jpg",870,500,false],"post-thumbnail":["https:\/\/arantv.az\/wp-content\/uploads\/2024\/11\/a6f4f8292572118b4fadf2924a236250-240x172.jpg",240,172,true],"advps-thumb-one":["https:\/\/arantv.az\/wp-content\/uploads\/2024\/11\/a6f4f8292572118b4fadf2924a236250.jpg",870,500,false]},"rttpg_author":{"display_name":"V\u00fcsal Rafiqo\u011flu","author_link":"https:\/\/arantv.az\/?author=2"},"rttpg_comment":0,"rttpg_category":"<a href=\"https:\/\/arantv.az\/?cat=5\" rel=\"category\">Hadis\u0259<\/a>","rttpg_excerpt":"Bak\u0131n\u0131n Yasamal rayonunda ba\u015f ver\u0259n a\u011f\u0131r yol-n\u0259qliyyat hadis\u0259si n\u0259tic\u0259sind\u0259 T\u00fcrkiy\u0259 v\u0259t\u0259nda\u015f\u0131, 19 ya\u015fl\u0131 Furkan Halval\u0131 d\u00fcnyas\u0131n\u0131 d\u0259yi\u015fib. Videog\u00f6r\u00fcnt\u00fcd\u0259 a\u011f r\u0259ngli taksi avtomobilinin motosiklet s\u00fcr\u00fcc\u00fcs\u00fcn\u00fc s\u0131x\u0131\u015fd\u0131raraq a\u015f\u0131rd\u0131\u011f\u0131 v\u0259 g\u0259ncin y\u0131x\u0131lan zaman ba\u015f\u0131n\u0131n bord\u00fcr\u0259 d\u0259ydiyi \u0259ks olunub. Bildirilib ki, y\u0131x\u0131lan g\u0259nc h\u0259yat\u0131n\u0131 itirib. M\u0259s\u0259l\u0259 il\u0259 ba\u011fl\u0131 Daxili i\u015fl\u0259r Nazirliyinin (D\u0130N) M\u0259tbuat Xidm\u0259tinin b\u00f6lm\u0259 r\u0259isi Nurlan \u018fliyev oxu.az-\u0131n&hellip;","_links":{"self":[{"href":"https:\/\/arantv.az\/index.php?rest_route=\/wp\/v2\/posts\/771182"}],"collection":[{"href":"https:\/\/arantv.az\/index.php?rest_route=\/wp\/v2\/posts"}],"about":[{"href":"https:\/\/arantv.az\/index.php?rest_route=\/wp\/v2\/types\/post"}],"author":[{"embeddable":true,"href":"https:\/\/arantv.az\/index.php?rest_route=\/wp\/v2\/users\/2"}],"replies":[{"embeddable":true,"href":"https:\/\/arantv.az\/index.php?rest_route=%2Fwp%2Fv2%2Fcomments&post=771182"}],"version-history":[{"count":2,"href":"https:\/\/arantv.az\/index.php?rest_route=\/wp\/v2\/posts\/771182\/revisions"}],"predecessor-version":[{"id":771185,"href":"https:\/\/arantv.az\/index.php?rest_route=\/wp\/v2\/posts\/771182\/revisions\/771185"}],"wp:featuredmedia":[{"embeddable":true,"href":"https:\/\/arantv.az\/index.php?rest_route=\/wp\/v2\/media\/771183"}],"wp:attachment":[{"href":"https:\/\/arantv.az\/index.php?rest_route=%2Fwp%2Fv2%2Fmedia&parent=771182"}],"wp:term":[{"taxonomy":"category","embeddable":true,"href":"https:\/\/arantv.az\/index.php?rest_route=%2Fwp%2Fv2%2Fcategories&post=771182"},{"taxonomy":"post_tag","embeddable":true,"href":"https:\/\/arantv.az\/index.php?rest_route=%2Fwp%2Fv2%2Ftags&post=771182"}],"curies":[{"name":"wp","href":"https:\/\/api.w.org\/{rel}","templated":true}]}}