{"id":771200,"date":"2024-11-25T20:49:57","date_gmt":"2024-11-25T16:49:57","guid":{"rendered":"https:\/\/arantv.az\/?p=771200"},"modified":"2024-11-25T20:49:57","modified_gmt":"2024-11-25T16:49:57","slug":"air-arabia-aviasirk%c9%99tin%c9%99-m%c9%99xsus-t%c9%99yyar%c9%99-bakiya-m%c9%99cburi-enis-edib","status":"publish","type":"post","link":"https:\/\/arantv.az\/?p=771200","title":{"rendered":"\u201cAir Arabia&#8221; avia\u015firk\u0259tin\u0259 m\u0259xsus t\u0259yyar\u0259 Bak\u0131ya m\u0259cburi eni\u015f edib"},"content":{"rendered":"<p>\u201cAir Arabia&#8221; avia\u015firk\u0259tinin Moskva\u2013\u015earja reysini yerin\u0259 yetir\u0259n hava g\u0259misinin kapitan\u0131 Heyd\u0259r \u018fliyev Beyn\u0259lxalq Aeroportuna m\u0259cburi eni\u015f sor\u011fusu g\u00f6nd\u0259rib. Bu q\u0259rar g\u00f6y\u0259rt\u0259d\u0259 olan s\u0259rni\u015finl\u0259rd\u0259n birinin s\u0259hh\u0259tinin q\u0259fl\u0259t\u0259n pisl\u0259\u015fm\u0259si il\u0259 \u0259laq\u0259dar olaraq q\u0259bul edilib.<\/p>\n<p>Beyn\u0259lxalq hava liman\u0131ndan\u00a0<a class=\"azertac-link\" href=\"https:\/\/azertag.az\/\" target=\"_blank\" rel=\"noopener\">AZ\u018fRTAC<\/a>-a bildirilib ki, \u201cAirbus A320\u201d t\u0259yyar\u0259si t\u0259hl\u00fck\u0259siz \u015f\u0259kild\u0259 yerli vaxtla saat 18:54-d\u0259 Bak\u0131 hava liman\u0131na eni\u015f edib. Hadis\u0259 il\u0259 \u0259laq\u0259dar olaraq aeroportun m\u00fcvafiq xidm\u0259tl\u0259ri y\u00fcks\u0259k haz\u0131rl\u0131q v\u0259ziyy\u0259tin\u0259 g\u0259tirilib.<\/p>\n<p>T\u0259cili tibbi yard\u0131m briqadas\u0131 s\u0259rni\u015fin\u0259 yerind\u0259 operativ \u015f\u0259kild\u0259 yard\u0131m g\u00f6st\u0259rib. Daha sonra m\u00fcayin\u0259 \u00fc\u00e7\u00fcn x\u0259st\u0259xanaya \u00e7atd\u0131r\u0131l\u0131b.<\/p>\n<p>Qeyd ed\u0259k ki, Heyd\u0259r \u018fliyev Beyn\u0259lxalq Aeroportu f\u00f6vq\u0259lad\u0259 hallara \u00e7evik reaksiya g\u00f6st\u0259rm\u0259k v\u0259 s\u0259rni\u015finl\u0259rin t\u0259hl\u00fck\u0259sizliyini t\u0259min etm\u0259k \u00fc\u00e7\u00fcn m\u00fcasir t\u0259l\u0259bl\u0259r\u0259 uy\u011fun b\u00fct\u00fcn z\u0259ruri infrastruktur v\u0259 y\u00fcks\u0259k pe\u015f\u0259karl\u0131\u011fa malik komandaya sahibdir.<\/p>\n","protected":false},"excerpt":{"rendered":"<p>\u201cAir Arabia&#8221; avia\u015firk\u0259tinin Moskva\u2013\u015earja reysini yerin\u0259 yetir\u0259n hava g\u0259misinin kapitan\u0131 Heyd\u0259r \u018fliyev Beyn\u0259lxalq Aeroportuna m\u0259cburi eni\u015f sor\u011fusu g\u00f6nd\u0259rib. Bu q\u0259rar g\u00f6y\u0259rt\u0259d\u0259 olan s\u0259rni\u015finl\u0259rd\u0259n birinin s\u0259hh\u0259tinin q\u0259fl\u0259t\u0259n pisl\u0259\u015fm\u0259si il\u0259 \u0259laq\u0259dar olaraq q\u0259bul edilib. Beyn\u0259lxalq hava liman\u0131ndan\u00a0AZ\u018fRTAC-a bildirilib ki, \u201cAirbus A320\u201d t\u0259yyar\u0259si t\u0259hl\u00fck\u0259siz \u015f\u0259kild\u0259 yerli vaxtla saat 18:54-d\u0259 Bak\u0131 hava liman\u0131na eni\u015f edib. Hadis\u0259 il\u0259 \u0259laq\u0259dar olaraq aeroportun m\u00fcvafiq xidm\u0259tl\u0259ri y\u00fcks\u0259k haz\u0131rl\u0131q v\u0259ziyy\u0259tin\u0259 g\u0259tirilib. T\u0259cili tibbi yard\u0131m briqadas\u0131 s\u0259rni\u015fin\u0259 yerind\u0259 operativ \u015f\u0259kild\u0259 yard\u0131m g\u00f6st\u0259rib. Daha sonra m\u00fcayin\u0259 \u00fc\u00e7\u00fcn x\u0259st\u0259xanaya \u00e7atd\u0131r\u0131l\u0131b. Qeyd ed\u0259k ki, Heyd\u0259r \u018fliyev Beyn\u0259lxalq Aeroportu f\u00f6vq\u0259lad\u0259 hallara \u00e7evik reaksiya g\u00f6st\u0259rm\u0259k&hellip;<\/p>\n","protected":false},"author":2,"featured_media":771201,"comment_status":"closed","ping_status":"closed","sticky":false,"template":"","format":"standard","meta":{"om_disable_all_campaigns":false,"_monsterinsights_skip_tracking":false,"_monsterinsights_sitenote_active":false,"_monsterinsights_sitenote_note":"","_monsterinsights_sitenote_category":0},"categories":[1],"tags":[],"aioseo_notices":[],"gutentor_comment":0,"rttpg_featured_image_url":{"full":["https:\/\/arantv.az\/wp-content\/uploads\/2024\/11\/1732551482405234865_1200x630.jpg",924,630,false],"landscape":["https:\/\/arantv.az\/wp-content\/uploads\/2024\/11\/1732551482405234865_1200x630.jpg",924,630,false],"portraits":["https:\/\/arantv.az\/wp-content\/uploads\/2024\/11\/1732551482405234865_1200x630.jpg",924,630,false],"thumbnail":["https:\/\/arantv.az\/wp-content\/uploads\/2024\/11\/1732551482405234865_1200x630-500x280.jpg",500,280,true],"medium":["https:\/\/arantv.az\/wp-content\/uploads\/2024\/11\/1732551482405234865_1200x630-535x365.jpg",535,365,true],"large":["https:\/\/arantv.az\/wp-content\/uploads\/2024\/11\/1732551482405234865_1200x630-840x573.jpg",640,437,true],"1536x1536":["https:\/\/arantv.az\/wp-content\/uploads\/2024\/11\/1732551482405234865_1200x630.jpg",924,630,false],"2048x2048":["https:\/\/arantv.az\/wp-content\/uploads\/2024\/11\/1732551482405234865_1200x630.jpg",924,630,false],"post-thumbnail":["https:\/\/arantv.az\/wp-content\/uploads\/2024\/11\/1732551482405234865_1200x630-240x172.jpg",240,172,true],"advps-thumb-one":["https:\/\/arantv.az\/wp-content\/uploads\/2024\/11\/1732551482405234865_1200x630-924x620.jpg",924,620,true]},"rttpg_author":{"display_name":"V\u00fcsal Rafiqo\u011flu","author_link":"https:\/\/arantv.az\/?author=2"},"rttpg_comment":0,"rttpg_category":"<a href=\"https:\/\/arantv.az\/?cat=1\" rel=\"category\">C\u0259miyy\u0259t<\/a>","rttpg_excerpt":"\u201cAir Arabia&#8221; avia\u015firk\u0259tinin Moskva\u2013\u015earja reysini yerin\u0259 yetir\u0259n hava g\u0259misinin kapitan\u0131 Heyd\u0259r \u018fliyev Beyn\u0259lxalq Aeroportuna m\u0259cburi eni\u015f sor\u011fusu g\u00f6nd\u0259rib. Bu q\u0259rar g\u00f6y\u0259rt\u0259d\u0259 olan s\u0259rni\u015finl\u0259rd\u0259n birinin s\u0259hh\u0259tinin q\u0259fl\u0259t\u0259n pisl\u0259\u015fm\u0259si il\u0259 \u0259laq\u0259dar olaraq q\u0259bul edilib. Beyn\u0259lxalq hava liman\u0131ndan\u00a0AZ\u018fRTAC-a bildirilib ki, \u201cAirbus A320\u201d t\u0259yyar\u0259si t\u0259hl\u00fck\u0259siz \u015f\u0259kild\u0259 yerli vaxtla saat 18:54-d\u0259 Bak\u0131 hava liman\u0131na eni\u015f edib. Hadis\u0259 il\u0259 \u0259laq\u0259dar olaraq&hellip;","_links":{"self":[{"href":"https:\/\/arantv.az\/index.php?rest_route=\/wp\/v2\/posts\/771200"}],"collection":[{"href":"https:\/\/arantv.az\/index.php?rest_route=\/wp\/v2\/posts"}],"about":[{"href":"https:\/\/arantv.az\/index.php?rest_route=\/wp\/v2\/types\/post"}],"author":[{"embeddable":true,"href":"https:\/\/arantv.az\/index.php?rest_route=\/wp\/v2\/users\/2"}],"replies":[{"embeddable":true,"href":"https:\/\/arantv.az\/index.php?rest_route=%2Fwp%2Fv2%2Fcomments&post=771200"}],"version-history":[{"count":2,"href":"https:\/\/arantv.az\/index.php?rest_route=\/wp\/v2\/posts\/771200\/revisions"}],"predecessor-version":[{"id":771203,"href":"https:\/\/arantv.az\/index.php?rest_route=\/wp\/v2\/posts\/771200\/revisions\/771203"}],"wp:featuredmedia":[{"embeddable":true,"href":"https:\/\/arantv.az\/index.php?rest_route=\/wp\/v2\/media\/771201"}],"wp:attachment":[{"href":"https:\/\/arantv.az\/index.php?rest_route=%2Fwp%2Fv2%2Fmedia&parent=771200"}],"wp:term":[{"taxonomy":"category","embeddable":true,"href":"https:\/\/arantv.az\/index.php?rest_route=%2Fwp%2Fv2%2Fcategories&post=771200"},{"taxonomy":"post_tag","embeddable":true,"href":"https:\/\/arantv.az\/index.php?rest_route=%2Fwp%2Fv2%2Ftags&post=771200"}],"curies":[{"name":"wp","href":"https:\/\/api.w.org\/{rel}","templated":true}]}}