{"id":771207,"date":"2024-11-25T20:52:36","date_gmt":"2024-11-25T16:52:36","guid":{"rendered":"https:\/\/arantv.az\/?p=771207"},"modified":"2024-11-25T20:52:36","modified_gmt":"2024-11-25T16:52:36","slug":"mediatorlara-v%c9%99-mediasiya-t%c9%99skilatlarina-onlayn-qaydada-nec%c9%99-muraci%c9%99t-etm%c9%99k-olar","status":"publish","type":"post","link":"https:\/\/arantv.az\/?p=771207","title":{"rendered":"Mediatorlara v\u0259 mediasiya t\u0259\u015fkilatlar\u0131na onlayn qaydada nec\u0259 m\u00fcraci\u0259t etm\u0259k olar?"},"content":{"rendered":"<p>Mediatorlar v\u0259 mediasiya t\u0259\u015fkilatlar\u0131 bar\u0259d\u0259 m\u0259lumatlar Vahid M\u0259hk\u0259m\u0259 Portal\u0131na inteqrasiya edilib. \u018fdliyy\u0259 Nazirliyinin m\u0259tbuat xidm\u0259tind\u0259n\u00a0<a class=\"azertac-link\" href=\"https:\/\/azertag.az\/\" target=\"_blank\" rel=\"noopener\">AZ\u018fRTAC<\/a>-a bildirilib ki, bu proses Biznes M\u00fchiti v\u0259 Beyn\u0259lxalq Reytinql\u0259r \u00fczr\u0259 Komissiyan\u0131n \u018fdliyy\u0259 Nazirliyinin r\u0259hb\u0259rlik etdiyi \u201cM\u00fcbahis\u0259l\u0259rin h\u0259lli, m\u0259hk\u0259m\u0259 sistemi v\u0259 h\u00fcququn aliliyi\u201d i\u015f\u00e7i qrupunun Mediasiya \u015euras\u0131 il\u0259 qar\u015f\u0131l\u0131ql\u0131 \u0259m\u0259kda\u015fl\u0131\u011f\u0131 \u00e7\u0259r\u00e7iv\u0259sind\u0259 h\u0259yata ke\u00e7irilib.<\/p>\n<p>Bel\u0259 ki, Vahid M\u0259hk\u0259m\u0259 Portal\u0131nda \u201cMediatorlar\u201d b\u00f6lm\u0259si yarad\u0131l\u0131b. Art\u0131q v\u0259t\u0259nda\u015flar mediatorlar v\u0259 mediasiya t\u0259\u015fkilatlar\u0131 bar\u0259d\u0259 m\u0259lumatlar\u0131 Vahid M\u0259hk\u0259m\u0259 Portal\u0131ndan \u0259ld\u0259 ed\u0259 bil\u0259rl\u0259r. H\u0259m\u00e7inin mediasiya prosesind\u0259 i\u015ftirak \u00fc\u00e7\u00fcn elektron formada m\u00fcraci\u0259t ed\u0259 v\u0259 Mediasiya \u015euras\u0131n\u0131n hesabatlar\u0131 il\u0259 tan\u0131\u015f ola bil\u0259rl\u0259r.<\/p>\n<p>Bu funksiyalardan istifad\u0259 imkanlar\u0131n\u0131 n\u0259z\u0259rd\u0259 tutan video-t\u0259limatla\u00a0<a href=\"https:\/\/www.youtube.com\/watch?v=h6mF_MyJnYw\" target=\"_blank\" rel=\"noopener\"><strong>link\u0259<\/strong><\/a>\u00a0ke\u00e7id ed\u0259r\u0259k tan\u0131\u015f olmaq m\u00fcmk\u00fcnd\u00fcr.<\/p>\n","protected":false},"excerpt":{"rendered":"<p>Mediatorlar v\u0259 mediasiya t\u0259\u015fkilatlar\u0131 bar\u0259d\u0259 m\u0259lumatlar Vahid M\u0259hk\u0259m\u0259 Portal\u0131na inteqrasiya edilib. \u018fdliyy\u0259 Nazirliyinin m\u0259tbuat xidm\u0259tind\u0259n\u00a0AZ\u018fRTAC-a bildirilib ki, bu proses Biznes M\u00fchiti v\u0259 Beyn\u0259lxalq Reytinql\u0259r \u00fczr\u0259 Komissiyan\u0131n \u018fdliyy\u0259 Nazirliyinin r\u0259hb\u0259rlik etdiyi \u201cM\u00fcbahis\u0259l\u0259rin h\u0259lli, m\u0259hk\u0259m\u0259 sistemi v\u0259 h\u00fcququn aliliyi\u201d i\u015f\u00e7i qrupunun Mediasiya \u015euras\u0131 il\u0259 qar\u015f\u0131l\u0131ql\u0131 \u0259m\u0259kda\u015fl\u0131\u011f\u0131 \u00e7\u0259r\u00e7iv\u0259sind\u0259 h\u0259yata ke\u00e7irilib. Bel\u0259 ki, Vahid M\u0259hk\u0259m\u0259 Portal\u0131nda \u201cMediatorlar\u201d b\u00f6lm\u0259si yarad\u0131l\u0131b. Art\u0131q v\u0259t\u0259nda\u015flar mediatorlar v\u0259 mediasiya t\u0259\u015fkilatlar\u0131 bar\u0259d\u0259 m\u0259lumatlar\u0131 Vahid M\u0259hk\u0259m\u0259 Portal\u0131ndan \u0259ld\u0259 ed\u0259 bil\u0259rl\u0259r. H\u0259m\u00e7inin mediasiya prosesind\u0259 i\u015ftirak \u00fc\u00e7\u00fcn elektron formada m\u00fcraci\u0259t ed\u0259 v\u0259 Mediasiya \u015euras\u0131n\u0131n hesabatlar\u0131 il\u0259 tan\u0131\u015f ola bil\u0259rl\u0259r. Bu funksiyalardan istifad\u0259 imkanlar\u0131n\u0131&hellip;<\/p>\n","protected":false},"author":2,"featured_media":771208,"comment_status":"closed","ping_status":"closed","sticky":false,"template":"","format":"standard","meta":{"om_disable_all_campaigns":false,"_monsterinsights_skip_tracking":false,"_monsterinsights_sitenote_active":false,"_monsterinsights_sitenote_note":"","_monsterinsights_sitenote_category":0},"categories":[1],"tags":[],"aioseo_notices":[],"gutentor_comment":0,"rttpg_featured_image_url":{"full":["https:\/\/arantv.az\/wp-content\/uploads\/2024\/11\/17325322404605259993_1200x630.jpg",923,630,false],"landscape":["https:\/\/arantv.az\/wp-content\/uploads\/2024\/11\/17325322404605259993_1200x630.jpg",923,630,false],"portraits":["https:\/\/arantv.az\/wp-content\/uploads\/2024\/11\/17325322404605259993_1200x630.jpg",923,630,false],"thumbnail":["https:\/\/arantv.az\/wp-content\/uploads\/2024\/11\/17325322404605259993_1200x630-500x280.jpg",500,280,true],"medium":["https:\/\/arantv.az\/wp-content\/uploads\/2024\/11\/17325322404605259993_1200x630-535x365.jpg",535,365,true],"large":["https:\/\/arantv.az\/wp-content\/uploads\/2024\/11\/17325322404605259993_1200x630-840x573.jpg",640,437,true],"1536x1536":["https:\/\/arantv.az\/wp-content\/uploads\/2024\/11\/17325322404605259993_1200x630.jpg",923,630,false],"2048x2048":["https:\/\/arantv.az\/wp-content\/uploads\/2024\/11\/17325322404605259993_1200x630.jpg",923,630,false],"post-thumbnail":["https:\/\/arantv.az\/wp-content\/uploads\/2024\/11\/17325322404605259993_1200x630-240x172.jpg",240,172,true],"advps-thumb-one":["https:\/\/arantv.az\/wp-content\/uploads\/2024\/11\/17325322404605259993_1200x630-923x620.jpg",923,620,true]},"rttpg_author":{"display_name":"V\u00fcsal Rafiqo\u011flu","author_link":"https:\/\/arantv.az\/?author=2"},"rttpg_comment":0,"rttpg_category":"<a href=\"https:\/\/arantv.az\/?cat=1\" rel=\"category\">C\u0259miyy\u0259t<\/a>","rttpg_excerpt":"Mediatorlar v\u0259 mediasiya t\u0259\u015fkilatlar\u0131 bar\u0259d\u0259 m\u0259lumatlar Vahid M\u0259hk\u0259m\u0259 Portal\u0131na inteqrasiya edilib. \u018fdliyy\u0259 Nazirliyinin m\u0259tbuat xidm\u0259tind\u0259n\u00a0AZ\u018fRTAC-a bildirilib ki, bu proses Biznes M\u00fchiti v\u0259 Beyn\u0259lxalq Reytinql\u0259r \u00fczr\u0259 Komissiyan\u0131n \u018fdliyy\u0259 Nazirliyinin r\u0259hb\u0259rlik etdiyi \u201cM\u00fcbahis\u0259l\u0259rin h\u0259lli, m\u0259hk\u0259m\u0259 sistemi v\u0259 h\u00fcququn aliliyi\u201d i\u015f\u00e7i qrupunun Mediasiya \u015euras\u0131 il\u0259 qar\u015f\u0131l\u0131ql\u0131 \u0259m\u0259kda\u015fl\u0131\u011f\u0131 \u00e7\u0259r\u00e7iv\u0259sind\u0259 h\u0259yata ke\u00e7irilib. Bel\u0259 ki, Vahid M\u0259hk\u0259m\u0259 Portal\u0131nda \u201cMediatorlar\u201d b\u00f6lm\u0259si yarad\u0131l\u0131b.&hellip;","_links":{"self":[{"href":"https:\/\/arantv.az\/index.php?rest_route=\/wp\/v2\/posts\/771207"}],"collection":[{"href":"https:\/\/arantv.az\/index.php?rest_route=\/wp\/v2\/posts"}],"about":[{"href":"https:\/\/arantv.az\/index.php?rest_route=\/wp\/v2\/types\/post"}],"author":[{"embeddable":true,"href":"https:\/\/arantv.az\/index.php?rest_route=\/wp\/v2\/users\/2"}],"replies":[{"embeddable":true,"href":"https:\/\/arantv.az\/index.php?rest_route=%2Fwp%2Fv2%2Fcomments&post=771207"}],"version-history":[{"count":1,"href":"https:\/\/arantv.az\/index.php?rest_route=\/wp\/v2\/posts\/771207\/revisions"}],"predecessor-version":[{"id":771209,"href":"https:\/\/arantv.az\/index.php?rest_route=\/wp\/v2\/posts\/771207\/revisions\/771209"}],"wp:featuredmedia":[{"embeddable":true,"href":"https:\/\/arantv.az\/index.php?rest_route=\/wp\/v2\/media\/771208"}],"wp:attachment":[{"href":"https:\/\/arantv.az\/index.php?rest_route=%2Fwp%2Fv2%2Fmedia&parent=771207"}],"wp:term":[{"taxonomy":"category","embeddable":true,"href":"https:\/\/arantv.az\/index.php?rest_route=%2Fwp%2Fv2%2Fcategories&post=771207"},{"taxonomy":"post_tag","embeddable":true,"href":"https:\/\/arantv.az\/index.php?rest_route=%2Fwp%2Fv2%2Ftags&post=771207"}],"curies":[{"name":"wp","href":"https:\/\/api.w.org\/{rel}","templated":true}]}}