{"id":771222,"date":"2024-11-26T06:52:25","date_gmt":"2024-11-26T02:52:25","guid":{"rendered":"https:\/\/arantv.az\/?p=771222"},"modified":"2024-11-26T06:52:25","modified_gmt":"2024-11-26T02:52:25","slug":"g%c9%99nc%c9%99d%c9%99-t%c9%99cili-yardim-masininin-vurdugu-piyadanin-kimliyi-m%c9%99lum-olub","status":"publish","type":"post","link":"https:\/\/arantv.az\/?p=771222","title":{"rendered":"G\u0259nc\u0259d\u0259 t\u0259cili yard\u0131m ma\u015f\u0131n\u0131n\u0131n vurdu\u011fu piyadan\u0131n kimliyi m\u0259lum olub"},"content":{"rendered":"<p>G\u0259nc\u0259d\u0259 t\u0259cili yard\u0131m avtomobilinin vuraraq \u00f6ld\u00fcr\u00fcd\u00fcy\u00fc piyadan\u0131n kimliyi m\u0259lum olub.<\/p>\n<p>APA-n\u0131n yerli b\u00fcrosunun m\u0259lunat\u0131na g\u00f6r\u0259, \u00f6l\u0259n \u015f\u0259xs G\u0259nc\u0259 \u015f\u0259h\u0259r sakini 1966-ci il t\u0259v\u0259ll\u00fcdl\u00fc \u018f.Verdiyevdir.<\/p>\n<p>Qeyd ed\u0259k ki,piyadan\u0131 vuran avtomobil Da\u015fk\u0259s\u0259n rayon m\u0259rk\u0259zi x\u0259st\u0259xanas\u0131n\u0131n t\u0259cili v\u0259 t\u0259xir\u0259sal\u0131nmaz tibbi yard\u0131m \u015f\u00f6b\u0259sinin t\u0259cili yard\u0131m avtomobili olub.<\/p>\n<p>***<\/p>\n<p>G\u0259nc\u0259d\u0259 piyadan\u0131n \u00f6l\u00fcm\u00fc il\u0259 n\u0259tic\u0259l\u0259n\u0259n yol-n\u0259qliyyat hadis\u0259si ba\u015f verib.<\/p>\n<p>APA-n\u0131n yerli b\u00fcrosunun m\u0259lumat\u0131na g\u00f6r\u0259,\u015f\u0259h\u0259rin \u0130sm\u0259t Qay\u0131bov k\u00fc\u00e7\u0259sind\u0259 &#8220;Mersedes&#8221; markal\u0131 t\u0259cili tibbi yard\u0131m ma\u015f\u0131n\u0131 yolu ke\u00e7m\u0259k ist\u0259y\u0259n orta ya\u015fl\u0131 piyadan 1966-ci il t\u0259v\u0259ll\u00fcdl\u00fc piyadan\u0131 vurub.<\/p>\n<p>Piyada x\u0259st\u0259xananaya apar\u0131lsa da, onun h\u0259yat\u0131n\u0131 xilas etm\u0259k m\u00fcmk\u00fcn olmay\u0131b.<\/p>\n<p>Faktla ba\u011fl\u0131 ara\u015fd\u0131rma apar\u0131l\u0131r.<\/p>\n","protected":false},"excerpt":{"rendered":"<p>G\u0259nc\u0259d\u0259 t\u0259cili yard\u0131m avtomobilinin vuraraq \u00f6ld\u00fcr\u00fcd\u00fcy\u00fc piyadan\u0131n kimliyi m\u0259lum olub. APA-n\u0131n yerli b\u00fcrosunun m\u0259lunat\u0131na g\u00f6r\u0259, \u00f6l\u0259n \u015f\u0259xs G\u0259nc\u0259 \u015f\u0259h\u0259r sakini 1966-ci il t\u0259v\u0259ll\u00fcdl\u00fc \u018f.Verdiyevdir. Qeyd ed\u0259k ki,piyadan\u0131 vuran avtomobil Da\u015fk\u0259s\u0259n rayon m\u0259rk\u0259zi x\u0259st\u0259xanas\u0131n\u0131n t\u0259cili v\u0259 t\u0259xir\u0259sal\u0131nmaz tibbi yard\u0131m \u015f\u00f6b\u0259sinin t\u0259cili yard\u0131m avtomobili olub. *** G\u0259nc\u0259d\u0259 piyadan\u0131n \u00f6l\u00fcm\u00fc il\u0259 n\u0259tic\u0259l\u0259n\u0259n yol-n\u0259qliyyat hadis\u0259si ba\u015f verib. APA-n\u0131n yerli b\u00fcrosunun m\u0259lumat\u0131na g\u00f6r\u0259,\u015f\u0259h\u0259rin \u0130sm\u0259t Qay\u0131bov k\u00fc\u00e7\u0259sind\u0259 &#8220;Mersedes&#8221; markal\u0131 t\u0259cili tibbi yard\u0131m ma\u015f\u0131n\u0131 yolu ke\u00e7m\u0259k ist\u0259y\u0259n orta ya\u015fl\u0131 piyadan 1966-ci il t\u0259v\u0259ll\u00fcdl\u00fc piyadan\u0131 vurub. Piyada x\u0259st\u0259xananaya apar\u0131lsa da, onun h\u0259yat\u0131n\u0131 xilas etm\u0259k m\u00fcmk\u00fcn olmay\u0131b. Faktla ba\u011fl\u0131&hellip;<\/p>\n","protected":false},"author":2,"featured_media":771223,"comment_status":"closed","ping_status":"closed","sticky":false,"template":"","format":"standard","meta":{"om_disable_all_campaigns":false,"_monsterinsights_skip_tracking":false,"_monsterinsights_sitenote_active":false,"_monsterinsights_sitenote_note":"","_monsterinsights_sitenote_category":0},"categories":[5],"tags":[],"aioseo_notices":[],"gutentor_comment":0,"rttpg_featured_image_url":{"full":["https:\/\/arantv.az\/wp-content\/uploads\/2024\/11\/c9f33d6847884a9cc09006a4b8d69dad.jpg",870,500,false],"landscape":["https:\/\/arantv.az\/wp-content\/uploads\/2024\/11\/c9f33d6847884a9cc09006a4b8d69dad.jpg",870,500,false],"portraits":["https:\/\/arantv.az\/wp-content\/uploads\/2024\/11\/c9f33d6847884a9cc09006a4b8d69dad.jpg",870,500,false],"thumbnail":["https:\/\/arantv.az\/wp-content\/uploads\/2024\/11\/c9f33d6847884a9cc09006a4b8d69dad-500x280.jpg",500,280,true],"medium":["https:\/\/arantv.az\/wp-content\/uploads\/2024\/11\/c9f33d6847884a9cc09006a4b8d69dad-635x365.jpg",635,365,true],"large":["https:\/\/arantv.az\/wp-content\/uploads\/2024\/11\/c9f33d6847884a9cc09006a4b8d69dad-840x483.jpg",640,368,true],"1536x1536":["https:\/\/arantv.az\/wp-content\/uploads\/2024\/11\/c9f33d6847884a9cc09006a4b8d69dad.jpg",870,500,false],"2048x2048":["https:\/\/arantv.az\/wp-content\/uploads\/2024\/11\/c9f33d6847884a9cc09006a4b8d69dad.jpg",870,500,false],"post-thumbnail":["https:\/\/arantv.az\/wp-content\/uploads\/2024\/11\/c9f33d6847884a9cc09006a4b8d69dad-240x172.jpg",240,172,true],"advps-thumb-one":["https:\/\/arantv.az\/wp-content\/uploads\/2024\/11\/c9f33d6847884a9cc09006a4b8d69dad.jpg",870,500,false]},"rttpg_author":{"display_name":"V\u00fcsal Rafiqo\u011flu","author_link":"https:\/\/arantv.az\/?author=2"},"rttpg_comment":0,"rttpg_category":"<a href=\"https:\/\/arantv.az\/?cat=5\" rel=\"category\">Hadis\u0259<\/a>","rttpg_excerpt":"G\u0259nc\u0259d\u0259 t\u0259cili yard\u0131m avtomobilinin vuraraq \u00f6ld\u00fcr\u00fcd\u00fcy\u00fc piyadan\u0131n kimliyi m\u0259lum olub. APA-n\u0131n yerli b\u00fcrosunun m\u0259lunat\u0131na g\u00f6r\u0259, \u00f6l\u0259n \u015f\u0259xs G\u0259nc\u0259 \u015f\u0259h\u0259r sakini 1966-ci il t\u0259v\u0259ll\u00fcdl\u00fc \u018f.Verdiyevdir. Qeyd ed\u0259k ki,piyadan\u0131 vuran avtomobil Da\u015fk\u0259s\u0259n rayon m\u0259rk\u0259zi x\u0259st\u0259xanas\u0131n\u0131n t\u0259cili v\u0259 t\u0259xir\u0259sal\u0131nmaz tibbi yard\u0131m \u015f\u00f6b\u0259sinin t\u0259cili yard\u0131m avtomobili olub. *** G\u0259nc\u0259d\u0259 piyadan\u0131n \u00f6l\u00fcm\u00fc il\u0259 n\u0259tic\u0259l\u0259n\u0259n yol-n\u0259qliyyat hadis\u0259si ba\u015f verib. APA-n\u0131n yerli&hellip;","_links":{"self":[{"href":"https:\/\/arantv.az\/index.php?rest_route=\/wp\/v2\/posts\/771222"}],"collection":[{"href":"https:\/\/arantv.az\/index.php?rest_route=\/wp\/v2\/posts"}],"about":[{"href":"https:\/\/arantv.az\/index.php?rest_route=\/wp\/v2\/types\/post"}],"author":[{"embeddable":true,"href":"https:\/\/arantv.az\/index.php?rest_route=\/wp\/v2\/users\/2"}],"replies":[{"embeddable":true,"href":"https:\/\/arantv.az\/index.php?rest_route=%2Fwp%2Fv2%2Fcomments&post=771222"}],"version-history":[{"count":2,"href":"https:\/\/arantv.az\/index.php?rest_route=\/wp\/v2\/posts\/771222\/revisions"}],"predecessor-version":[{"id":771225,"href":"https:\/\/arantv.az\/index.php?rest_route=\/wp\/v2\/posts\/771222\/revisions\/771225"}],"wp:featuredmedia":[{"embeddable":true,"href":"https:\/\/arantv.az\/index.php?rest_route=\/wp\/v2\/media\/771223"}],"wp:attachment":[{"href":"https:\/\/arantv.az\/index.php?rest_route=%2Fwp%2Fv2%2Fmedia&parent=771222"}],"wp:term":[{"taxonomy":"category","embeddable":true,"href":"https:\/\/arantv.az\/index.php?rest_route=%2Fwp%2Fv2%2Fcategories&post=771222"},{"taxonomy":"post_tag","embeddable":true,"href":"https:\/\/arantv.az\/index.php?rest_route=%2Fwp%2Fv2%2Ftags&post=771222"}],"curies":[{"name":"wp","href":"https:\/\/api.w.org\/{rel}","templated":true}]}}