{"id":771269,"date":"2024-11-26T07:07:16","date_gmt":"2024-11-26T03:07:16","guid":{"rendered":"https:\/\/arantv.az\/?p=771269"},"modified":"2024-11-26T07:07:16","modified_gmt":"2024-11-26T03:07:16","slug":"erm%c9%99nistanin-q%c9%99rbi-az%c9%99rbaycan-vahim%c9%99si","status":"publish","type":"post","link":"https:\/\/arantv.az\/?p=771269","title":{"rendered":"Erm\u0259nistan\u0131n Q\u0259rbi Az\u0259rbaycan vahim\u0259si"},"content":{"rendered":"<p>Bu g\u00fcnl\u0259rd\u0259 Erm\u0259nistan\u0131n ba\u015f naziri Nikol Pa\u015finyan Q\u0259rbi Az\u0259rbaycan m\u0259s\u0259l\u0259si v\u0259 uydurma \u201cQ\u0259rbi Erm\u0259nistan\u201d anlay\u0131\u015f\u0131 aras\u0131nda paralellik aparmaq c\u0259hdin\u0259 ba\u015f vurub. Halbuki, buna c\u0259hd etm\u0259k cahillikd\u0259n ba\u015fqa bir \u015fey deyil. \u00c7\u00fcnki \u201cQ\u0259rbi Az\u0259rbaycan\u201d dedikd\u0259 etnik t\u0259mizl\u0259m\u0259y\u0259 m\u0259ruz qalm\u0131\u015f az\u0259rbaycanl\u0131lar\u0131n Erm\u0259nistana dinc, t\u0259hl\u00fck\u0259siz v\u0259 l\u0259yaq\u0259tli \u015f\u0259kild\u0259 qay\u0131d\u0131\u015f\u0131 n\u0259z\u0259rd\u0259 tutulur. \u00a0\u201cQ\u0259rbi Erm\u0259nistan\u201d is\u0259 Erm\u0259nistan\u0131n konstitusiyas\u0131 v\u0259 t\u0259cav\u00fczkar \u00f6lk\u0259nin \u00a0dig\u0259r \u0259sas s\u0259n\u0259dl\u0259rind\u0259 v\u0259 siyasi add\u0131mlar\u0131nda Az\u0259rbaycana v\u0259 dig\u0259r d\u00f6vl\u0259tl\u0259r\u0259 qar\u015f\u0131 \u0259ksini tapm\u0131\u015f \u0259razi iddias\u0131d\u0131r. Bu is\u0259 bizim insan h\u00fcquqlar\u0131na \u0259saslanan haqq i\u015fimizi \u0259razi iddias\u0131 il\u0259 m\u00fcqayis\u0259 etm\u0259kdir.\u00a0 G\u00f6r\u00fcnd\u00fcy\u00fc kimi, Nikol Pa\u015finyan bu absurd yana\u015fmas\u0131 il\u0259 g\u00fcnd\u0259m\u0259 daha bir qalmaqal g\u0259tirm\u0259y\u0259 \u00e7al\u0131\u015f\u0131b.<\/p>\n<p>Az\u0259rbaycana qar\u015f\u0131 b\u00fct\u00fcn platformalarda antit\u0259bli\u011fat aparan Fransan\u0131n Erm\u0259nistandak\u0131 s\u0259firi Olivye Dekotini bu m\u0259s\u0259l\u0259y\u0259 erm\u0259nisaya\u011f\u0131 reaksiya verib, h\u0259tta \u201cQ\u0259rbi Az\u0259rbaycan vilay\u0259ti\u201dnin x\u0259rit\u0259sini yay\u0131b. Bununla guya o, \u00a0&#8220;Q\u0259rbi Az\u0259rbaycan&#8221; terminin\u0259 qar\u015f\u0131 \u00e7\u0131x\u0131b. Y\u0259ni, Erm\u0259nistan\u0131n haz\u0131rda m\u00f6vcud oldu\u011fu \u0259razil\u0259rin tarixi Q\u0259rbi Az\u0259rbaycan olmas\u0131 reall\u0131\u011f\u0131n\u0131 inkar edib. Dem\u0259k ist\u0259yib ki, Q\u0259rbi Az\u0259rbaycan yaln\u0131z \u0130randad\u0131r. Y\u0259ni, Q\u0259rbi Az\u0259rbaycan ad\u0131nda \u0259razinin t\u0259kc\u0259 \u0130randa oldu\u011fu kimi qondarma fikir ir\u0259li s\u00fcr\u00fcb. O, h\u0259m d\u0259 utan\u0131b-q\u0131zarmadan bildirib ki, guya Az\u0259rbaycan \u201cQ\u0259rbi Az\u0259rbaycan\u201d tezisini r\u0259smi s\u0259viyy\u0259d\u0259 t\u0259bli\u011f edir v\u0259 yay\u0131r, onun Erm\u0259nistan \u0259razisind\u0259 oldu\u011funu b\u0259yan edir. Bundan ba\u015fqa, o vur\u011fulay\u0131b ki, Az\u0259rbaycan parlamentind\u0259 Q\u0259rbi Az\u0259rbaycana qay\u0131tmaq \u00fc\u00e7\u00fcn t\u0259\u015f\u0259bb\u00fcs qrupu yarad\u0131l\u0131b. Erm\u0259nistan is\u0259 b\u00fct\u00fcn bunlar\u0131 \u00f6z\u00fcn\u00fcn \u0259razi b\u00fct\u00f6vl\u00fcy\u00fcn\u0259 q\u0259sd kimi qiym\u0259tl\u0259ndirir. \u015e\u00fcbh\u0259siz, s\u0259fir bu a\u00e7\u0131qlamalar\u0131 il\u0259 geni\u015f m\u00fczakir\u0259 m\u00f6vzusu olan Q\u0259rbi Az\u0259rbaycan konsepsiyas\u0131ndan diqq\u0259ti yay\u0131nd\u0131rma\u011fa \u00e7al\u0131\u015f\u0131b. Bununla da o, n\u00f6vb\u0259ti t\u0259xribata \u0259l at\u0131b. Erm\u0259nistan saytlar\u0131 da s\u0259firin dedikl\u0259rini \u201cunikal v\u0259 t\u0259krarolunmaz\u201d qeyd kimi xarakteriz\u0259 edib.<\/p>\n<p>Halbuki, haz\u0131rda Q\u0259rbi Az\u0259rbaycan dedikd\u0259 \u0130randak\u0131 Q\u0259rbi Az\u0259rbaycan vilay\u0259ti deyil, \u015eimal\u0131 Az\u0259rbaycan\u0131n q\u0259rbini &#8211; indiki Erm\u0259nistan\u0131 \u0259hat\u0259 ed\u0259n \u0259razi n\u0259z\u0259rd\u0259 tutulur. H\u0259min \u00a0\u0259razil\u0259r d\u0259 \u00f6lk\u0259mizin \u0130r\u0259van, G\u00f6y\u00e7\u0259, Vedi, Z\u0259ng\u0259zur, D\u0259r\u0259l\u0259y\u0259z tarixi mahallar\u0131n\u0131 \u0259hat\u0259 edir. Bu \u0259razil\u0259rin \u0259z\u0259li t\u00fcrk yurdu, Az\u0259rbaycan\u0131n bir par\u00e7as\u0131 olmas\u0131n\u0131 s\u00fcbut ed\u0259n kifay\u0259t q\u0259d\u0259r tarixi s\u00fcbutlar da m\u00f6vcuddur.<\/p>\n<p>Az\u0259rbaycan Erm\u0259nistan\u0131 d\u0259f\u0259l\u0259rl\u0259 beyn\u0259lxalq h\u00fcquqa dair \u00f6hd\u0259likl\u0259rin\u0259 \u0259m\u0259l etm\u0259y\u0259, Q\u0259rbi az\u0259rbaycanl\u0131lar\u0131n do\u011fma yurdlar\u0131na qay\u0131d\u0131\u015f\u0131na \u015f\u0259rait yaratma\u011fa \u00e7a\u011f\u0131r\u0131b. Amma buna h\u0259l\u0259 d\u0259 m\u0259h\u0259l qoyan yoxdur. \u015e\u00fcbh\u0259siz, bu\u00a0 m\u0259s\u0259l\u0259d\u0259 \u00f6zl\u0259rini demokratiya v\u0259 insan h\u00fcquqlar\u0131n\u0131n m\u00fcdafi\u0259\u00e7isi kimi q\u0259l\u0259m\u0259 ver\u0259n Q\u0259rb d\u00f6vl\u0259tl\u0259rinin, x\u00fcsusil\u0259 Fransan\u0131n az\u0259rbaycanl\u0131lar\u0131n qay\u0131d\u0131\u015f h\u00fcququna bigan\u0259likl\u0259 yana\u015fmalar\u0131ndan, h\u0259m\u00e7inin ayr\u0131-se\u00e7kilikd\u0259n ir\u0259li g\u0259lir. \u00a0Amma bu, bir faktd\u0131r ki, b\u0259zi \u00f6lk\u0259l\u0259r, h\u0259m\u00e7inin beyn\u0259lxalq qurumlar \u00f6z ist\u0259kl\u0259ri il\u0259 Qaraba\u011f\u0131 k\u00f6n\u00fcll\u00fc t\u0259rk etmi\u015f erm\u0259ni \u0259silli \u015f\u0259xsl\u0259rin qay\u0131d\u0131\u015f\u0131n\u0131 t\u0259min etm\u0259k m\u0259qs\u0259dil\u0259 d\u0259rid\u0259n-qab\u0131qdan \u00e7\u0131x\u0131rlar. Amma onlar Erm\u0259nistandan sonuncu etnik t\u0259mizl\u0259m\u0259 dal\u011fas\u0131nda qovulmu\u015f 300 min az\u0259rbaycanl\u0131n\u0131n qay\u0131tmas\u0131 m\u0259s\u0259l\u0259sini qald\u0131rm\u0131rlar. Halbuki, qay\u0131d\u0131\u015f m\u0259s\u0259l\u0259sind\u0259 ayr\u0131-se\u00e7kiliy\u0259 yol verilm\u0259m\u0259li, qar\u015f\u0131l\u0131ql\u0131l\u0131q prinsipin\u0259 riay\u0259t edilm\u0259li v\u0259 30 ild\u0259n art\u0131q m\u00fcdd\u0259td\u0259 do\u011fma yurd intizar\u0131nda olan Q\u0259rbi az\u0259rbaycanl\u0131lar\u0131n qay\u0131d\u0131\u015f\u0131 prioritet m\u0259s\u0259l\u0259 kimi ilk h\u0259ll edilm\u0259lidir.<\/p>\n<p>Yax\u015f\u0131 olard\u0131 ki, Nikol Pa\u015finyan yanl\u0131\u015f m\u00fcqayis\u0259l\u0259r aparmaq \u0259v\u0259zin\u0259 he\u00e7 olmasa Q\u0259rbi Az\u0259rbaycan \u0130cmas\u0131n\u0131n dialoq \u00e7a\u011f\u0131r\u0131\u015flar\u0131na cavab ver\u0259ydi, Q\u0259rbi az\u0259rbaycanl\u0131lar\u0131n t\u0259hl\u00fck\u0259siz, l\u0259yaq\u0259tli qay\u0131d\u0131\u015f\u0131n\u0131 t\u0259min ed\u0259ydi, Erm\u0259nistan\u0131n konstitusiyas\u0131ndan v\u0259 dig\u0259r s\u0259n\u0259dl\u0259rd\u0259n Az\u0259rbaycana qar\u015f\u0131 \u0259razi iddialar\u0131n\u0131 \u00e7\u0131xarayd\u0131. Bu m\u0259s\u0259l\u0259 il\u0259 ba\u011fl\u0131 Milli M\u0259clisin Q\u0259rbi Az\u0259rbaycana Qay\u0131d\u0131\u015f \u00fczr\u0259 T\u0259\u015f\u0259bb\u00fcs Qrupunun\u00a0 b\u0259yanat\u0131nda qeyd edildiyi kimi, Pa\u015finyan\u0131n \u00a0\u0259n az\u0131 s\u00f6zd\u0259 uydurma \u201cQ\u0259rbi Erm\u0259nistan\u201d anlay\u0131\u015f\u0131n\u0131 sual alt\u0131na almas\u0131, \u201cmifik Erm\u0259nistandan real Erm\u0259nistana ke\u00e7m\u0259k\u201d bar\u0259d\u0259 b\u0259yanatlar\u0131, \u0259slind\u0259 \u00e7oxdan at\u0131lmal\u0131 olan add\u0131mlard\u0131r: \u201cLakin bu, etnik t\u0259mizl\u0259m\u0259y\u0259 m\u0259ruz qalm\u0131\u015f Q\u0259rbi az\u0259rbaycanl\u0131lar\u0131n s\u00fclh yolu il\u0259 \u00f6z evl\u0259rin\u0259 qay\u0131tmaq h\u00fcququ hesab\u0131na ba\u015fa g\u0259lm\u0259m\u0259lidir\u201d. \u015e\u00fcbh\u0259siz, s\u00fclh \u0259ld\u0259 edilm\u0259si il\u0259 ba\u011fl\u0131 dan\u0131\u015f\u0131qlar\u0131n getdiyi bir zamanda Pa\u015finyan\u0131n\u00a0 bel\u0259 bir m\u0259s\u0259l\u0259ni qabartmas\u0131 onun \u00a0m\u0259krli niyy\u0259tind\u0259n x\u0259b\u0259r verir. Bu, h\u0259m d\u0259 ba\u015f nazirin \u00a0s\u00fclhd\u0259n qa\u00e7maq ist\u0259yini a\u00e7\u0131q \u015f\u0259kild\u0259 ortaya qoyur.<\/p>\n<p>Dan\u0131lmaz faktd\u0131r ki, XX \u0259srin \u0259vv\u0259ll\u0259rind\u0259n ba\u015flayaraq m\u00fcxt\u0259lif d\u00f6vrl\u0259rd\u0259 soyda\u015flar\u0131m\u0131z Q\u0259rbi Az\u0259rbaycandan m\u0259cburi \u015f\u0259kild\u0259 deportasiya edilib, etnik t\u0259mizl\u0259m\u0259 siyas\u0259ti n\u0259tic\u0259sind\u0259 \u00f6z do\u011fma yurdlar\u0131n\u0131 t\u0259rk etm\u0259k m\u0259cburiyy\u0259tind\u0259 qal\u0131blar. Pa\u015finyan d\u0259rk etm\u0259lidir ki, Q\u0259rbi az\u0259rbaycanl\u0131lar\u0131n \u00f6z do\u011fma yurd-\u00adyuvalar\u0131na qay\u0131d\u0131\u015f\u0131 tarixi z\u0259rur\u0259tdir. Beyn\u0259lxalq h\u00fcquqa g\u00f6r\u0259, h\u0259r k\u0259sin \u00f6z \u0259z\u0259li v\u0259t\u0259nind\u0259 ya\u015famaq h\u00fcququ var v\u0259 bu h\u00fcquq beyn\u0259lxalq konvensiyalarda t\u0259sbit edilib. Prezident \u0130lham \u018fliyevin apard\u0131\u011f\u0131 u\u011furlu daxili v\u0259 xarici siyas\u0259t say\u0259sind\u0259 tarixi torpa\u011f\u0131m\u0131z olan Q\u0259rbi Az\u0259rbaycana qay\u0131daca\u011f\u0131m\u0131z g\u00fcn he\u00e7 d\u0259 uzaqda deyil. D\u00f6vl\u0259t ba\u015f\u00e7\u0131m\u0131z\u0131n s\u00f6yl\u0259diyi kimi, \u00f6z\u00fc d\u0259 biz oraya tanklarla yox, avtomobill\u0259rl\u0259 g\u0259l\u0259c\u0259yik. Bu is\u0259 o dem\u0259kdir ki, Qaraba\u011fa, \u015e\u0259rqi Z\u0259ng\u0259zura qay\u0131dan xalq\u0131m\u0131z buna da nail olacaq!<\/p>\n<p><strong>Qvami M\u0259h\u0259bb\u0259to\u011flu, \u201c\u0130ki sahil\u201d<\/strong><\/p>\n","protected":false},"excerpt":{"rendered":"<p>Bu g\u00fcnl\u0259rd\u0259 Erm\u0259nistan\u0131n ba\u015f naziri Nikol Pa\u015finyan Q\u0259rbi Az\u0259rbaycan m\u0259s\u0259l\u0259si v\u0259 uydurma \u201cQ\u0259rbi Erm\u0259nistan\u201d anlay\u0131\u015f\u0131 aras\u0131nda paralellik aparmaq c\u0259hdin\u0259 ba\u015f vurub. Halbuki, buna c\u0259hd etm\u0259k cahillikd\u0259n ba\u015fqa bir \u015fey deyil. \u00c7\u00fcnki \u201cQ\u0259rbi Az\u0259rbaycan\u201d dedikd\u0259 etnik t\u0259mizl\u0259m\u0259y\u0259 m\u0259ruz qalm\u0131\u015f az\u0259rbaycanl\u0131lar\u0131n Erm\u0259nistana dinc, t\u0259hl\u00fck\u0259siz v\u0259 l\u0259yaq\u0259tli \u015f\u0259kild\u0259 qay\u0131d\u0131\u015f\u0131 n\u0259z\u0259rd\u0259 tutulur. \u00a0\u201cQ\u0259rbi Erm\u0259nistan\u201d is\u0259 Erm\u0259nistan\u0131n konstitusiyas\u0131 v\u0259 t\u0259cav\u00fczkar \u00f6lk\u0259nin \u00a0dig\u0259r \u0259sas s\u0259n\u0259dl\u0259rind\u0259 v\u0259 siyasi add\u0131mlar\u0131nda Az\u0259rbaycana v\u0259 dig\u0259r d\u00f6vl\u0259tl\u0259r\u0259 qar\u015f\u0131 \u0259ksini tapm\u0131\u015f \u0259razi iddias\u0131d\u0131r. Bu is\u0259 bizim insan h\u00fcquqlar\u0131na \u0259saslanan haqq i\u015fimizi \u0259razi iddias\u0131 il\u0259 m\u00fcqayis\u0259 etm\u0259kdir.\u00a0 G\u00f6r\u00fcnd\u00fcy\u00fc kimi, Nikol Pa\u015finyan bu absurd&hellip;<\/p>\n","protected":false},"author":2,"featured_media":771270,"comment_status":"closed","ping_status":"closed","sticky":false,"template":"","format":"standard","meta":{"om_disable_all_campaigns":false,"_monsterinsights_skip_tracking":false,"_monsterinsights_sitenote_active":false,"_monsterinsights_sitenote_note":"","_monsterinsights_sitenote_category":0},"categories":[19],"tags":[],"aioseo_notices":[],"gutentor_comment":0,"rttpg_featured_image_url":{"full":["https:\/\/arantv.az\/wp-content\/uploads\/2024\/11\/688f3fe7167240890839132759711067016-1.jpg",975,540,false],"landscape":["https:\/\/arantv.az\/wp-content\/uploads\/2024\/11\/688f3fe7167240890839132759711067016-1.jpg",975,540,false],"portraits":["https:\/\/arantv.az\/wp-content\/uploads\/2024\/11\/688f3fe7167240890839132759711067016-1.jpg",975,540,false],"thumbnail":["https:\/\/arantv.az\/wp-content\/uploads\/2024\/11\/688f3fe7167240890839132759711067016-1-500x280.jpg",500,280,true],"medium":["https:\/\/arantv.az\/wp-content\/uploads\/2024\/11\/688f3fe7167240890839132759711067016-1-660x365.jpg",660,365,true],"large":["https:\/\/arantv.az\/wp-content\/uploads\/2024\/11\/688f3fe7167240890839132759711067016-1-840x465.jpg",640,354,true],"1536x1536":["https:\/\/arantv.az\/wp-content\/uploads\/2024\/11\/688f3fe7167240890839132759711067016-1.jpg",975,540,false],"2048x2048":["https:\/\/arantv.az\/wp-content\/uploads\/2024\/11\/688f3fe7167240890839132759711067016-1.jpg",975,540,false],"post-thumbnail":["https:\/\/arantv.az\/wp-content\/uploads\/2024\/11\/688f3fe7167240890839132759711067016-1-240x172.jpg",240,172,true],"advps-thumb-one":["https:\/\/arantv.az\/wp-content\/uploads\/2024\/11\/688f3fe7167240890839132759711067016-1.jpg",975,540,false]},"rttpg_author":{"display_name":"V\u00fcsal Rafiqo\u011flu","author_link":"https:\/\/arantv.az\/?author=2"},"rttpg_comment":0,"rttpg_category":"<a href=\"https:\/\/arantv.az\/?cat=19\" rel=\"category\">G\u00fcnd\u0259m<\/a>","rttpg_excerpt":"Bu g\u00fcnl\u0259rd\u0259 Erm\u0259nistan\u0131n ba\u015f naziri Nikol Pa\u015finyan Q\u0259rbi Az\u0259rbaycan m\u0259s\u0259l\u0259si v\u0259 uydurma \u201cQ\u0259rbi Erm\u0259nistan\u201d anlay\u0131\u015f\u0131 aras\u0131nda paralellik aparmaq c\u0259hdin\u0259 ba\u015f vurub. Halbuki, buna c\u0259hd etm\u0259k cahillikd\u0259n ba\u015fqa bir \u015fey deyil. \u00c7\u00fcnki \u201cQ\u0259rbi Az\u0259rbaycan\u201d dedikd\u0259 etnik t\u0259mizl\u0259m\u0259y\u0259 m\u0259ruz qalm\u0131\u015f az\u0259rbaycanl\u0131lar\u0131n Erm\u0259nistana dinc, t\u0259hl\u00fck\u0259siz v\u0259 l\u0259yaq\u0259tli \u015f\u0259kild\u0259 qay\u0131d\u0131\u015f\u0131 n\u0259z\u0259rd\u0259 tutulur. \u00a0\u201cQ\u0259rbi Erm\u0259nistan\u201d is\u0259 Erm\u0259nistan\u0131n konstitusiyas\u0131 v\u0259 t\u0259cav\u00fczkar&hellip;","_links":{"self":[{"href":"https:\/\/arantv.az\/index.php?rest_route=\/wp\/v2\/posts\/771269"}],"collection":[{"href":"https:\/\/arantv.az\/index.php?rest_route=\/wp\/v2\/posts"}],"about":[{"href":"https:\/\/arantv.az\/index.php?rest_route=\/wp\/v2\/types\/post"}],"author":[{"embeddable":true,"href":"https:\/\/arantv.az\/index.php?rest_route=\/wp\/v2\/users\/2"}],"replies":[{"embeddable":true,"href":"https:\/\/arantv.az\/index.php?rest_route=%2Fwp%2Fv2%2Fcomments&post=771269"}],"version-history":[{"count":2,"href":"https:\/\/arantv.az\/index.php?rest_route=\/wp\/v2\/posts\/771269\/revisions"}],"predecessor-version":[{"id":771272,"href":"https:\/\/arantv.az\/index.php?rest_route=\/wp\/v2\/posts\/771269\/revisions\/771272"}],"wp:featuredmedia":[{"embeddable":true,"href":"https:\/\/arantv.az\/index.php?rest_route=\/wp\/v2\/media\/771270"}],"wp:attachment":[{"href":"https:\/\/arantv.az\/index.php?rest_route=%2Fwp%2Fv2%2Fmedia&parent=771269"}],"wp:term":[{"taxonomy":"category","embeddable":true,"href":"https:\/\/arantv.az\/index.php?rest_route=%2Fwp%2Fv2%2Fcategories&post=771269"},{"taxonomy":"post_tag","embeddable":true,"href":"https:\/\/arantv.az\/index.php?rest_route=%2Fwp%2Fv2%2Ftags&post=771269"}],"curies":[{"name":"wp","href":"https:\/\/api.w.org\/{rel}","templated":true}]}}