{"id":771728,"date":"2024-11-28T17:41:47","date_gmt":"2024-11-28T13:41:47","guid":{"rendered":"https:\/\/arantv.az\/?p=771728"},"modified":"2024-11-28T17:41:47","modified_gmt":"2024-11-28T13:41:47","slug":"sabahin-havasi-il%c9%99-bagli-x%c9%99b%c9%99rdarli-leysan-olacaq","status":"publish","type":"post","link":"https:\/\/arantv.az\/?p=771728","title":{"rendered":"Sabah\u0131n havas\u0131 il\u0259 ba\u011fl\u0131 X\u018fB\u018fRDARLI &#8211; Leysan olacaq"},"content":{"rendered":"<div class=\"text-content\" data-id=\"\" data-url=\"\">\n<p><strong>Sabahdan Az\u0259rbaycan\u0131n ayr\u0131-ayr\u0131 yerl\u0259rind\u0259 hava \u015f\u0259raitinin leysan xarakterli olaca\u011f\u0131, da\u011fl\u0131q rayonlar\u0131nda qar ya\u011faca\u011f\u0131 ehtimal\u0131 var.<\/strong><\/p>\n<p><strong>ARANTV.AZ <\/strong>\u00a0x\u0259b\u0259r verir ki, bu bar\u0259d\u0259 Milli Hidrometeorologiya Xidm\u0259ti m\u0259lumat yay\u0131b.<\/p>\n<p>Qeyd edilib ki, noyabr\u0131n 29-u g\u00fcn\u00fcn birinci yar\u0131s\u0131nda Quba-Qusar zonas\u0131nda, 30-da is\u0259 L\u0259nk\u0259ran-Astara zonas\u0131n\u0131n b\u0259zi yerl\u0259rind\u0259 arabir ya\u011f\u0131nt\u0131l\u0131 olaca\u011f\u0131 g\u00f6zl\u0259nilir.<\/p>\n<p>\u00c7aylarda sululu\u011fun artaca\u011f\u0131, x\u00fcsusil\u0259 d\u0259 L\u0259nk\u0259ran-Astara b\u00f6lg\u0259sinin b\u0259zi \u00e7aylar\u0131ndan q\u0131sam\u00fcdd\u0259tli da\u015fq\u0131n v\u0259 sel ke\u00e7\u0259c\u0259yi ehtimal olunur.<\/p>\n<\/div>\n<div><\/div>\n<div><\/div>\n<div class=\"inner-social-box\">\n<div class=\"subs-in-social subs-whatsapp\"><\/div>\n<\/div>\n","protected":false},"excerpt":{"rendered":"<p>Sabahdan Az\u0259rbaycan\u0131n ayr\u0131-ayr\u0131 yerl\u0259rind\u0259 hava \u015f\u0259raitinin leysan xarakterli olaca\u011f\u0131, da\u011fl\u0131q rayonlar\u0131nda qar ya\u011faca\u011f\u0131 ehtimal\u0131 var. ARANTV.AZ \u00a0x\u0259b\u0259r verir ki, bu bar\u0259d\u0259 Milli Hidrometeorologiya Xidm\u0259ti m\u0259lumat yay\u0131b. Qeyd edilib ki, noyabr\u0131n 29-u g\u00fcn\u00fcn birinci yar\u0131s\u0131nda Quba-Qusar zonas\u0131nda, 30-da is\u0259 L\u0259nk\u0259ran-Astara zonas\u0131n\u0131n b\u0259zi yerl\u0259rind\u0259 arabir ya\u011f\u0131nt\u0131l\u0131 olaca\u011f\u0131 g\u00f6zl\u0259nilir. \u00c7aylarda sululu\u011fun artaca\u011f\u0131, x\u00fcsusil\u0259 d\u0259 L\u0259nk\u0259ran-Astara b\u00f6lg\u0259sinin b\u0259zi \u00e7aylar\u0131ndan q\u0131sam\u00fcdd\u0259tli da\u015fq\u0131n v\u0259 sel ke\u00e7\u0259c\u0259yi ehtimal olunur.<\/p>\n","protected":false},"author":2,"featured_media":771730,"comment_status":"closed","ping_status":"closed","sticky":false,"template":"","format":"standard","meta":{"om_disable_all_campaigns":false,"_monsterinsights_skip_tracking":false,"_monsterinsights_sitenote_active":false,"_monsterinsights_sitenote_note":"","_monsterinsights_sitenote_category":0},"categories":[22],"tags":[],"aioseo_notices":[],"gutentor_comment":0,"rttpg_featured_image_url":{"full":["https:\/\/arantv.az\/wp-content\/uploads\/2024\/11\/d6588763a851d16808e98946d4ee2ea9-1.jpg",850,500,false],"landscape":["https:\/\/arantv.az\/wp-content\/uploads\/2024\/11\/d6588763a851d16808e98946d4ee2ea9-1.jpg",850,500,false],"portraits":["https:\/\/arantv.az\/wp-content\/uploads\/2024\/11\/d6588763a851d16808e98946d4ee2ea9-1.jpg",850,500,false],"thumbnail":["https:\/\/arantv.az\/wp-content\/uploads\/2024\/11\/d6588763a851d16808e98946d4ee2ea9-1-500x280.jpg",500,280,true],"medium":["https:\/\/arantv.az\/wp-content\/uploads\/2024\/11\/d6588763a851d16808e98946d4ee2ea9-1-621x365.jpg",621,365,true],"large":["https:\/\/arantv.az\/wp-content\/uploads\/2024\/11\/d6588763a851d16808e98946d4ee2ea9-1-840x494.jpg",640,376,true],"1536x1536":["https:\/\/arantv.az\/wp-content\/uploads\/2024\/11\/d6588763a851d16808e98946d4ee2ea9-1.jpg",850,500,false],"2048x2048":["https:\/\/arantv.az\/wp-content\/uploads\/2024\/11\/d6588763a851d16808e98946d4ee2ea9-1.jpg",850,500,false],"post-thumbnail":["https:\/\/arantv.az\/wp-content\/uploads\/2024\/11\/d6588763a851d16808e98946d4ee2ea9-1-240x172.jpg",240,172,true],"advps-thumb-one":["https:\/\/arantv.az\/wp-content\/uploads\/2024\/11\/d6588763a851d16808e98946d4ee2ea9-1.jpg",850,500,false]},"rttpg_author":{"display_name":"V\u00fcsal Rafiqo\u011flu","author_link":"https:\/\/arantv.az\/?author=2"},"rttpg_comment":0,"rttpg_category":"<a href=\"https:\/\/arantv.az\/?cat=22\" rel=\"category\">Hava<\/a>","rttpg_excerpt":"Sabahdan Az\u0259rbaycan\u0131n ayr\u0131-ayr\u0131 yerl\u0259rind\u0259 hava \u015f\u0259raitinin leysan xarakterli olaca\u011f\u0131, da\u011fl\u0131q rayonlar\u0131nda qar ya\u011faca\u011f\u0131 ehtimal\u0131 var. ARANTV.AZ \u00a0x\u0259b\u0259r verir ki, bu bar\u0259d\u0259 Milli Hidrometeorologiya Xidm\u0259ti m\u0259lumat yay\u0131b. Qeyd edilib ki, noyabr\u0131n 29-u g\u00fcn\u00fcn birinci yar\u0131s\u0131nda Quba-Qusar zonas\u0131nda, 30-da is\u0259 L\u0259nk\u0259ran-Astara zonas\u0131n\u0131n b\u0259zi yerl\u0259rind\u0259 arabir ya\u011f\u0131nt\u0131l\u0131 olaca\u011f\u0131 g\u00f6zl\u0259nilir. \u00c7aylarda sululu\u011fun artaca\u011f\u0131, x\u00fcsusil\u0259 d\u0259 L\u0259nk\u0259ran-Astara b\u00f6lg\u0259sinin b\u0259zi \u00e7aylar\u0131ndan&hellip;","_links":{"self":[{"href":"https:\/\/arantv.az\/index.php?rest_route=\/wp\/v2\/posts\/771728"}],"collection":[{"href":"https:\/\/arantv.az\/index.php?rest_route=\/wp\/v2\/posts"}],"about":[{"href":"https:\/\/arantv.az\/index.php?rest_route=\/wp\/v2\/types\/post"}],"author":[{"embeddable":true,"href":"https:\/\/arantv.az\/index.php?rest_route=\/wp\/v2\/users\/2"}],"replies":[{"embeddable":true,"href":"https:\/\/arantv.az\/index.php?rest_route=%2Fwp%2Fv2%2Fcomments&post=771728"}],"version-history":[{"count":1,"href":"https:\/\/arantv.az\/index.php?rest_route=\/wp\/v2\/posts\/771728\/revisions"}],"predecessor-version":[{"id":771731,"href":"https:\/\/arantv.az\/index.php?rest_route=\/wp\/v2\/posts\/771728\/revisions\/771731"}],"wp:featuredmedia":[{"embeddable":true,"href":"https:\/\/arantv.az\/index.php?rest_route=\/wp\/v2\/media\/771730"}],"wp:attachment":[{"href":"https:\/\/arantv.az\/index.php?rest_route=%2Fwp%2Fv2%2Fmedia&parent=771728"}],"wp:term":[{"taxonomy":"category","embeddable":true,"href":"https:\/\/arantv.az\/index.php?rest_route=%2Fwp%2Fv2%2Fcategories&post=771728"},{"taxonomy":"post_tag","embeddable":true,"href":"https:\/\/arantv.az\/index.php?rest_route=%2Fwp%2Fv2%2Ftags&post=771728"}],"curies":[{"name":"wp","href":"https:\/\/api.w.org\/{rel}","templated":true}]}}