{"id":771732,"date":"2024-11-28T17:43:05","date_gmt":"2024-11-28T13:43:05","guid":{"rendered":"https:\/\/arantv.az\/?p=771732"},"modified":"2024-11-28T17:43:05","modified_gmt":"2024-11-28T13:43:05","slug":"qafqazda-ikinci-c%c9%99bh%c9%99-acilir-muharib%c9%99-az%c9%99rbaycanla-s%c9%99rh%c9%99d%c9%99-yaxinlasir","status":"publish","type":"post","link":"https:\/\/arantv.az\/?p=771732","title":{"rendered":"Qafqazda ikinci c\u0259bh\u0259 a\u00e7\u0131l\u0131r: M\u00fcharib\u0259 Az\u0259rbaycanla s\u0259rh\u0259d\u0259 yax\u0131nla\u015f\u0131r"},"content":{"rendered":"<p>\u201cErm\u0259nistan\u0131n m\u00f6vcud siyasi hakimiyy\u0259tinin davran\u0131\u015flar\u0131, h\u0259m\u00e7inin, revan\u015f\u00e7\u0131 q\u00fcvv\u0259l\u0259rin f\u0259aliyy\u0259tinin stimulla\u015fd\u0131r\u0131lmas\u0131 il\u0259 ba\u011fl\u0131 at\u0131lan add\u0131mlar Pa\u015finyan h\u00f6kum\u0259tinin \u0259n az\u0131 q\u0131sam\u00fcdd\u0259tli lokal qar\u015f\u0131durmaya haz\u0131rla\u015fd\u0131\u011f\u0131n\u0131 s\u00fcbuta yetirir\u201d.<\/p>\n<p>Bunu\u00a0<strong>Musavat.com<\/strong>-a a\u00e7\u0131qlamas\u0131nda mill\u0259t v\u0259kili El\u00e7in Mirz\u0259b\u0259yli deyib. Onun s\u00f6zl\u0259rin\u0259 g\u00f6r\u0259, bel\u0259 bir ehtimal\u0131n realla\u015fa bil\u0259c\u0259yini xarici t\u0259hrik\u00e7i q\u00fcvv\u0259l\u0259rin son zamanlar s\u0259rgil\u0259dikl\u0259ri, regionda sabitliyin pozulmas\u0131, h\u0259m\u00e7inin Erm\u0259nistan\u0131n silahland\u0131r\u0131lmas\u0131 istiqam\u0259tind\u0259 atd\u0131qlar\u0131 intensiv add\u0131mlar da t\u0259sdiql\u0259yir.<\/p>\n<p>\u201cBu s\u0131raya, haz\u0131rda he\u00e7 bir h\u00fcququ statusu v\u0259 mandat\u0131 olmayan, Erm\u0259nistan-Az\u0259rbaycan s\u0259rh\u0259dind\u0259 \u00f6z t\u0259hrik\u00e7i, pozucu f\u0259aliyy\u0259tini Praqa raz\u0131la\u015fmas\u0131n\u0131n kobud \u015f\u0259kild\u0259 pozulmas\u0131 il\u0259 davam etdir\u0259n Avropa \u0130ttifaq\u0131n\u0131n \u201cmissiyas\u0131\u201dn\u0131n \u0259m\u0259ll\u0259rini, o c\u00fcml\u0259d\u0259n Pol\u015fa prezidenti Anjey Dudan\u0131n s\u0259rh\u0259d b\u00f6lg\u0259sin\u0259, h\u0259l\u0259 d\u0259 i\u015f\u011fal\u0131 alt\u0131nda olan K\u0259rki k\u0259ndin\u0259 yax\u0131n \u0259raziy\u0259 ged\u0259r\u0259k, A\u0130-nin \u201cmissiyas\u0131\u201d il\u0259 birg\u0259 Az\u0259rbaycan \u0259leyhin\u0259 t\u0259bli\u011fatda i\u015ftirak\u0131n\u0131 da \u0259lav\u0259 ets\u0259k, z\u0259nnimc\u0259 \u00fcmumi m\u0259nz\u0259r\u0259 haqq\u0131nda n\u0259tic\u0259 \u00e7\u0131xarmaq m\u00fcmk\u00fcnd\u00fcr. Q\u0259na\u0259tim\u0259 g\u00f6r\u0259, Pol\u015fa prezidentinin bu h\u0259r\u0259k\u0259tl\u0259rin\u0259 x\u00fcsusi diqq\u0259t yetirilm\u0259sin\u0259 ehtiyac var. \u00c7\u00fcnki Pol\u015fa az qala 30 ild\u0259n \u00e7oxdur ki, Q\u0259rbin postsovet m\u0259kan\u0131ndak\u0131 pozucu, da\u011f\u0131d\u0131c\u0131 layih\u0259l\u0259rinin h\u0259yata ke\u00e7irilm\u0259sind\u0259 i\u015ftirak ed\u0259n v\u0259 ya ed\u0259c\u0259k t\u0259sir agentl\u0259rinin \u201cyeti\u015fdirilm\u0259sind\u0259\u201d \u00f6n s\u0131rada dayanan, \u201cSoros Fondu\u201d, NED v\u0259 dig\u0259r bu kimi qlobal casus \u015f\u0259b\u0259k\u0259sinin formala\u015fd\u0131r\u0131lmas\u0131na ba\u015f\u00e7\u0131l\u0131q ed\u0259n geosiyasi t\u0259zyiq t\u0259sisatlar\u0131na ev sahibliyi ed\u0259n, onlar\u0131n f\u0259aliyy\u0259tin\u0259 d\u0259st\u0259k ver\u0259n bir \u00f6lk\u0259dir. Haz\u0131rda \u015e\u0259rqi Avropada ba\u015f ver\u0259n qar\u015f\u0131durmalarda, h\u0259m\u00e7inin G\u00fcrc\u00fcstanda t\u0259sir agentl\u0259rinin i\u015ftirak\u0131 il\u0259 c\u0259r\u0259yan ed\u0259n prosesl\u0259rd\u0259, o c\u00fcml\u0259d\u0259n Erm\u0259nistan\u0131n silahland\u0131r\u0131lmas\u0131nda v\u0259 Q\u0259rbin Erm\u0259nistandak\u0131 n\u00fcfuz agentl\u0259rinin maliyy\u0259l\u0259\u015fdirilm\u0259sind\u0259 Pol\u015fa siyasil\u0259ri v\u0259 t\u0259sisatlar\u0131 birba\u015fa, yaxud dolay\u0131s\u0131yla i\u015ftirak edirl\u0259r\u201d.<\/p>\n<p><img src=\"https:\/\/azertag.az\/files\/2022\/1\/1200x630\/1650702329225314399_1200x630.jpg\" alt=\"El\u00e7in Mirz\u0259b\u0259yli: Z\u0259f\u0259r Qurultay\u0131 Az\u0259rbaycan diasporunun tarixind\u0259 yeni bir  m\u0259rh\u0259l\u0259nin ba\u015flan\u011f\u0131c\u0131d\u0131r - AZ\u018fRTAC\" \/><\/p>\n<p><strong>Politoloq deyir ki, Erm\u0259nistan\u0131n yenid\u0259n canlanmaqda olan m\u00fcharib\u0259 avant\u00fcras\u0131 Q\u0259rbin n\u00f6vb\u0259ti t\u0259xribat ssenarisinin t\u0259rkib hiss\u0259sidir v\u0259 burada Erm\u0259nistan hakimiyy\u0259ti il\u0259 Q\u0259rbin maraqlar\u0131 \u00fcst \u00fcst\u0259 d\u00fc\u015f\u00fcr:<\/strong><\/p>\n<p>\u201cErm\u0259nistan hakimiyy\u0259ti bununla ilk n\u00f6vb\u0259d\u0259 yerl\u0259 bir olmada olan n\u00fcfuzunu b\u0259rpa etm\u0259y\u0259 v\u0259 2026-c\u0131 ild\u0259 ke\u00e7iril\u0259c\u0259k se\u00e7kil\u0259rd\u0259 istifad\u0259 etm\u0259k \u00fc\u00e7\u00fcn lokal da olsa \u00fcst\u00fcnl\u00fck qazanma\u011fa, h\u0259m\u00e7inin Fransa v\u0259 dig\u0259r imperialist q\u00fcvv\u0259l\u0259rin satelliti statusunu r\u0259smil\u0259\u015fdirm\u0259kl\u0259, Q\u0259rbi v\u0259 M\u0259rk\u0259zi Asiyada, \u0259sas\u0259n t\u00fcrk d\u00f6vl\u0259tinin i\u015ftirak\u0131 il\u0259 ger\u00e7\u0259kl\u0259\u015fm\u0259kd\u0259 olan subregional inteqrasiya prosesl\u0259rin\u0259 mane\u0259 yaratma\u011fa \u00e7al\u0131\u015f\u0131r.<\/p>\n<p>\u015e\u00fcbh\u0259siz ki, b\u00fct\u00fcn bunlar, Q\u0259rbin Erm\u0259nistandak\u0131 say\u0131 3 min n\u0259f\u0259rd\u0259n \u00e7ox olan texnoloqlar\u0131n haz\u0131rlad\u0131qlar\u0131 yax\u0131n v\u0259 uzunm\u00fcdd\u0259tli inki\u015faf ssenaril\u0259ri \u0259sas\u0131nda h\u0259yata ke\u00e7irilir. Q\u0259rbin m\u0259qs\u0259di is\u0259 Az\u0259rbaycan\u0131n b\u00f6lg\u0259d\u0259 yaratd\u0131\u011f\u0131 v\u0259 t\u0259kc\u0259 C\u0259nubi Qafqaza deyil, Avrasiyan\u0131n \u00e7ox \u00f6n\u0259mli, strateji resurslarla z\u0259ngin, n\u0259qliyyat d\u0259hlizl\u0259ri \u00fc\u00e7\u00fcn \u00e7ox \u00f6n\u0259mli bir hiss\u0259sin\u0259 t\u0259sir g\u00f6st\u0259r\u0259n, s\u00fclh\u0259, t\u0259hl\u00fck\u0259sizliy\u0259, regional v\u0259 subregional \u0259m\u0259kda\u015fl\u0131\u011f\u0131n inki\u015faf\u0131na yol a\u00e7an reall\u0131qlar\u0131 m\u00fcmk\u00fcn q\u0259d\u0259r d\u0259yi\u015fm\u0259kd\u0259n v\u0259 xaos ssenaril\u0259ri il\u0259 \u0259v\u0259zl\u0259m\u0259kl\u0259 b\u00f6lg\u0259y\u0259 n\u00fcfuz etm\u0259kd\u0259n ibar\u0259tdir.<\/p>\n<p>Ukraynada u\u011fursuzlu\u011fa d\u00fc\u00e7ar olan Q\u0259rbin C\u0259nubi Qafqaza Erm\u0259nistan vasit\u0259sil\u0259 n\u00fcfuz etm\u0259k c\u0259hdl\u0259rinin \u0259sas m\u0259qs\u0259dl\u0259rind\u0259n biri d\u0259 Rusiyaya qar\u015f\u0131, kifay\u0259t q\u0259d\u0259r h\u0259ssas bir b\u00f6lg\u0259d\u0259n ikinci c\u0259bh\u0259 a\u00e7maqdan, diqq\u0259ti \u015e\u0259rqi Avropadan yay\u0131nd\u0131rmaqdan ibar\u0259tdir. Bu prosesd\u0259, daha \u00f6nc\u0259 qeyd etdiyim kimi, Pol\u015fan\u0131n da yer almas\u0131, \u015e\u0259rqi Avropadak\u0131 t\u0259hrik\u00e7i h\u0259r\u0259k\u0259tl\u0259rin\u0259 g\u00f6r\u0259, h\u0259d\u0259fd\u0259 olan bu \u00f6lk\u0259nin d\u0259 diqq\u0259ti \u00f6z \u00fcz\u0259rind\u0259n yay\u0131nd\u0131rmaq niyy\u0259tind\u0259n qaynaqlan\u0131r\u201d.<\/p>\n","protected":false},"excerpt":{"rendered":"<p>\u201cErm\u0259nistan\u0131n m\u00f6vcud siyasi hakimiyy\u0259tinin davran\u0131\u015flar\u0131, h\u0259m\u00e7inin, revan\u015f\u00e7\u0131 q\u00fcvv\u0259l\u0259rin f\u0259aliyy\u0259tinin stimulla\u015fd\u0131r\u0131lmas\u0131 il\u0259 ba\u011fl\u0131 at\u0131lan add\u0131mlar Pa\u015finyan h\u00f6kum\u0259tinin \u0259n az\u0131 q\u0131sam\u00fcdd\u0259tli lokal qar\u015f\u0131durmaya haz\u0131rla\u015fd\u0131\u011f\u0131n\u0131 s\u00fcbuta yetirir\u201d. Bunu\u00a0Musavat.com-a a\u00e7\u0131qlamas\u0131nda mill\u0259t v\u0259kili El\u00e7in Mirz\u0259b\u0259yli deyib. Onun s\u00f6zl\u0259rin\u0259 g\u00f6r\u0259, bel\u0259 bir ehtimal\u0131n realla\u015fa bil\u0259c\u0259yini xarici t\u0259hrik\u00e7i q\u00fcvv\u0259l\u0259rin son zamanlar s\u0259rgil\u0259dikl\u0259ri, regionda sabitliyin pozulmas\u0131, h\u0259m\u00e7inin Erm\u0259nistan\u0131n silahland\u0131r\u0131lmas\u0131 istiqam\u0259tind\u0259 atd\u0131qlar\u0131 intensiv add\u0131mlar da t\u0259sdiql\u0259yir. \u201cBu s\u0131raya, haz\u0131rda he\u00e7 bir h\u00fcququ statusu v\u0259 mandat\u0131 olmayan, Erm\u0259nistan-Az\u0259rbaycan s\u0259rh\u0259dind\u0259 \u00f6z t\u0259hrik\u00e7i, pozucu f\u0259aliyy\u0259tini Praqa raz\u0131la\u015fmas\u0131n\u0131n kobud \u015f\u0259kild\u0259 pozulmas\u0131 il\u0259 davam etdir\u0259n Avropa \u0130ttifaq\u0131n\u0131n \u201cmissiyas\u0131\u201dn\u0131n \u0259m\u0259ll\u0259rini, o c\u00fcml\u0259d\u0259n Pol\u015fa prezidenti Anjey&hellip;<\/p>\n","protected":false},"author":2,"featured_media":771733,"comment_status":"closed","ping_status":"closed","sticky":false,"template":"","format":"standard","meta":{"om_disable_all_campaigns":false,"_monsterinsights_skip_tracking":false,"_monsterinsights_sitenote_active":false,"_monsterinsights_sitenote_note":"","_monsterinsights_sitenote_category":0},"categories":[19],"tags":[],"aioseo_notices":[],"gutentor_comment":0,"rttpg_featured_image_url":{"full":["https:\/\/arantv.az\/wp-content\/uploads\/2024\/11\/1977938f0e4df4aa57e8e9da48b5a787.jpg",700,388,false],"landscape":["https:\/\/arantv.az\/wp-content\/uploads\/2024\/11\/1977938f0e4df4aa57e8e9da48b5a787.jpg",700,388,false],"portraits":["https:\/\/arantv.az\/wp-content\/uploads\/2024\/11\/1977938f0e4df4aa57e8e9da48b5a787.jpg",700,388,false],"thumbnail":["https:\/\/arantv.az\/wp-content\/uploads\/2024\/11\/1977938f0e4df4aa57e8e9da48b5a787-500x280.jpg",500,280,true],"medium":["https:\/\/arantv.az\/wp-content\/uploads\/2024\/11\/1977938f0e4df4aa57e8e9da48b5a787-660x365.jpg",660,365,true],"large":["https:\/\/arantv.az\/wp-content\/uploads\/2024\/11\/1977938f0e4df4aa57e8e9da48b5a787.jpg",640,355,false],"1536x1536":["https:\/\/arantv.az\/wp-content\/uploads\/2024\/11\/1977938f0e4df4aa57e8e9da48b5a787.jpg",700,388,false],"2048x2048":["https:\/\/arantv.az\/wp-content\/uploads\/2024\/11\/1977938f0e4df4aa57e8e9da48b5a787.jpg",700,388,false],"post-thumbnail":["https:\/\/arantv.az\/wp-content\/uploads\/2024\/11\/1977938f0e4df4aa57e8e9da48b5a787-240x172.jpg",240,172,true],"advps-thumb-one":["https:\/\/arantv.az\/wp-content\/uploads\/2024\/11\/1977938f0e4df4aa57e8e9da48b5a787.jpg",700,388,false]},"rttpg_author":{"display_name":"V\u00fcsal Rafiqo\u011flu","author_link":"https:\/\/arantv.az\/?author=2"},"rttpg_comment":0,"rttpg_category":"<a href=\"https:\/\/arantv.az\/?cat=19\" rel=\"category\">G\u00fcnd\u0259m<\/a>","rttpg_excerpt":"\u201cErm\u0259nistan\u0131n m\u00f6vcud siyasi hakimiyy\u0259tinin davran\u0131\u015flar\u0131, h\u0259m\u00e7inin, revan\u015f\u00e7\u0131 q\u00fcvv\u0259l\u0259rin f\u0259aliyy\u0259tinin stimulla\u015fd\u0131r\u0131lmas\u0131 il\u0259 ba\u011fl\u0131 at\u0131lan add\u0131mlar Pa\u015finyan h\u00f6kum\u0259tinin \u0259n az\u0131 q\u0131sam\u00fcdd\u0259tli lokal qar\u015f\u0131durmaya haz\u0131rla\u015fd\u0131\u011f\u0131n\u0131 s\u00fcbuta yetirir\u201d. Bunu\u00a0Musavat.com-a a\u00e7\u0131qlamas\u0131nda mill\u0259t v\u0259kili El\u00e7in Mirz\u0259b\u0259yli deyib. Onun s\u00f6zl\u0259rin\u0259 g\u00f6r\u0259, bel\u0259 bir ehtimal\u0131n realla\u015fa bil\u0259c\u0259yini xarici t\u0259hrik\u00e7i q\u00fcvv\u0259l\u0259rin son zamanlar s\u0259rgil\u0259dikl\u0259ri, regionda sabitliyin pozulmas\u0131, h\u0259m\u00e7inin Erm\u0259nistan\u0131n silahland\u0131r\u0131lmas\u0131 istiqam\u0259tind\u0259 atd\u0131qlar\u0131 intensiv add\u0131mlar&hellip;","_links":{"self":[{"href":"https:\/\/arantv.az\/index.php?rest_route=\/wp\/v2\/posts\/771732"}],"collection":[{"href":"https:\/\/arantv.az\/index.php?rest_route=\/wp\/v2\/posts"}],"about":[{"href":"https:\/\/arantv.az\/index.php?rest_route=\/wp\/v2\/types\/post"}],"author":[{"embeddable":true,"href":"https:\/\/arantv.az\/index.php?rest_route=\/wp\/v2\/users\/2"}],"replies":[{"embeddable":true,"href":"https:\/\/arantv.az\/index.php?rest_route=%2Fwp%2Fv2%2Fcomments&post=771732"}],"version-history":[{"count":1,"href":"https:\/\/arantv.az\/index.php?rest_route=\/wp\/v2\/posts\/771732\/revisions"}],"predecessor-version":[{"id":771734,"href":"https:\/\/arantv.az\/index.php?rest_route=\/wp\/v2\/posts\/771732\/revisions\/771734"}],"wp:featuredmedia":[{"embeddable":true,"href":"https:\/\/arantv.az\/index.php?rest_route=\/wp\/v2\/media\/771733"}],"wp:attachment":[{"href":"https:\/\/arantv.az\/index.php?rest_route=%2Fwp%2Fv2%2Fmedia&parent=771732"}],"wp:term":[{"taxonomy":"category","embeddable":true,"href":"https:\/\/arantv.az\/index.php?rest_route=%2Fwp%2Fv2%2Fcategories&post=771732"},{"taxonomy":"post_tag","embeddable":true,"href":"https:\/\/arantv.az\/index.php?rest_route=%2Fwp%2Fv2%2Ftags&post=771732"}],"curies":[{"name":"wp","href":"https:\/\/api.w.org\/{rel}","templated":true}]}}