{"id":771735,"date":"2024-11-28T17:44:21","date_gmt":"2024-11-28T13:44:21","guid":{"rendered":"https:\/\/arantv.az\/?p=771735"},"modified":"2024-11-28T17:44:21","modified_gmt":"2024-11-28T13:44:21","slug":"ugursuz-ail%c9%99-h%c9%99yatindan-danisan-%c9%99m%c9%99kdar-artist-ist%c9%99mis%c9%99m-ki-yasamisam-videovideo","status":"publish","type":"post","link":"https:\/\/arantv.az\/?p=771735","title":{"rendered":"U\u011fursuz ail\u0259 h\u0259yat\u0131ndan dan\u0131\u015fan \u018fm\u0259kdar artist: &#8220;\u0130st\u0259mi\u015f\u0259m ki, ya\u015fam\u0131\u015fam&#8221; &#8211; V\u0130DEOV\u0130DEO"},"content":{"rendered":"<div class=\"text-content\" data-id=\"\" data-url=\"\">\n<p>\u018fm\u0259kdar artist Nigar \u015eabanova \u015f\u0259xsi h\u0259yat\u0131 il\u0259 ba\u011fl\u0131 a\u00e7\u0131qlamalar verib.<\/p>\n<p>BAKU.WS x\u0259b\u0259r verir ki, &#8220;G\u00fcn Ortas\u0131&#8221; proqram\u0131na qonaq olan ifa\u00e7\u0131 ya\u015fad\u0131\u011f\u0131 u\u011fursuz ail\u0259 h\u0259yat\u0131ndan dan\u0131\u015f\u0131b.<\/p>\n<p>Nigar qeyd edib ki, h\u0259yatda insan\u0131n taleyin\u0259 n\u0259 yaz\u0131l\u0131bsa, onu da ya\u015fay\u0131r. Sad\u0259c\u0259 bunu faci\u0259y\u0259y\u0259 \u00e7evirm\u0259m\u0259k g\u0259r\u0259kdir.<\/p>\n<p>Xan\u0259nd\u0259 \u015f\u0259xsi h\u0259yat\u0131nda ba\u015f ver\u0259nl\u0259r\u0259 &#8220;\u0130st\u0259mi\u015f\u0259m ki, ya\u015fam\u0131\u015fam&#8221; dey\u0259 reaksiya verib.<\/p>\n<p>Xat\u0131rladaq ki, Nigar \u015eabanova 2021-ci ild\u0259 ail\u0259 qurub. S\u0259n\u0259t\u00e7i 2022-ci ild\u0259 h\u0259yat yolda\u015f\u0131ndan bo\u015fand\u0131\u011f\u0131n\u0131 a\u00e7\u0131qlay\u0131b.<\/p>\n<p>\u018ftrafl\u0131 videoda:<\/p>\n<p><iframe loading=\"lazy\" src=\"https:\/\/baku.tv\/embed\/169217\" width=\"640\" height=\"360\" frameborder=\"0\" scrolling=\"no\" allowfullscreen=\"allowfullscreen\" data-mce-fragment=\"1\"><\/iframe><\/p>\n<\/div>\n<div><\/div>\n<div><\/div>\n<div class=\"inner-social-box\">\n<div class=\"subs-in-social subs-whatsapp\"><\/div>\n<\/div>\n","protected":false},"excerpt":{"rendered":"<p>\u018fm\u0259kdar artist Nigar \u015eabanova \u015f\u0259xsi h\u0259yat\u0131 il\u0259 ba\u011fl\u0131 a\u00e7\u0131qlamalar verib. BAKU.WS x\u0259b\u0259r verir ki, &#8220;G\u00fcn Ortas\u0131&#8221; proqram\u0131na qonaq olan ifa\u00e7\u0131 ya\u015fad\u0131\u011f\u0131 u\u011fursuz ail\u0259 h\u0259yat\u0131ndan dan\u0131\u015f\u0131b. Nigar qeyd edib ki, h\u0259yatda insan\u0131n taleyin\u0259 n\u0259 yaz\u0131l\u0131bsa, onu da ya\u015fay\u0131r. Sad\u0259c\u0259 bunu faci\u0259y\u0259y\u0259 \u00e7evirm\u0259m\u0259k g\u0259r\u0259kdir. Xan\u0259nd\u0259 \u015f\u0259xsi h\u0259yat\u0131nda ba\u015f ver\u0259nl\u0259r\u0259 &#8220;\u0130st\u0259mi\u015f\u0259m ki, ya\u015fam\u0131\u015fam&#8221; dey\u0259 reaksiya verib. Xat\u0131rladaq ki, Nigar \u015eabanova 2021-ci ild\u0259 ail\u0259 qurub. S\u0259n\u0259t\u00e7i 2022-ci ild\u0259 h\u0259yat yolda\u015f\u0131ndan bo\u015fand\u0131\u011f\u0131n\u0131 a\u00e7\u0131qlay\u0131b. \u018ftrafl\u0131 videoda:<\/p>\n","protected":false},"author":2,"featured_media":771737,"comment_status":"closed","ping_status":"closed","sticky":false,"template":"","format":"standard","meta":{"om_disable_all_campaigns":false,"_monsterinsights_skip_tracking":false,"_monsterinsights_sitenote_active":false,"_monsterinsights_sitenote_note":"","_monsterinsights_sitenote_category":0},"categories":[20],"tags":[],"aioseo_notices":[],"gutentor_comment":0,"rttpg_featured_image_url":{"full":["https:\/\/arantv.az\/wp-content\/uploads\/2024\/11\/8609003d0b3d0ffec2d3efa8526550bf-1.jpg",870,500,false],"landscape":["https:\/\/arantv.az\/wp-content\/uploads\/2024\/11\/8609003d0b3d0ffec2d3efa8526550bf-1.jpg",870,500,false],"portraits":["https:\/\/arantv.az\/wp-content\/uploads\/2024\/11\/8609003d0b3d0ffec2d3efa8526550bf-1.jpg",870,500,false],"thumbnail":["https:\/\/arantv.az\/wp-content\/uploads\/2024\/11\/8609003d0b3d0ffec2d3efa8526550bf-1-500x280.jpg",500,280,true],"medium":["https:\/\/arantv.az\/wp-content\/uploads\/2024\/11\/8609003d0b3d0ffec2d3efa8526550bf-1-635x365.jpg",635,365,true],"large":["https:\/\/arantv.az\/wp-content\/uploads\/2024\/11\/8609003d0b3d0ffec2d3efa8526550bf-1-840x483.jpg",640,368,true],"1536x1536":["https:\/\/arantv.az\/wp-content\/uploads\/2024\/11\/8609003d0b3d0ffec2d3efa8526550bf-1.jpg",870,500,false],"2048x2048":["https:\/\/arantv.az\/wp-content\/uploads\/2024\/11\/8609003d0b3d0ffec2d3efa8526550bf-1.jpg",870,500,false],"post-thumbnail":["https:\/\/arantv.az\/wp-content\/uploads\/2024\/11\/8609003d0b3d0ffec2d3efa8526550bf-1-240x172.jpg",240,172,true],"advps-thumb-one":["https:\/\/arantv.az\/wp-content\/uploads\/2024\/11\/8609003d0b3d0ffec2d3efa8526550bf-1.jpg",870,500,false]},"rttpg_author":{"display_name":"V\u00fcsal Rafiqo\u011flu","author_link":"https:\/\/arantv.az\/?author=2"},"rttpg_comment":0,"rttpg_category":"<a href=\"https:\/\/arantv.az\/?cat=20\" rel=\"category\">\u015eou biznes<\/a>","rttpg_excerpt":"\u018fm\u0259kdar artist Nigar \u015eabanova \u015f\u0259xsi h\u0259yat\u0131 il\u0259 ba\u011fl\u0131 a\u00e7\u0131qlamalar verib. BAKU.WS x\u0259b\u0259r verir ki, &#8220;G\u00fcn Ortas\u0131&#8221; proqram\u0131na qonaq olan ifa\u00e7\u0131 ya\u015fad\u0131\u011f\u0131 u\u011fursuz ail\u0259 h\u0259yat\u0131ndan dan\u0131\u015f\u0131b. Nigar qeyd edib ki, h\u0259yatda insan\u0131n taleyin\u0259 n\u0259 yaz\u0131l\u0131bsa, onu da ya\u015fay\u0131r. Sad\u0259c\u0259 bunu faci\u0259y\u0259y\u0259 \u00e7evirm\u0259m\u0259k g\u0259r\u0259kdir. Xan\u0259nd\u0259 \u015f\u0259xsi h\u0259yat\u0131nda ba\u015f ver\u0259nl\u0259r\u0259 &#8220;\u0130st\u0259mi\u015f\u0259m ki, ya\u015fam\u0131\u015fam&#8221; dey\u0259 reaksiya verib. Xat\u0131rladaq ki,&hellip;","_links":{"self":[{"href":"https:\/\/arantv.az\/index.php?rest_route=\/wp\/v2\/posts\/771735"}],"collection":[{"href":"https:\/\/arantv.az\/index.php?rest_route=\/wp\/v2\/posts"}],"about":[{"href":"https:\/\/arantv.az\/index.php?rest_route=\/wp\/v2\/types\/post"}],"author":[{"embeddable":true,"href":"https:\/\/arantv.az\/index.php?rest_route=\/wp\/v2\/users\/2"}],"replies":[{"embeddable":true,"href":"https:\/\/arantv.az\/index.php?rest_route=%2Fwp%2Fv2%2Fcomments&post=771735"}],"version-history":[{"count":1,"href":"https:\/\/arantv.az\/index.php?rest_route=\/wp\/v2\/posts\/771735\/revisions"}],"predecessor-version":[{"id":771738,"href":"https:\/\/arantv.az\/index.php?rest_route=\/wp\/v2\/posts\/771735\/revisions\/771738"}],"wp:featuredmedia":[{"embeddable":true,"href":"https:\/\/arantv.az\/index.php?rest_route=\/wp\/v2\/media\/771737"}],"wp:attachment":[{"href":"https:\/\/arantv.az\/index.php?rest_route=%2Fwp%2Fv2%2Fmedia&parent=771735"}],"wp:term":[{"taxonomy":"category","embeddable":true,"href":"https:\/\/arantv.az\/index.php?rest_route=%2Fwp%2Fv2%2Fcategories&post=771735"},{"taxonomy":"post_tag","embeddable":true,"href":"https:\/\/arantv.az\/index.php?rest_route=%2Fwp%2Fv2%2Ftags&post=771735"}],"curies":[{"name":"wp","href":"https:\/\/api.w.org\/{rel}","templated":true}]}}