{"id":771751,"date":"2024-11-28T17:52:13","date_gmt":"2024-11-28T13:52:13","guid":{"rendered":"https:\/\/arantv.az\/?p=771751"},"modified":"2024-11-28T17:52:13","modified_gmt":"2024-11-28T13:52:13","slug":"rusiyada-az%c9%99rbaycanli-gull%c9%99l%c9%99ndi","status":"publish","type":"post","link":"https:\/\/arantv.az\/?p=771751","title":{"rendered":"Rusiyada az\u0259rbaycanl\u0131 G\u00dcLL\u018fL\u018fND\u0130"},"content":{"rendered":"<p><strong>Rusiyan\u0131n Moskva vilay\u0259tind\u0259 az\u0259rbaycanl\u0131 g\u00fcll\u0259l\u0259nib.<\/strong><\/p>\n<p>Hadis\u0259 \u0130van Franko k\u00fc\u00e7\u0259sind\u0259ki kafed\u0259 ba\u015f verib.<\/p>\n<p>Burada iki qrup m\u00fc\u015ft\u0259ri aras\u0131nda m\u00fcnaqi\u015f\u0259 yaran\u0131b. M\u00fcbahis\u0259nin q\u0131z\u011f\u0131n vaxt\u0131nda nam\u0259lum \u015f\u0259xsl\u0259rd\u0259n biri oradan travmatik tapan\u00e7a \u00e7\u0131xararaq 31 ya\u015fl\u0131 az\u0259rbaycanl\u0131ya bir ne\u00e7\u0259 d\u0259f\u0259 at\u0259\u015f a\u00e7\u0131b. Z\u0259r\u0259r\u00e7\u0259kmi\u015f x\u0259st\u0259xanaya apar\u0131l\u0131b. At\u0131\u015fmada \u0259li olmaqda \u015f\u00fcbh\u0259li bilin\u0259n iki Kabardin-Balkar sakini saxlan\u0131l\u0131b.<\/p>\n<p>Ara\u015fd\u0131rma apar\u0131l\u0131r.\/Lent.az<\/p>\n","protected":false},"excerpt":{"rendered":"<p>Rusiyan\u0131n Moskva vilay\u0259tind\u0259 az\u0259rbaycanl\u0131 g\u00fcll\u0259l\u0259nib. Hadis\u0259 \u0130van Franko k\u00fc\u00e7\u0259sind\u0259ki kafed\u0259 ba\u015f verib. Burada iki qrup m\u00fc\u015ft\u0259ri aras\u0131nda m\u00fcnaqi\u015f\u0259 yaran\u0131b. M\u00fcbahis\u0259nin q\u0131z\u011f\u0131n vaxt\u0131nda nam\u0259lum \u015f\u0259xsl\u0259rd\u0259n biri oradan travmatik tapan\u00e7a \u00e7\u0131xararaq 31 ya\u015fl\u0131 az\u0259rbaycanl\u0131ya bir ne\u00e7\u0259 d\u0259f\u0259 at\u0259\u015f a\u00e7\u0131b. Z\u0259r\u0259r\u00e7\u0259kmi\u015f x\u0259st\u0259xanaya apar\u0131l\u0131b. At\u0131\u015fmada \u0259li olmaqda \u015f\u00fcbh\u0259li bilin\u0259n iki Kabardin-Balkar sakini saxlan\u0131l\u0131b. Ara\u015fd\u0131rma apar\u0131l\u0131r.\/Lent.az<\/p>\n","protected":false},"author":2,"featured_media":771752,"comment_status":"closed","ping_status":"closed","sticky":false,"template":"","format":"standard","meta":{"om_disable_all_campaigns":false,"_monsterinsights_skip_tracking":false,"_monsterinsights_sitenote_active":false,"_monsterinsights_sitenote_note":"","_monsterinsights_sitenote_category":0},"categories":[3],"tags":[],"aioseo_notices":[],"gutentor_comment":0,"rttpg_featured_image_url":{"full":["https:\/\/arantv.az\/wp-content\/uploads\/2024\/11\/acec132519b804c2be465919fc2a734e.jpg",740,493,false],"landscape":["https:\/\/arantv.az\/wp-content\/uploads\/2024\/11\/acec132519b804c2be465919fc2a734e.jpg",740,493,false],"portraits":["https:\/\/arantv.az\/wp-content\/uploads\/2024\/11\/acec132519b804c2be465919fc2a734e.jpg",740,493,false],"thumbnail":["https:\/\/arantv.az\/wp-content\/uploads\/2024\/11\/acec132519b804c2be465919fc2a734e-500x280.jpg",500,280,true],"medium":["https:\/\/arantv.az\/wp-content\/uploads\/2024\/11\/acec132519b804c2be465919fc2a734e-548x365.jpg",548,365,true],"large":["https:\/\/arantv.az\/wp-content\/uploads\/2024\/11\/acec132519b804c2be465919fc2a734e.jpg",640,426,false],"1536x1536":["https:\/\/arantv.az\/wp-content\/uploads\/2024\/11\/acec132519b804c2be465919fc2a734e.jpg",740,493,false],"2048x2048":["https:\/\/arantv.az\/wp-content\/uploads\/2024\/11\/acec132519b804c2be465919fc2a734e.jpg",740,493,false],"post-thumbnail":["https:\/\/arantv.az\/wp-content\/uploads\/2024\/11\/acec132519b804c2be465919fc2a734e-240x172.jpg",240,172,true],"advps-thumb-one":["https:\/\/arantv.az\/wp-content\/uploads\/2024\/11\/acec132519b804c2be465919fc2a734e.jpg",740,493,false]},"rttpg_author":{"display_name":"V\u00fcsal Rafiqo\u011flu","author_link":"https:\/\/arantv.az\/?author=2"},"rttpg_comment":0,"rttpg_category":"<a href=\"https:\/\/arantv.az\/?cat=3\" rel=\"category\">Kriminal<\/a>","rttpg_excerpt":"Rusiyan\u0131n Moskva vilay\u0259tind\u0259 az\u0259rbaycanl\u0131 g\u00fcll\u0259l\u0259nib. Hadis\u0259 \u0130van Franko k\u00fc\u00e7\u0259sind\u0259ki kafed\u0259 ba\u015f verib. Burada iki qrup m\u00fc\u015ft\u0259ri aras\u0131nda m\u00fcnaqi\u015f\u0259 yaran\u0131b. M\u00fcbahis\u0259nin q\u0131z\u011f\u0131n vaxt\u0131nda nam\u0259lum \u015f\u0259xsl\u0259rd\u0259n biri oradan travmatik tapan\u00e7a \u00e7\u0131xararaq 31 ya\u015fl\u0131 az\u0259rbaycanl\u0131ya bir ne\u00e7\u0259 d\u0259f\u0259 at\u0259\u015f a\u00e7\u0131b. Z\u0259r\u0259r\u00e7\u0259kmi\u015f x\u0259st\u0259xanaya apar\u0131l\u0131b. At\u0131\u015fmada \u0259li olmaqda \u015f\u00fcbh\u0259li bilin\u0259n iki Kabardin-Balkar sakini saxlan\u0131l\u0131b. Ara\u015fd\u0131rma apar\u0131l\u0131r.\/Lent.az","_links":{"self":[{"href":"https:\/\/arantv.az\/index.php?rest_route=\/wp\/v2\/posts\/771751"}],"collection":[{"href":"https:\/\/arantv.az\/index.php?rest_route=\/wp\/v2\/posts"}],"about":[{"href":"https:\/\/arantv.az\/index.php?rest_route=\/wp\/v2\/types\/post"}],"author":[{"embeddable":true,"href":"https:\/\/arantv.az\/index.php?rest_route=\/wp\/v2\/users\/2"}],"replies":[{"embeddable":true,"href":"https:\/\/arantv.az\/index.php?rest_route=%2Fwp%2Fv2%2Fcomments&post=771751"}],"version-history":[{"count":1,"href":"https:\/\/arantv.az\/index.php?rest_route=\/wp\/v2\/posts\/771751\/revisions"}],"predecessor-version":[{"id":771753,"href":"https:\/\/arantv.az\/index.php?rest_route=\/wp\/v2\/posts\/771751\/revisions\/771753"}],"wp:featuredmedia":[{"embeddable":true,"href":"https:\/\/arantv.az\/index.php?rest_route=\/wp\/v2\/media\/771752"}],"wp:attachment":[{"href":"https:\/\/arantv.az\/index.php?rest_route=%2Fwp%2Fv2%2Fmedia&parent=771751"}],"wp:term":[{"taxonomy":"category","embeddable":true,"href":"https:\/\/arantv.az\/index.php?rest_route=%2Fwp%2Fv2%2Fcategories&post=771751"},{"taxonomy":"post_tag","embeddable":true,"href":"https:\/\/arantv.az\/index.php?rest_route=%2Fwp%2Fv2%2Ftags&post=771751"}],"curies":[{"name":"wp","href":"https:\/\/api.w.org\/{rel}","templated":true}]}}