{"id":771754,"date":"2024-11-28T17:54:13","date_gmt":"2024-11-28T13:54:13","guid":{"rendered":"https:\/\/arantv.az\/?p=771754"},"modified":"2024-11-28T17:54:13","modified_gmt":"2024-11-28T13:54:13","slug":"ktmt-nin-novb%c9%99ti-sessiyasi-g%c9%99l%c9%99n-il-qirgizistanda-keciril%c9%99c%c9%99k","status":"publish","type":"post","link":"https:\/\/arantv.az\/?p=771754","title":{"rendered":"KTMT-nin n\u00f6vb\u0259ti sessiyas\u0131 g\u0259l\u0259n il Q\u0131r\u011f\u0131z\u0131standa ke\u00e7iril\u0259c\u0259k"},"content":{"rendered":"<p>Kollektiv T\u0259hl\u00fck\u0259sizlik M\u00fcqavil\u0259si T\u0259\u015fkilat\u0131n\u0131n (KTMT) n\u00f6vb\u0259ti sessiyas\u0131 2025-ci ilin d\u00f6rd\u00fcnc\u00fc r\u00fcb\u00fcnd\u0259 Q\u0131r\u011f\u0131z\u0131standa ke\u00e7iril\u0259c\u0259k.<\/p>\n<p>\u201cReport\u201dun Qazax\u0131stan b\u00fcrosunun m\u0259lumat\u0131na g\u00f6r\u0259, bunu Q\u0131r\u011f\u0131z\u0131stan Prezidenti Sad\u0131r Japarov qurumun sessiyas\u0131n\u0131n yekunlar\u0131na dair bildirib.<\/p>\n<p>&#8220;Biz 2025-ci ild\u0259 regional v\u0259 beyn\u0259lxalq v\u0259ziyy\u0259t\u0259 dair \u00fcmumi bax\u0131\u015flar\u0131n formala\u015fd\u0131r\u0131lmas\u0131 \u00fc\u00e7\u00fcn xarici siyas\u0259t sah\u0259sind\u0259 qar\u015f\u0131l\u0131ql\u0131 \u0259laq\u0259l\u0259rin g\u00fccl\u0259ndirilm\u0259sin\u0259 diqq\u0259t yetirm\u0259k niyy\u0259tind\u0259yik&#8221;, &#8211; S.Japarov qeyd edib.<\/p>\n<p>Q\u0131r\u011f\u0131z\u0131stan lideri h\u0259m\u00e7inin vur\u011fulay\u0131b ki, t\u0259\u015fkilata s\u0259drlik d\u00f6vr\u00fcnd\u0259 diqq\u0259t bioloji t\u0259hl\u00fck\u0259sizliyin t\u0259min edilm\u0259sin\u0259, manipulyasiya yolu il\u0259 g\u0259ncl\u0259ri radikalla\u015fma\u011fa s\u00f6vq ed\u0259n destruktiv teologiya il\u0259 m\u00fcbariz\u0259y\u0259 y\u00f6n\u0259ldil\u0259c\u0259k.<\/p>\n<p>O eyni zamanda h\u0259r il kibert\u0259hl\u00fck\u0259sizlik \u00fczr\u0259 beyn\u0259lxalq konfrans\u0131n ke\u00e7irilm\u0259sini t\u0259klif edib.<\/p>\n","protected":false},"excerpt":{"rendered":"<p>Kollektiv T\u0259hl\u00fck\u0259sizlik M\u00fcqavil\u0259si T\u0259\u015fkilat\u0131n\u0131n (KTMT) n\u00f6vb\u0259ti sessiyas\u0131 2025-ci ilin d\u00f6rd\u00fcnc\u00fc r\u00fcb\u00fcnd\u0259 Q\u0131r\u011f\u0131z\u0131standa ke\u00e7iril\u0259c\u0259k. \u201cReport\u201dun Qazax\u0131stan b\u00fcrosunun m\u0259lumat\u0131na g\u00f6r\u0259, bunu Q\u0131r\u011f\u0131z\u0131stan Prezidenti Sad\u0131r Japarov qurumun sessiyas\u0131n\u0131n yekunlar\u0131na dair bildirib. &#8220;Biz 2025-ci ild\u0259 regional v\u0259 beyn\u0259lxalq v\u0259ziyy\u0259t\u0259 dair \u00fcmumi bax\u0131\u015flar\u0131n formala\u015fd\u0131r\u0131lmas\u0131 \u00fc\u00e7\u00fcn xarici siyas\u0259t sah\u0259sind\u0259 qar\u015f\u0131l\u0131ql\u0131 \u0259laq\u0259l\u0259rin g\u00fccl\u0259ndirilm\u0259sin\u0259 diqq\u0259t yetirm\u0259k niyy\u0259tind\u0259yik&#8221;, &#8211; S.Japarov qeyd edib. Q\u0131r\u011f\u0131z\u0131stan lideri h\u0259m\u00e7inin vur\u011fulay\u0131b ki, t\u0259\u015fkilata s\u0259drlik d\u00f6vr\u00fcnd\u0259 diqq\u0259t bioloji t\u0259hl\u00fck\u0259sizliyin t\u0259min edilm\u0259sin\u0259, manipulyasiya yolu il\u0259 g\u0259ncl\u0259ri radikalla\u015fma\u011fa s\u00f6vq ed\u0259n destruktiv teologiya il\u0259 m\u00fcbariz\u0259y\u0259 y\u00f6n\u0259ldil\u0259c\u0259k. O eyni zamanda h\u0259r il kibert\u0259hl\u00fck\u0259sizlik \u00fczr\u0259 beyn\u0259lxalq konfrans\u0131n ke\u00e7irilm\u0259sini t\u0259klif edib.<\/p>\n","protected":false},"author":2,"featured_media":771755,"comment_status":"closed","ping_status":"closed","sticky":false,"template":"","format":"standard","meta":{"om_disable_all_campaigns":false,"_monsterinsights_skip_tracking":false,"_monsterinsights_sitenote_active":false,"_monsterinsights_sitenote_note":"","_monsterinsights_sitenote_category":0},"categories":[7],"tags":[],"aioseo_notices":[],"gutentor_comment":0,"rttpg_featured_image_url":{"full":["https:\/\/arantv.az\/wp-content\/uploads\/2024\/11\/fe71c8cc274428669bee83cafac1eab2.jpg",850,500,false],"landscape":["https:\/\/arantv.az\/wp-content\/uploads\/2024\/11\/fe71c8cc274428669bee83cafac1eab2.jpg",850,500,false],"portraits":["https:\/\/arantv.az\/wp-content\/uploads\/2024\/11\/fe71c8cc274428669bee83cafac1eab2.jpg",850,500,false],"thumbnail":["https:\/\/arantv.az\/wp-content\/uploads\/2024\/11\/fe71c8cc274428669bee83cafac1eab2-500x280.jpg",500,280,true],"medium":["https:\/\/arantv.az\/wp-content\/uploads\/2024\/11\/fe71c8cc274428669bee83cafac1eab2-621x365.jpg",621,365,true],"large":["https:\/\/arantv.az\/wp-content\/uploads\/2024\/11\/fe71c8cc274428669bee83cafac1eab2-840x494.jpg",640,376,true],"1536x1536":["https:\/\/arantv.az\/wp-content\/uploads\/2024\/11\/fe71c8cc274428669bee83cafac1eab2.jpg",850,500,false],"2048x2048":["https:\/\/arantv.az\/wp-content\/uploads\/2024\/11\/fe71c8cc274428669bee83cafac1eab2.jpg",850,500,false],"post-thumbnail":["https:\/\/arantv.az\/wp-content\/uploads\/2024\/11\/fe71c8cc274428669bee83cafac1eab2-240x172.jpg",240,172,true],"advps-thumb-one":["https:\/\/arantv.az\/wp-content\/uploads\/2024\/11\/fe71c8cc274428669bee83cafac1eab2.jpg",850,500,false]},"rttpg_author":{"display_name":"V\u00fcsal Rafiqo\u011flu","author_link":"https:\/\/arantv.az\/?author=2"},"rttpg_comment":0,"rttpg_category":"<a href=\"https:\/\/arantv.az\/?cat=7\" rel=\"category\">D\u00fcnya<\/a>","rttpg_excerpt":"Kollektiv T\u0259hl\u00fck\u0259sizlik M\u00fcqavil\u0259si T\u0259\u015fkilat\u0131n\u0131n (KTMT) n\u00f6vb\u0259ti sessiyas\u0131 2025-ci ilin d\u00f6rd\u00fcnc\u00fc r\u00fcb\u00fcnd\u0259 Q\u0131r\u011f\u0131z\u0131standa ke\u00e7iril\u0259c\u0259k. \u201cReport\u201dun Qazax\u0131stan b\u00fcrosunun m\u0259lumat\u0131na g\u00f6r\u0259, bunu Q\u0131r\u011f\u0131z\u0131stan Prezidenti Sad\u0131r Japarov qurumun sessiyas\u0131n\u0131n yekunlar\u0131na dair bildirib. &#8220;Biz 2025-ci ild\u0259 regional v\u0259 beyn\u0259lxalq v\u0259ziyy\u0259t\u0259 dair \u00fcmumi bax\u0131\u015flar\u0131n formala\u015fd\u0131r\u0131lmas\u0131 \u00fc\u00e7\u00fcn xarici siyas\u0259t sah\u0259sind\u0259 qar\u015f\u0131l\u0131ql\u0131 \u0259laq\u0259l\u0259rin g\u00fccl\u0259ndirilm\u0259sin\u0259 diqq\u0259t yetirm\u0259k niyy\u0259tind\u0259yik&#8221;, &#8211; S.Japarov qeyd edib. Q\u0131r\u011f\u0131z\u0131stan lideri&hellip;","_links":{"self":[{"href":"https:\/\/arantv.az\/index.php?rest_route=\/wp\/v2\/posts\/771754"}],"collection":[{"href":"https:\/\/arantv.az\/index.php?rest_route=\/wp\/v2\/posts"}],"about":[{"href":"https:\/\/arantv.az\/index.php?rest_route=\/wp\/v2\/types\/post"}],"author":[{"embeddable":true,"href":"https:\/\/arantv.az\/index.php?rest_route=\/wp\/v2\/users\/2"}],"replies":[{"embeddable":true,"href":"https:\/\/arantv.az\/index.php?rest_route=%2Fwp%2Fv2%2Fcomments&post=771754"}],"version-history":[{"count":1,"href":"https:\/\/arantv.az\/index.php?rest_route=\/wp\/v2\/posts\/771754\/revisions"}],"predecessor-version":[{"id":771756,"href":"https:\/\/arantv.az\/index.php?rest_route=\/wp\/v2\/posts\/771754\/revisions\/771756"}],"wp:featuredmedia":[{"embeddable":true,"href":"https:\/\/arantv.az\/index.php?rest_route=\/wp\/v2\/media\/771755"}],"wp:attachment":[{"href":"https:\/\/arantv.az\/index.php?rest_route=%2Fwp%2Fv2%2Fmedia&parent=771754"}],"wp:term":[{"taxonomy":"category","embeddable":true,"href":"https:\/\/arantv.az\/index.php?rest_route=%2Fwp%2Fv2%2Fcategories&post=771754"},{"taxonomy":"post_tag","embeddable":true,"href":"https:\/\/arantv.az\/index.php?rest_route=%2Fwp%2Fv2%2Ftags&post=771754"}],"curies":[{"name":"wp","href":"https:\/\/api.w.org\/{rel}","templated":true}]}}