{"id":771757,"date":"2024-11-28T17:55:22","date_gmt":"2024-11-28T13:55:22","guid":{"rendered":"https:\/\/arantv.az\/?p=771757"},"modified":"2024-11-28T17:55:22","modified_gmt":"2024-11-28T13:55:22","slug":"tovuzdaki-d%c9%99hs%c9%99tli-q%c9%99zada-ol%c9%99n-h%c9%99rbcil%c9%99r%c9%99-s%c9%99hid-statusu-veril%c9%99c%c9%99k","status":"publish","type":"post","link":"https:\/\/arantv.az\/?p=771757","title":{"rendered":"Tovuzdak\u0131 d\u0259h\u015f\u0259tli q\u0259zada \u00f6l\u0259n h\u0259rb\u00e7il\u0259r\u0259 \u015f\u0259hid statusu veril\u0259c\u0259k?"},"content":{"rendered":"<p>Noyabr\u0131n 27-si Tovuzdak\u0131 d\u0259h\u015f\u0259tli q\u0259zada h\u0259yat\u0131n\u0131 itir\u0259n 6 n\u0259f\u0259rd\u0259n 5-i h\u0259rb\u00e7i olub.<\/p>\n<p>\u0130ndi h\u0259r k\u0259si maraqland\u0131ran m\u0259qam onlara \u015f\u0259hid statusunun verilib-verilm\u0259m\u0259sidir.<\/p>\n<p>S\u0259f\u0259rb\u0259rlik v\u0259 H\u0259rbi Xidm\u0259t\u0259 \u00c7a\u011f\u0131r\u0131\u015f \u00fczr\u0259 D\u00f6vl\u0259t Xidm\u0259tind\u0259n Baku TV-y\u0259 bildirilib ki, bu, h\u0259rbi hiss\u0259nin t\u0259qdim etdiyi aray\u0131\u015f \u0259sas\u0131nda verilir. \u018fg\u0259r m\u0259s\u0259l\u0259 il\u0259 ba\u011fl\u0131 aray\u0131\u015f daxil olarsa, bax\u0131lacaq v\u0259 onlara \u015f\u0259hidlik statusu t\u0259qdim edil\u0259c\u0259k.<\/p>\n<p>M\u00fcdafi\u0259 Nazirliyinin q\u0259za il\u0259 ba\u011fl\u0131 yayd\u0131\u011f\u0131 m\u0259lumatda bildirilir ki, h\u0259rb\u00e7il\u0259r xidm\u0259td\u0259n k\u0259nar vaxtda \u015f\u0259xsi avtomobilin q\u0259zaya u\u011framas\u0131 n\u0259tic\u0259sind\u0259 h\u0259lak olublar.<\/p>\n<div class=\"AdviadNativeVideo\"><\/div>\n<p>Onu da bildir\u0259k ki, \u015f\u0259hid Az\u0259rbaycan\u0131n azadl\u0131\u011f\u0131, suverenliyi v\u0259 \u0259razi b\u00fct\u00f6vl\u00fcy\u00fc u\u011frunda h\u0259lak olan, h\u0259rbi \u0259m\u0259liyyatla \u0259laq\u0259dar itkin d\u00fc\u015f\u0259n v\u0259 qanunvericilikl\u0259 m\u00fc\u0259yy\u0259nl\u0259\u015fdirilmi\u015f qaydada \u00f6l\u0259n hesab edil\u0259n \u015f\u0259xsdir. H\u0259m\u00e7inin d\u00f6y\u00fc\u015f tap\u015f\u0131r\u0131\u011f\u0131n\u0131n v\u0259 ya d\u00f6y\u00fc\u015f t\u0259minat\u0131 il\u0259 ba\u011fl\u0131 tap\u015f\u0131r\u0131qlar\u0131n yerin\u0259 yetirilm\u0259si \u00fczr\u0259 xidm\u0259ti v\u0259zif\u0259sinin icras\u0131 zaman\u0131 h\u0259lak olan, itkin d\u00fc\u015f\u0259n v\u0259 m\u0259hk\u0259m\u0259nin q\u0259rar\u0131na \u0259sas\u0259n \u00f6lm\u00fc\u015f hesab edil\u0259n \u015f\u0259xsl\u0259r d\u0259 \u015f\u0259hid hesab edilir.<\/p>\n<p>Qeyd ed\u0259k ki, d\u00fcn\u0259n ax\u015fam saatlar\u0131nda Tovuz rayonunun Ceyran\u00e7\u00f6l adlanan \u0259razisind\u0259 a\u011f\u0131r yol-n\u0259qliyyat hadis\u0259si ba\u015f verib. &#8220;Mercedes&#8221; v\u0259 VAZ markal\u0131 avtomobill\u0259rin toqqu\u015fmas\u0131 n\u0259tic\u0259sind\u0259 alt\u0131 n\u0259f\u0259r h\u0259lak olub, bir n\u0259f\u0259r x\u0259sar\u0259t al\u0131b.<\/p>\n<p>\u00d6l\u0259nl\u0259rd\u0259n be\u015fi h\u0259rb\u00e7idir. M\u00fcdafi\u0259 Nazirliyinin yayd\u0131\u011f\u0131 m\u0259lumata g\u00f6r\u0259, q\u0259za n\u0259tic\u0259sind\u0259 Az\u0259rbaycan Ordusunun be\u015f h\u0259rbi qulluq\u00e7usu &#8211; ba\u015f gizir Ruslan \u018fhliman o\u011flu Qurbanov, m\u00fcdd\u0259td\u0259n art\u0131q h\u0259qiqi h\u0259rbi xidm\u0259t h\u0259rbi qulluq\u00e7ular\u0131: ba\u015f \u00e7avu\u015f Qabil Qaybal\u0131 o\u011flu Al\u0131yev, \u00e7avu\u015f B\u0259hlul Ayd\u0131n o\u011flu \u018fliyev, \u00e7avu\u015f Q\u0259l\u0259nd\u0259r Mail o\u011flu \u018fhm\u0259dov v\u0259 ki\u00e7ik \u00e7avu\u015f Turan Cavad o\u011flu Mehdiyev h\u0259lak olublar.<\/p>\n<p>Q\u0259zada \u00f6l\u0259n dig\u0259r \u015f\u0259xs &#8220;Mercedes&#8221; markal\u0131 avtomobild\u0259 olan E.H\u0259s\u0259novdur. Onun o\u011flu, 13 ya\u015fl\u0131 Z.H\u0259s\u0259nov is\u0259 a\u011f\u0131r b\u0259d\u0259n x\u0259sar\u0259ti alaraq Tovuz Rayon M\u0259rk\u0259zi X\u0259st\u0259xanas\u0131na yerl\u0259\u015fdirilib. O, ixtisasl\u0131 tibbi xidm\u0259t \u00fc\u00e7\u00fcn G\u0259nc\u0259 \u015e\u0259h\u0259r Birl\u0259\u015fmi\u015f X\u0259st\u0259xanas\u0131n\u0131n n\u0259zdind\u0259 olan Abbas S\u0259hh\u0259t ad\u0131na x\u0259st\u0259xanaya t\u0259xliy\u0259 olunub.<\/p>\n<div class=\"embed-responsive embed-responsive-16by9\"><iframe loading=\"lazy\" id=\"nmqembedid\" class=\"embed-responsive-item\" title=\"video player\" src=\"https:\/\/www.youtube.com\/embed\/yYE_KLMaAb0?rel=0&amp;wmode=transparent\" width=\"600\" height=\"340\" frameborder=\"0\" scrolling=\"no\" allowfullscreen=\"allowfullscreen\" data-mce-fragment=\"1\"><\/iframe><\/div>\n","protected":false},"excerpt":{"rendered":"<p>Noyabr\u0131n 27-si Tovuzdak\u0131 d\u0259h\u015f\u0259tli q\u0259zada h\u0259yat\u0131n\u0131 itir\u0259n 6 n\u0259f\u0259rd\u0259n 5-i h\u0259rb\u00e7i olub. \u0130ndi h\u0259r k\u0259si maraqland\u0131ran m\u0259qam onlara \u015f\u0259hid statusunun verilib-verilm\u0259m\u0259sidir. S\u0259f\u0259rb\u0259rlik v\u0259 H\u0259rbi Xidm\u0259t\u0259 \u00c7a\u011f\u0131r\u0131\u015f \u00fczr\u0259 D\u00f6vl\u0259t Xidm\u0259tind\u0259n Baku TV-y\u0259 bildirilib ki, bu, h\u0259rbi hiss\u0259nin t\u0259qdim etdiyi aray\u0131\u015f \u0259sas\u0131nda verilir. \u018fg\u0259r m\u0259s\u0259l\u0259 il\u0259 ba\u011fl\u0131 aray\u0131\u015f daxil olarsa, bax\u0131lacaq v\u0259 onlara \u015f\u0259hidlik statusu t\u0259qdim edil\u0259c\u0259k. M\u00fcdafi\u0259 Nazirliyinin q\u0259za il\u0259 ba\u011fl\u0131 yayd\u0131\u011f\u0131 m\u0259lumatda bildirilir ki, h\u0259rb\u00e7il\u0259r xidm\u0259td\u0259n k\u0259nar vaxtda \u015f\u0259xsi avtomobilin q\u0259zaya u\u011framas\u0131 n\u0259tic\u0259sind\u0259 h\u0259lak olublar. Onu da bildir\u0259k ki, \u015f\u0259hid Az\u0259rbaycan\u0131n azadl\u0131\u011f\u0131, suverenliyi v\u0259 \u0259razi b\u00fct\u00f6vl\u00fcy\u00fc u\u011frunda h\u0259lak olan, h\u0259rbi&hellip;<\/p>\n","protected":false},"author":2,"featured_media":771758,"comment_status":"closed","ping_status":"closed","sticky":false,"template":"","format":"standard","meta":{"om_disable_all_campaigns":false,"_monsterinsights_skip_tracking":false,"_monsterinsights_sitenote_active":false,"_monsterinsights_sitenote_note":"","_monsterinsights_sitenote_category":0},"categories":[1],"tags":[],"aioseo_notices":[],"gutentor_comment":0,"rttpg_featured_image_url":{"full":["https:\/\/arantv.az\/wp-content\/uploads\/2024\/11\/tovuz.png",650,430,false],"landscape":["https:\/\/arantv.az\/wp-content\/uploads\/2024\/11\/tovuz.png",650,430,false],"portraits":["https:\/\/arantv.az\/wp-content\/uploads\/2024\/11\/tovuz.png",650,430,false],"thumbnail":["https:\/\/arantv.az\/wp-content\/uploads\/2024\/11\/tovuz-500x280.png",500,280,true],"medium":["https:\/\/arantv.az\/wp-content\/uploads\/2024\/11\/tovuz-552x365.png",552,365,true],"large":["https:\/\/arantv.az\/wp-content\/uploads\/2024\/11\/tovuz.png",640,423,false],"1536x1536":["https:\/\/arantv.az\/wp-content\/uploads\/2024\/11\/tovuz.png",650,430,false],"2048x2048":["https:\/\/arantv.az\/wp-content\/uploads\/2024\/11\/tovuz.png",650,430,false],"post-thumbnail":["https:\/\/arantv.az\/wp-content\/uploads\/2024\/11\/tovuz-240x172.png",240,172,true],"advps-thumb-one":["https:\/\/arantv.az\/wp-content\/uploads\/2024\/11\/tovuz.png",650,430,false]},"rttpg_author":{"display_name":"V\u00fcsal Rafiqo\u011flu","author_link":"https:\/\/arantv.az\/?author=2"},"rttpg_comment":0,"rttpg_category":"<a href=\"https:\/\/arantv.az\/?cat=1\" rel=\"category\">C\u0259miyy\u0259t<\/a>","rttpg_excerpt":"Noyabr\u0131n 27-si Tovuzdak\u0131 d\u0259h\u015f\u0259tli q\u0259zada h\u0259yat\u0131n\u0131 itir\u0259n 6 n\u0259f\u0259rd\u0259n 5-i h\u0259rb\u00e7i olub. \u0130ndi h\u0259r k\u0259si maraqland\u0131ran m\u0259qam onlara \u015f\u0259hid statusunun verilib-verilm\u0259m\u0259sidir. S\u0259f\u0259rb\u0259rlik v\u0259 H\u0259rbi Xidm\u0259t\u0259 \u00c7a\u011f\u0131r\u0131\u015f \u00fczr\u0259 D\u00f6vl\u0259t Xidm\u0259tind\u0259n Baku TV-y\u0259 bildirilib ki, bu, h\u0259rbi hiss\u0259nin t\u0259qdim etdiyi aray\u0131\u015f \u0259sas\u0131nda verilir. \u018fg\u0259r m\u0259s\u0259l\u0259 il\u0259 ba\u011fl\u0131 aray\u0131\u015f daxil olarsa, bax\u0131lacaq v\u0259 onlara \u015f\u0259hidlik statusu t\u0259qdim edil\u0259c\u0259k.&hellip;","_links":{"self":[{"href":"https:\/\/arantv.az\/index.php?rest_route=\/wp\/v2\/posts\/771757"}],"collection":[{"href":"https:\/\/arantv.az\/index.php?rest_route=\/wp\/v2\/posts"}],"about":[{"href":"https:\/\/arantv.az\/index.php?rest_route=\/wp\/v2\/types\/post"}],"author":[{"embeddable":true,"href":"https:\/\/arantv.az\/index.php?rest_route=\/wp\/v2\/users\/2"}],"replies":[{"embeddable":true,"href":"https:\/\/arantv.az\/index.php?rest_route=%2Fwp%2Fv2%2Fcomments&post=771757"}],"version-history":[{"count":1,"href":"https:\/\/arantv.az\/index.php?rest_route=\/wp\/v2\/posts\/771757\/revisions"}],"predecessor-version":[{"id":771759,"href":"https:\/\/arantv.az\/index.php?rest_route=\/wp\/v2\/posts\/771757\/revisions\/771759"}],"wp:featuredmedia":[{"embeddable":true,"href":"https:\/\/arantv.az\/index.php?rest_route=\/wp\/v2\/media\/771758"}],"wp:attachment":[{"href":"https:\/\/arantv.az\/index.php?rest_route=%2Fwp%2Fv2%2Fmedia&parent=771757"}],"wp:term":[{"taxonomy":"category","embeddable":true,"href":"https:\/\/arantv.az\/index.php?rest_route=%2Fwp%2Fv2%2Fcategories&post=771757"},{"taxonomy":"post_tag","embeddable":true,"href":"https:\/\/arantv.az\/index.php?rest_route=%2Fwp%2Fv2%2Ftags&post=771757"}],"curies":[{"name":"wp","href":"https:\/\/api.w.org\/{rel}","templated":true}]}}