{"id":771760,"date":"2024-11-28T17:56:20","date_gmt":"2024-11-28T13:56:20","guid":{"rendered":"https:\/\/arantv.az\/?p=771760"},"modified":"2024-11-28T17:56:20","modified_gmt":"2024-11-28T13:56:20","slug":"prezident-ail%c9%99si-il%c9%99-m%c9%99rk%c9%99zi-n%c9%99batat-baginin-acilisinda-fotolar","status":"publish","type":"post","link":"https:\/\/arantv.az\/?p=771760","title":{"rendered":"Prezident ail\u0259si il\u0259 M\u0259rk\u0259zi N\u0259batat Ba\u011f\u0131n\u0131n a\u00e7\u0131l\u0131\u015f\u0131nda &#8211; Fotolar"},"content":{"rendered":"<p>Az\u0259rbaycan Prezidenti \u0130lham \u018fliyev, birinci xan\u0131m Mehriban \u018fliyeva v\u0259 ail\u0259 \u00fczvl\u0259ri Bak\u0131da abadl\u0131q, \u0259sasl\u0131 yenid\u0259nqurma, tikinti v\u0259 geni\u015fl\u0259ndirm\u0259 i\u015fl\u0259rind\u0259n sonra M\u0259rk\u0259zi N\u0259batat Ba\u011f\u0131n\u0131n a\u00e7\u0131l\u0131\u015f\u0131nda i\u015ftirak edibl\u0259r.<\/p>\n<p>&#8220;Qafqazinfo&#8221;\u00a0<a title=\"xeberler son xeberler 2024\" href=\"https:\/\/big.az\/\" target=\"_blank\" rel=\"noopener\">x\u0259b\u0259r<\/a>\u00a0verir ki, Bak\u0131 \u015e\u0259h\u0259r \u0130cra Hakimiyy\u0259tinin ba\u015f\u00e7\u0131s\u0131 Eldar \u018fzizov M\u0259rk\u0259zi N\u0259batat Ba\u011f\u0131nda yarad\u0131lan \u015f\u0259raitl\u0259 ba\u011fl\u0131 \u0259trafl\u0131 m\u0259lumat verib.<\/p>\n<p>Qeyd ed\u0259k ki, d\u00f6vl\u0259t ba\u015f\u00e7\u0131s\u0131 M\u0259rk\u0259zi N\u0259batat Ba\u011f\u0131nda g\u00f6r\u00fcl\u0259n i\u015fl\u0259ri daim diqq\u0259t m\u0259rk\u0259zind\u0259 saxlay\u0131b. Bel\u0259 ki, Prezident \u0130lham \u018fliyev v\u0259 birinci xan\u0131m Mehriban \u018fliyeva iki d\u0259f\u0259 &#8211; 2023-c\u00fc ilin iyul v\u0259 bu ilin iyun ay\u0131nda M\u0259rk\u0259zi N\u0259batat Ba\u011f\u0131nda g\u00f6r\u00fcl\u0259n i\u015fl\u0259rl\u0259 tan\u0131\u015f olmalar\u0131 bunu bir daha t\u0259sdiq edir.<\/p>\n<p>Bildirilib ki, \u0259sasl\u0131 yenid\u0259nqurma v\u0259 b\u0259rpa i\u015fl\u0259ri n\u0259tic\u0259sind\u0259 M\u0259rk\u0259zi N\u0259batat Ba\u011f\u0131n\u0131n \u0259razisi 39 hektardan 45 hektara \u00e7atd\u0131r\u0131l\u0131b. Ba\u011fda giri\u015f kompleksi yarad\u0131l\u0131b, m\u00fcasir t\u0259l\u0259bl\u0259r\u0259, tikinti normalar\u0131na cavab ver\u0259n yeni oranjereyalar, f\u0259vvar\u0259 in\u015fa edilib, m\u00f6vcud oranjereyalar \u0259sasl\u0131 t\u0259mir edilib. Burada xarici \u00f6lk\u0259l\u0259rd\u0259n g\u0259tirilmi\u015f x\u00fcsusi \u015f\u0259raitd\u0259 b\u0259sl\u0259n\u0259n m\u00fcxt\u0259lif n\u00f6vd\u0259 nadir dekorativ a\u011faclar, kol v\u0259 g\u00fcll\u0259r \u0259kilib.<\/p>\n<p>Ba\u011f\u0131n \u0259razisind\u0259 bitkil\u0259rin yeti\u015fdirilm\u0259si m\u0259qs\u0259dil\u0259 3 bloklu istixana, g\u00f6l kompleksi v\u0259 bax\u0131\u015f meydan\u00e7as\u0131 in\u015fa edilib.<\/p>\n<div class=\"AdviadNativeVideo\"><\/div>\n<p>M\u0259lumat verilib ki, ba\u011f\u0131n \u0259razisind\u0259 d\u00f6rdm\u0259rt\u0259b\u0259li yeni inzibati bina in\u015fa edilib, aypara formal\u0131 ikim\u0259rt\u0259b\u0259li q\u0259dim inzibati binada is\u0259 \u0259sasl\u0131 t\u0259mir-b\u0259rpa i\u015fl\u0259ri apar\u0131l\u0131b. N\u0259batat Ba\u011f\u0131nda piyadalar \u00fc\u00e7\u00fcn 650 metr uzunlu\u011funda m\u00fcasir k\u00f6rp\u00fc tikilib v\u0259 lift qura\u015fd\u0131r\u0131l\u0131b. Ba\u011f\u0131n \u0259razisind\u0259 iki restoran f\u0259aliyy\u0259t g\u00f6st\u0259r\u0259c\u0259k. H\u0259m\u00e7inin ba\u011fda labirint formal\u0131 ya\u015f\u0131ll\u0131q zonas\u0131 il\u0259 yana\u015f\u0131, u\u015faq-\u0259yl\u0259nc\u0259 meydan\u00e7as\u0131, avtomobill\u0259r \u00fc\u00e7\u00fcn parklanma yeri d\u0259 yarad\u0131l\u0131b. K\u00f6hn\u0259 giri\u015f zonas\u0131 \u00f6z tarixi \u00fcslubunda t\u0259mir edilib. Yeralt\u0131 su anbarlar\u0131, nasosxanalar v\u0259 qazanxanalar in\u015fa edilib. \u018frazi boyu hasar yenid\u0259n qurulub, piyada yollar\u0131 sal\u0131n\u0131b, m\u00fcasir oturacaqlar, i\u015f\u0131qland\u0131rma, yan\u011f\u0131ndan m\u00fchafiz\u0259 v\u0259 videom\u00fc\u015fahid\u0259 sisteml\u0259ri qura\u015fd\u0131r\u0131l\u0131b, \u00fcmumi sah\u0259si 26 hektar olan ya\u015f\u0131ll\u0131qlar\u0131n suvarma sisteml\u0259ri yenil\u0259nib.<\/p>\n<p>Az\u0259rbaycan Prezidenti \u0130lham \u018fliyevin m\u00fcvafiq s\u0259r\u0259ncamlar\u0131 \u0259sas\u0131nda M\u0259rk\u0259zi N\u0259batat Ba\u011f\u0131nda h\u0259yata ke\u00e7iril\u0259n abadl\u0131q v\u0259 yenid\u0259nqurma t\u0259dbirl\u0259ri \u00f6lk\u0259mizd\u0259 bitki biom\u00fcxt\u0259lifliyinin qorunmas\u0131na v\u0259 s\u0259m\u0259r\u0259li istifad\u0259sin\u0259 g\u00f6st\u0259ril\u0259n x\u00fcsusi diqq\u0259tin bariz n\u00fcmun\u0259sidir.<\/p>\n<p>Az\u0259rbaycan floras\u0131nda m\u00f6vcud olan bitki n\u00f6vl\u0259rinin v\u0259 genofondunun m\u00fchafiz\u0259si m\u0259qs\u0259dil\u0259 1934-c\u00fc ild\u0259 yarad\u0131lan M\u0259rk\u0259zi N\u0259batat Ba\u011f\u0131 ekoloji t\u0259mizliyin qorunmas\u0131, elmi ara\u015fd\u0131rma, t\u0259dris v\u0259 maarifl\u0259ndirm\u0259 bax\u0131m\u0131ndan m\u00fch\u00fcm \u0259h\u0259miyy\u0259t\u0259 malikdir. Burada d\u00fcnyan\u0131n m\u00fcxt\u0259lif iqlim zonalar\u0131ndan toplanan bitki kolleksiyalar\u0131 yaln\u0131z onlar\u0131n m\u00fchafiz\u0259si m\u0259qs\u0259dil\u0259 deyil, h\u0259m d\u0259 \u00f6lk\u0259d\u0259 bu sah\u0259d\u0259 elmi t\u0259dqiqatlar\u0131n davaml\u0131 inki\u015faf\u0131na xidm\u0259t edir.<\/p>\n<p>Son ill\u0259r Az\u0259rbaycan\u0131n b\u00fct\u00fcn regionlar\u0131nda, o c\u00fcml\u0259d\u0259n Bak\u0131 \u015f\u0259h\u0259rind\u0259 abadl\u0131q v\u0259 yenid\u0259nqurma i\u015fl\u0259ri geni\u015f v\u00fcs\u0259t al\u0131b. \u018fhalinin rahatl\u0131\u011f\u0131n\u0131n v\u0259 istirah\u0259tinin y\u00fcks\u0259k s\u0259viyy\u0259d\u0259 t\u0259\u015fkili m\u0259qs\u0259dil\u0259 yeni parklar v\u0259 \u00e7oxsayl\u0131 ya\u015f\u0131ll\u0131q zolaqlar\u0131 sal\u0131n\u0131b, m\u00f6vcud park v\u0259 xiyabanlar is\u0259 \u0259sasl\u0131 \u015f\u0259kild\u0259 yenid\u0259n qurulub. H\u0259yata ke\u00e7iril\u0259n bu layih\u0259l\u0259r Bak\u0131n\u0131n v\u0259 regionlar\u0131n simas\u0131n\u0131 d\u0259yi\u015fm\u0259kl\u0259 yana\u015f\u0131, \u00f6lk\u0259mizd\u0259 ekoloji v\u0259ziyy\u0259tin yax\u015f\u0131la\u015fd\u0131r\u0131lmas\u0131nda da m\u00fch\u00fcm rol oynay\u0131r.<\/p>\n<p><img class=\"imgbcode\" src=\"https:\/\/upload.az\/foto\/arxiv\/1_21732792034.jpg\" alt=\"Prezident ail\u0259si il\u0259 M\u0259rk\u0259zi N\u0259batat Ba\u011f\u0131n\u0131n a\u00e7\u0131l\u0131\u015f\u0131nda - Fotolar\" \/><img class=\"imgbcode\" src=\"https:\/\/upload.az\/foto\/arxiv\/2_41732792034.jpg\" alt=\"Prezident ail\u0259si il\u0259 M\u0259rk\u0259zi N\u0259batat Ba\u011f\u0131n\u0131n a\u00e7\u0131l\u0131\u015f\u0131nda - Fotolar\" \/><img class=\"imgbcode\" src=\"https:\/\/upload.az\/foto\/arxiv\/3_91732792035.jpg\" alt=\"Prezident ail\u0259si il\u0259 M\u0259rk\u0259zi N\u0259batat Ba\u011f\u0131n\u0131n a\u00e7\u0131l\u0131\u015f\u0131nda - Fotolar\" \/><img class=\"imgbcode\" src=\"https:\/\/upload.az\/foto\/arxiv\/4_41732792035.jpg\" alt=\"Prezident ail\u0259si il\u0259 M\u0259rk\u0259zi N\u0259batat Ba\u011f\u0131n\u0131n a\u00e7\u0131l\u0131\u015f\u0131nda - Fotolar\" \/><img class=\"imgbcode\" src=\"https:\/\/upload.az\/foto\/arxiv\/5_71732792035.jpg\" alt=\"Prezident ail\u0259si il\u0259 M\u0259rk\u0259zi N\u0259batat Ba\u011f\u0131n\u0131n a\u00e7\u0131l\u0131\u015f\u0131nda - Fotolar\" \/><img class=\"imgbcode\" src=\"https:\/\/upload.az\/foto\/arxiv\/6_71732792035.jpg\" alt=\"Prezident ail\u0259si il\u0259 M\u0259rk\u0259zi N\u0259batat Ba\u011f\u0131n\u0131n a\u00e7\u0131l\u0131\u015f\u0131nda - Fotolar\" \/><img class=\"imgbcode\" src=\"https:\/\/upload.az\/foto\/arxiv\/7_51732792035.jpg\" alt=\"Prezident ail\u0259si il\u0259 M\u0259rk\u0259zi N\u0259batat Ba\u011f\u0131n\u0131n a\u00e7\u0131l\u0131\u015f\u0131nda - Fotolar\" \/><img class=\"imgbcode\" src=\"https:\/\/upload.az\/foto\/arxiv\/8_21732792035.jpg\" alt=\"Prezident ail\u0259si il\u0259 M\u0259rk\u0259zi N\u0259batat Ba\u011f\u0131n\u0131n a\u00e7\u0131l\u0131\u015f\u0131nda - Fotolar\" \/><img class=\"imgbcode\" src=\"https:\/\/upload.az\/foto\/arxiv\/9_51732792035.jpg\" alt=\"Prezident ail\u0259si il\u0259 M\u0259rk\u0259zi N\u0259batat Ba\u011f\u0131n\u0131n a\u00e7\u0131l\u0131\u015f\u0131nda - Fotolar\" \/><img class=\"imgbcode\" src=\"https:\/\/upload.az\/foto\/arxiv\/10_21732792035.jpg\" alt=\"Prezident ail\u0259si il\u0259 M\u0259rk\u0259zi N\u0259batat Ba\u011f\u0131n\u0131n a\u00e7\u0131l\u0131\u015f\u0131nda - Fotolar\" \/><img class=\"imgbcode\" src=\"https:\/\/upload.az\/foto\/arxiv\/12_31732792035.jpg\" alt=\"Prezident ail\u0259si il\u0259 M\u0259rk\u0259zi N\u0259batat Ba\u011f\u0131n\u0131n a\u00e7\u0131l\u0131\u015f\u0131nda - Fotolar\" \/><img class=\"imgbcode\" src=\"https:\/\/upload.az\/foto\/arxiv\/13_31732792035.jpg\" alt=\"Prezident ail\u0259si il\u0259 M\u0259rk\u0259zi N\u0259batat Ba\u011f\u0131n\u0131n a\u00e7\u0131l\u0131\u015f\u0131nda - Fotolar\" \/><img class=\"imgbcode\" src=\"https:\/\/upload.az\/foto\/arxiv\/14_11732792035.jpg\" alt=\"Prezident ail\u0259si il\u0259 M\u0259rk\u0259zi N\u0259batat Ba\u011f\u0131n\u0131n a\u00e7\u0131l\u0131\u015f\u0131nda - Fotolar\" \/><img class=\"imgbcode\" src=\"https:\/\/upload.az\/foto\/arxiv\/15_41732792035.jpg\" alt=\"Prezident ail\u0259si il\u0259 M\u0259rk\u0259zi N\u0259batat Ba\u011f\u0131n\u0131n a\u00e7\u0131l\u0131\u015f\u0131nda - Fotolar\" \/><img class=\"imgbcode\" src=\"https:\/\/upload.az\/foto\/arxiv\/16_11732792035.jpg\" alt=\"Prezident ail\u0259si il\u0259 M\u0259rk\u0259zi N\u0259batat Ba\u011f\u0131n\u0131n a\u00e7\u0131l\u0131\u015f\u0131nda - Fotolar\" \/><img class=\"imgbcode\" src=\"https:\/\/upload.az\/foto\/arxiv\/17_21732792035.jpg\" alt=\"Prezident ail\u0259si il\u0259 M\u0259rk\u0259zi N\u0259batat Ba\u011f\u0131n\u0131n a\u00e7\u0131l\u0131\u015f\u0131nda - Fotolar\" \/><img class=\"imgbcode\" src=\"https:\/\/upload.az\/foto\/arxiv\/18_31732792035.jpg\" alt=\"Prezident ail\u0259si il\u0259 M\u0259rk\u0259zi N\u0259batat Ba\u011f\u0131n\u0131n a\u00e7\u0131l\u0131\u015f\u0131nda - Fotolar\" \/><img class=\"imgbcode\" src=\"https:\/\/upload.az\/foto\/arxiv\/19_11732792035.jpg\" alt=\"Prezident ail\u0259si il\u0259 M\u0259rk\u0259zi N\u0259batat Ba\u011f\u0131n\u0131n a\u00e7\u0131l\u0131\u015f\u0131nda - Fotolar\" \/><\/p>\n","protected":false},"excerpt":{"rendered":"<p>Az\u0259rbaycan Prezidenti \u0130lham \u018fliyev, birinci xan\u0131m Mehriban \u018fliyeva v\u0259 ail\u0259 \u00fczvl\u0259ri Bak\u0131da abadl\u0131q, \u0259sasl\u0131 yenid\u0259nqurma, tikinti v\u0259 geni\u015fl\u0259ndirm\u0259 i\u015fl\u0259rind\u0259n sonra M\u0259rk\u0259zi N\u0259batat Ba\u011f\u0131n\u0131n a\u00e7\u0131l\u0131\u015f\u0131nda i\u015ftirak edibl\u0259r. &#8220;Qafqazinfo&#8221;\u00a0x\u0259b\u0259r\u00a0verir ki, Bak\u0131 \u015e\u0259h\u0259r \u0130cra Hakimiyy\u0259tinin ba\u015f\u00e7\u0131s\u0131 Eldar \u018fzizov M\u0259rk\u0259zi N\u0259batat Ba\u011f\u0131nda yarad\u0131lan \u015f\u0259raitl\u0259 ba\u011fl\u0131 \u0259trafl\u0131 m\u0259lumat verib. Qeyd ed\u0259k ki, d\u00f6vl\u0259t ba\u015f\u00e7\u0131s\u0131 M\u0259rk\u0259zi N\u0259batat Ba\u011f\u0131nda g\u00f6r\u00fcl\u0259n i\u015fl\u0259ri daim diqq\u0259t m\u0259rk\u0259zind\u0259 saxlay\u0131b. Bel\u0259 ki, Prezident \u0130lham \u018fliyev v\u0259 birinci xan\u0131m Mehriban \u018fliyeva iki d\u0259f\u0259 &#8211; 2023-c\u00fc ilin iyul v\u0259 bu ilin iyun ay\u0131nda M\u0259rk\u0259zi N\u0259batat Ba\u011f\u0131nda g\u00f6r\u00fcl\u0259n i\u015fl\u0259rl\u0259 tan\u0131\u015f olmalar\u0131 bunu bir daha t\u0259sdiq&hellip;<\/p>\n","protected":false},"author":2,"featured_media":771761,"comment_status":"closed","ping_status":"closed","sticky":false,"template":"","format":"standard","meta":{"om_disable_all_campaigns":false,"_monsterinsights_skip_tracking":false,"_monsterinsights_sitenote_active":false,"_monsterinsights_sitenote_note":"","_monsterinsights_sitenote_category":0},"categories":[4],"tags":[],"aioseo_notices":[],"gutentor_comment":0,"rttpg_featured_image_url":{"full":["https:\/\/arantv.az\/wp-content\/uploads\/2024\/11\/1732788884pr.jpg",637,400,false],"landscape":["https:\/\/arantv.az\/wp-content\/uploads\/2024\/11\/1732788884pr.jpg",637,400,false],"portraits":["https:\/\/arantv.az\/wp-content\/uploads\/2024\/11\/1732788884pr.jpg",637,400,false],"thumbnail":["https:\/\/arantv.az\/wp-content\/uploads\/2024\/11\/1732788884pr-500x280.jpg",500,280,true],"medium":["https:\/\/arantv.az\/wp-content\/uploads\/2024\/11\/1732788884pr-581x365.jpg",581,365,true],"large":["https:\/\/arantv.az\/wp-content\/uploads\/2024\/11\/1732788884pr.jpg",637,400,false],"1536x1536":["https:\/\/arantv.az\/wp-content\/uploads\/2024\/11\/1732788884pr.jpg",637,400,false],"2048x2048":["https:\/\/arantv.az\/wp-content\/uploads\/2024\/11\/1732788884pr.jpg",637,400,false],"post-thumbnail":["https:\/\/arantv.az\/wp-content\/uploads\/2024\/11\/1732788884pr-240x172.jpg",240,172,true],"advps-thumb-one":["https:\/\/arantv.az\/wp-content\/uploads\/2024\/11\/1732788884pr.jpg",637,400,false]},"rttpg_author":{"display_name":"V\u00fcsal Rafiqo\u011flu","author_link":"https:\/\/arantv.az\/?author=2"},"rttpg_comment":0,"rttpg_category":"<a href=\"https:\/\/arantv.az\/?cat=4\" rel=\"category\">Siyas\u0259t<\/a>","rttpg_excerpt":"Az\u0259rbaycan Prezidenti \u0130lham \u018fliyev, birinci xan\u0131m Mehriban \u018fliyeva v\u0259 ail\u0259 \u00fczvl\u0259ri Bak\u0131da abadl\u0131q, \u0259sasl\u0131 yenid\u0259nqurma, tikinti v\u0259 geni\u015fl\u0259ndirm\u0259 i\u015fl\u0259rind\u0259n sonra M\u0259rk\u0259zi N\u0259batat Ba\u011f\u0131n\u0131n a\u00e7\u0131l\u0131\u015f\u0131nda i\u015ftirak edibl\u0259r. &#8220;Qafqazinfo&#8221;\u00a0x\u0259b\u0259r\u00a0verir ki, Bak\u0131 \u015e\u0259h\u0259r \u0130cra Hakimiyy\u0259tinin ba\u015f\u00e7\u0131s\u0131 Eldar \u018fzizov M\u0259rk\u0259zi N\u0259batat Ba\u011f\u0131nda yarad\u0131lan \u015f\u0259raitl\u0259 ba\u011fl\u0131 \u0259trafl\u0131 m\u0259lumat verib. Qeyd ed\u0259k ki, d\u00f6vl\u0259t ba\u015f\u00e7\u0131s\u0131 M\u0259rk\u0259zi N\u0259batat Ba\u011f\u0131nda g\u00f6r\u00fcl\u0259n i\u015fl\u0259ri daim&hellip;","_links":{"self":[{"href":"https:\/\/arantv.az\/index.php?rest_route=\/wp\/v2\/posts\/771760"}],"collection":[{"href":"https:\/\/arantv.az\/index.php?rest_route=\/wp\/v2\/posts"}],"about":[{"href":"https:\/\/arantv.az\/index.php?rest_route=\/wp\/v2\/types\/post"}],"author":[{"embeddable":true,"href":"https:\/\/arantv.az\/index.php?rest_route=\/wp\/v2\/users\/2"}],"replies":[{"embeddable":true,"href":"https:\/\/arantv.az\/index.php?rest_route=%2Fwp%2Fv2%2Fcomments&post=771760"}],"version-history":[{"count":1,"href":"https:\/\/arantv.az\/index.php?rest_route=\/wp\/v2\/posts\/771760\/revisions"}],"predecessor-version":[{"id":771762,"href":"https:\/\/arantv.az\/index.php?rest_route=\/wp\/v2\/posts\/771760\/revisions\/771762"}],"wp:featuredmedia":[{"embeddable":true,"href":"https:\/\/arantv.az\/index.php?rest_route=\/wp\/v2\/media\/771761"}],"wp:attachment":[{"href":"https:\/\/arantv.az\/index.php?rest_route=%2Fwp%2Fv2%2Fmedia&parent=771760"}],"wp:term":[{"taxonomy":"category","embeddable":true,"href":"https:\/\/arantv.az\/index.php?rest_route=%2Fwp%2Fv2%2Fcategories&post=771760"},{"taxonomy":"post_tag","embeddable":true,"href":"https:\/\/arantv.az\/index.php?rest_route=%2Fwp%2Fv2%2Ftags&post=771760"}],"curies":[{"name":"wp","href":"https:\/\/api.w.org\/{rel}","templated":true}]}}