{"id":771989,"date":"2024-11-29T17:54:29","date_gmt":"2024-11-29T13:54:29","guid":{"rendered":"https:\/\/arantv.az\/?p=771989"},"modified":"2024-11-29T17:54:29","modified_gmt":"2024-11-29T13:54:29","slug":"bu-olk%c9%99l%c9%99r%c9%99-vizasiz-ged%c9%99c%c9%99yik","status":"publish","type":"post","link":"https:\/\/arantv.az\/?p=771989","title":{"rendered":"Bu \u00f6lk\u0259l\u0259r\u0259 vizas\u0131z ged\u0259c\u0259yik"},"content":{"rendered":"<p>Az\u0259rbaycanla S\u0259udiyy\u0259 \u018fr\u0259bistan\u0131 v\u0259 \u0130ndoneziya aras\u0131nda vizadan azad olunma il\u0259 ba\u011fl\u0131 s\u0259n\u0259dl\u0259r t\u0259sdiq edilib.<\/p>\n<p>\u00d6lk\u0259.az\u00a0<a title=\"xeberler son xeberler 2024\" href=\"https:\/\/big.az\/\" target=\"_blank\" rel=\"noopener\">x\u0259b\u0259r<\/a>\u00a0verir ki, parlamentin bu g\u00fcn ke\u00e7iril\u0259n iclas\u0131nda &#8220;Az\u0259rbaycan Respublikas\u0131 H\u00f6kum\u0259ti il\u0259 S\u0259udiyy\u0259 \u018fr\u0259bistan\u0131 Krall\u0131\u011f\u0131 H\u00f6kum\u0259ti aras\u0131nda diplomatik, x\u00fcsusi v\u0259 xidm\u0259ti pasport sahibl\u0259rinin q\u0131sam\u00fcdd\u0259tli vizadan qar\u015f\u0131l\u0131ql\u0131 azad edilm\u0259si haqq\u0131nda Anla\u015fma Memorandumu&#8221;nun t\u0259sdiq edilm\u0259si bar\u0259d\u0259 Az\u0259rbaycan Respublikas\u0131 qanununun layih\u0259si v\u0259 &#8220;Az\u0259rbaycan Respublikas\u0131 H\u00f6kum\u0259ti il\u0259 \u0130ndoneziya Respublikas\u0131 H\u00f6kum\u0259ti aras\u0131nda diplomatik v\u0259 xidm\u0259ti pasportlar\u0131n sahibl\u0259rinin vizadan azad edilm\u0259si haqq\u0131nda Sazi\u015f&#8221;in t\u0259sdiq edilm\u0259si bar\u0259d\u0259 Az\u0259rbaycan Respublikas\u0131 qanununun layih\u0259si m\u00fczakir\u0259y\u0259 \u00e7\u0131xar\u0131l\u0131b.<\/p>\n<div class=\"AdviadNativeVideo\"><\/div>\n<p>M\u00fczsakir\u0259l\u0259rd\u0259n sonra s\u0259n\u0259dl\u0259r s\u0259sverm\u0259y\u0259 qoyularaq q\u0259bul edilib.<\/p>\n","protected":false},"excerpt":{"rendered":"<p>Az\u0259rbaycanla S\u0259udiyy\u0259 \u018fr\u0259bistan\u0131 v\u0259 \u0130ndoneziya aras\u0131nda vizadan azad olunma il\u0259 ba\u011fl\u0131 s\u0259n\u0259dl\u0259r t\u0259sdiq edilib. \u00d6lk\u0259.az\u00a0x\u0259b\u0259r\u00a0verir ki, parlamentin bu g\u00fcn ke\u00e7iril\u0259n iclas\u0131nda &#8220;Az\u0259rbaycan Respublikas\u0131 H\u00f6kum\u0259ti il\u0259 S\u0259udiyy\u0259 \u018fr\u0259bistan\u0131 Krall\u0131\u011f\u0131 H\u00f6kum\u0259ti aras\u0131nda diplomatik, x\u00fcsusi v\u0259 xidm\u0259ti pasport sahibl\u0259rinin q\u0131sam\u00fcdd\u0259tli vizadan qar\u015f\u0131l\u0131ql\u0131 azad edilm\u0259si haqq\u0131nda Anla\u015fma Memorandumu&#8221;nun t\u0259sdiq edilm\u0259si bar\u0259d\u0259 Az\u0259rbaycan Respublikas\u0131 qanununun layih\u0259si v\u0259 &#8220;Az\u0259rbaycan Respublikas\u0131 H\u00f6kum\u0259ti il\u0259 \u0130ndoneziya Respublikas\u0131 H\u00f6kum\u0259ti aras\u0131nda diplomatik v\u0259 xidm\u0259ti pasportlar\u0131n sahibl\u0259rinin vizadan azad edilm\u0259si haqq\u0131nda Sazi\u015f&#8221;in t\u0259sdiq edilm\u0259si bar\u0259d\u0259 Az\u0259rbaycan Respublikas\u0131 qanununun layih\u0259si m\u00fczakir\u0259y\u0259 \u00e7\u0131xar\u0131l\u0131b. M\u00fczsakir\u0259l\u0259rd\u0259n sonra s\u0259n\u0259dl\u0259r s\u0259sverm\u0259y\u0259 qoyularaq q\u0259bul edilib.<\/p>\n","protected":false},"author":2,"featured_media":771990,"comment_status":"closed","ping_status":"closed","sticky":false,"template":"","format":"standard","meta":{"om_disable_all_campaigns":false,"_monsterinsights_skip_tracking":false,"_monsterinsights_sitenote_active":false,"_monsterinsights_sitenote_note":"","_monsterinsights_sitenote_category":0},"categories":[1],"tags":[],"aioseo_notices":[],"gutentor_comment":0,"rttpg_featured_image_url":{"full":["https:\/\/arantv.az\/wp-content\/uploads\/2024\/11\/ol_61732875748.png",649,350,false],"landscape":["https:\/\/arantv.az\/wp-content\/uploads\/2024\/11\/ol_61732875748.png",649,350,false],"portraits":["https:\/\/arantv.az\/wp-content\/uploads\/2024\/11\/ol_61732875748.png",649,350,false],"thumbnail":["https:\/\/arantv.az\/wp-content\/uploads\/2024\/11\/ol_61732875748-500x280.png",500,280,true],"medium":["https:\/\/arantv.az\/wp-content\/uploads\/2024\/11\/ol_61732875748.png",649,350,false],"large":["https:\/\/arantv.az\/wp-content\/uploads\/2024\/11\/ol_61732875748.png",640,345,false],"1536x1536":["https:\/\/arantv.az\/wp-content\/uploads\/2024\/11\/ol_61732875748.png",649,350,false],"2048x2048":["https:\/\/arantv.az\/wp-content\/uploads\/2024\/11\/ol_61732875748.png",649,350,false],"post-thumbnail":["https:\/\/arantv.az\/wp-content\/uploads\/2024\/11\/ol_61732875748-240x172.png",240,172,true],"advps-thumb-one":["https:\/\/arantv.az\/wp-content\/uploads\/2024\/11\/ol_61732875748.png",649,350,false]},"rttpg_author":{"display_name":"V\u00fcsal Rafiqo\u011flu","author_link":"https:\/\/arantv.az\/?author=2"},"rttpg_comment":0,"rttpg_category":"<a href=\"https:\/\/arantv.az\/?cat=1\" rel=\"category\">C\u0259miyy\u0259t<\/a>","rttpg_excerpt":"Az\u0259rbaycanla S\u0259udiyy\u0259 \u018fr\u0259bistan\u0131 v\u0259 \u0130ndoneziya aras\u0131nda vizadan azad olunma il\u0259 ba\u011fl\u0131 s\u0259n\u0259dl\u0259r t\u0259sdiq edilib. \u00d6lk\u0259.az\u00a0x\u0259b\u0259r\u00a0verir ki, parlamentin bu g\u00fcn ke\u00e7iril\u0259n iclas\u0131nda &#8220;Az\u0259rbaycan Respublikas\u0131 H\u00f6kum\u0259ti il\u0259 S\u0259udiyy\u0259 \u018fr\u0259bistan\u0131 Krall\u0131\u011f\u0131 H\u00f6kum\u0259ti aras\u0131nda diplomatik, x\u00fcsusi v\u0259 xidm\u0259ti pasport sahibl\u0259rinin q\u0131sam\u00fcdd\u0259tli vizadan qar\u015f\u0131l\u0131ql\u0131 azad edilm\u0259si haqq\u0131nda Anla\u015fma Memorandumu&#8221;nun t\u0259sdiq edilm\u0259si bar\u0259d\u0259 Az\u0259rbaycan Respublikas\u0131 qanununun layih\u0259si v\u0259 &#8220;Az\u0259rbaycan Respublikas\u0131 H\u00f6kum\u0259ti&hellip;","_links":{"self":[{"href":"https:\/\/arantv.az\/index.php?rest_route=\/wp\/v2\/posts\/771989"}],"collection":[{"href":"https:\/\/arantv.az\/index.php?rest_route=\/wp\/v2\/posts"}],"about":[{"href":"https:\/\/arantv.az\/index.php?rest_route=\/wp\/v2\/types\/post"}],"author":[{"embeddable":true,"href":"https:\/\/arantv.az\/index.php?rest_route=\/wp\/v2\/users\/2"}],"replies":[{"embeddable":true,"href":"https:\/\/arantv.az\/index.php?rest_route=%2Fwp%2Fv2%2Fcomments&post=771989"}],"version-history":[{"count":2,"href":"https:\/\/arantv.az\/index.php?rest_route=\/wp\/v2\/posts\/771989\/revisions"}],"predecessor-version":[{"id":771992,"href":"https:\/\/arantv.az\/index.php?rest_route=\/wp\/v2\/posts\/771989\/revisions\/771992"}],"wp:featuredmedia":[{"embeddable":true,"href":"https:\/\/arantv.az\/index.php?rest_route=\/wp\/v2\/media\/771990"}],"wp:attachment":[{"href":"https:\/\/arantv.az\/index.php?rest_route=%2Fwp%2Fv2%2Fmedia&parent=771989"}],"wp:term":[{"taxonomy":"category","embeddable":true,"href":"https:\/\/arantv.az\/index.php?rest_route=%2Fwp%2Fv2%2Fcategories&post=771989"},{"taxonomy":"post_tag","embeddable":true,"href":"https:\/\/arantv.az\/index.php?rest_route=%2Fwp%2Fv2%2Ftags&post=771989"}],"curies":[{"name":"wp","href":"https:\/\/api.w.org\/{rel}","templated":true}]}}