{"id":771993,"date":"2024-11-29T17:55:26","date_gmt":"2024-11-29T13:55:26","guid":{"rendered":"https:\/\/arantv.az\/?p=771993"},"modified":"2024-11-29T17:55:26","modified_gmt":"2024-11-29T13:55:26","slug":"g%c9%99l%c9%99n-il-yanvarin-29-u-qeyri-is-gunu-olacaq-2","status":"publish","type":"post","link":"https:\/\/arantv.az\/?p=771993","title":{"rendered":"G\u0259l\u0259n il yanvar\u0131n 29-u qeyri-i\u015f g\u00fcn\u00fc olacaq"},"content":{"rendered":"<p>G\u0259l\u0259n il yanvar\u0131n 29-u qeyri-i\u015f g\u00fcn\u00fc olacaq.<\/p>\n<p><strong>ARANTV.AZ<\/strong> APA-ya istinad\u0259n <a title=\"xeberler son xeberler 2024\" href=\"https:\/\/big.az\/\" target=\"_blank\" rel=\"noopener\">x\u0259b\u0259r<\/a>\u00a0verir ki, 29 yanvar 2025-ci il tarixd\u0259 b\u0259l\u0259diyy\u0259 se\u00e7kil\u0259ri ke\u00e7iril\u0259k.<\/p>\n<div class=\"AdviadNativeVideo\"><\/div>\n<p>Se\u00e7ki M\u0259c\u0259ll\u0259sinin 8.2-ci madd\u0259sin\u0259 \u0259sas\u0259n, s\u0259sverm\u0259 g\u00fcn\u00fc se\u00e7ki ke\u00e7iril\u0259n \u0259razid\u0259 i\u015f g\u00fcn\u00fc hesab olunmur.<\/p>\n<p>Bel\u0259likl\u0259, 2025-ci il yanvar\u0131n 29-u &#8211; \u00e7\u0259r\u015f\u0259nb\u0259 g\u00fcn\u00fc qeyri-i\u015f g\u00fcn\u00fc olacaq.<\/p>\n","protected":false},"excerpt":{"rendered":"<p>G\u0259l\u0259n il yanvar\u0131n 29-u qeyri-i\u015f g\u00fcn\u00fc olacaq. ARANTV.AZ APA-ya istinad\u0259n x\u0259b\u0259r\u00a0verir ki, 29 yanvar 2025-ci il tarixd\u0259 b\u0259l\u0259diyy\u0259 se\u00e7kil\u0259ri ke\u00e7iril\u0259k. Se\u00e7ki M\u0259c\u0259ll\u0259sinin 8.2-ci madd\u0259sin\u0259 \u0259sas\u0259n, s\u0259sverm\u0259 g\u00fcn\u00fc se\u00e7ki ke\u00e7iril\u0259n \u0259razid\u0259 i\u015f g\u00fcn\u00fc hesab olunmur. Bel\u0259likl\u0259, 2025-ci il yanvar\u0131n 29-u &#8211; \u00e7\u0259r\u015f\u0259nb\u0259 g\u00fcn\u00fc qeyri-i\u015f g\u00fcn\u00fc olacaq.<\/p>\n","protected":false},"author":2,"featured_media":771994,"comment_status":"closed","ping_status":"closed","sticky":false,"template":"","format":"standard","meta":{"om_disable_all_campaigns":false,"_monsterinsights_skip_tracking":false,"_monsterinsights_sitenote_active":false,"_monsterinsights_sitenote_note":"","_monsterinsights_sitenote_category":0},"categories":[1],"tags":[],"aioseo_notices":[],"gutentor_comment":0,"rttpg_featured_image_url":{"full":["https:\/\/arantv.az\/wp-content\/uploads\/2024\/11\/tt_91732874002.jpg",637,400,false],"landscape":["https:\/\/arantv.az\/wp-content\/uploads\/2024\/11\/tt_91732874002.jpg",637,400,false],"portraits":["https:\/\/arantv.az\/wp-content\/uploads\/2024\/11\/tt_91732874002.jpg",637,400,false],"thumbnail":["https:\/\/arantv.az\/wp-content\/uploads\/2024\/11\/tt_91732874002-500x280.jpg",500,280,true],"medium":["https:\/\/arantv.az\/wp-content\/uploads\/2024\/11\/tt_91732874002-581x365.jpg",581,365,true],"large":["https:\/\/arantv.az\/wp-content\/uploads\/2024\/11\/tt_91732874002.jpg",637,400,false],"1536x1536":["https:\/\/arantv.az\/wp-content\/uploads\/2024\/11\/tt_91732874002.jpg",637,400,false],"2048x2048":["https:\/\/arantv.az\/wp-content\/uploads\/2024\/11\/tt_91732874002.jpg",637,400,false],"post-thumbnail":["https:\/\/arantv.az\/wp-content\/uploads\/2024\/11\/tt_91732874002-240x172.jpg",240,172,true],"advps-thumb-one":["https:\/\/arantv.az\/wp-content\/uploads\/2024\/11\/tt_91732874002.jpg",637,400,false]},"rttpg_author":{"display_name":"V\u00fcsal Rafiqo\u011flu","author_link":"https:\/\/arantv.az\/?author=2"},"rttpg_comment":0,"rttpg_category":"<a href=\"https:\/\/arantv.az\/?cat=1\" rel=\"category\">C\u0259miyy\u0259t<\/a>","rttpg_excerpt":"G\u0259l\u0259n il yanvar\u0131n 29-u qeyri-i\u015f g\u00fcn\u00fc olacaq. ARANTV.AZ APA-ya istinad\u0259n x\u0259b\u0259r\u00a0verir ki, 29 yanvar 2025-ci il tarixd\u0259 b\u0259l\u0259diyy\u0259 se\u00e7kil\u0259ri ke\u00e7iril\u0259k. Se\u00e7ki M\u0259c\u0259ll\u0259sinin 8.2-ci madd\u0259sin\u0259 \u0259sas\u0259n, s\u0259sverm\u0259 g\u00fcn\u00fc se\u00e7ki ke\u00e7iril\u0259n \u0259razid\u0259 i\u015f g\u00fcn\u00fc hesab olunmur. Bel\u0259likl\u0259, 2025-ci il yanvar\u0131n 29-u &#8211; \u00e7\u0259r\u015f\u0259nb\u0259 g\u00fcn\u00fc qeyri-i\u015f g\u00fcn\u00fc olacaq.","_links":{"self":[{"href":"https:\/\/arantv.az\/index.php?rest_route=\/wp\/v2\/posts\/771993"}],"collection":[{"href":"https:\/\/arantv.az\/index.php?rest_route=\/wp\/v2\/posts"}],"about":[{"href":"https:\/\/arantv.az\/index.php?rest_route=\/wp\/v2\/types\/post"}],"author":[{"embeddable":true,"href":"https:\/\/arantv.az\/index.php?rest_route=\/wp\/v2\/users\/2"}],"replies":[{"embeddable":true,"href":"https:\/\/arantv.az\/index.php?rest_route=%2Fwp%2Fv2%2Fcomments&post=771993"}],"version-history":[{"count":1,"href":"https:\/\/arantv.az\/index.php?rest_route=\/wp\/v2\/posts\/771993\/revisions"}],"predecessor-version":[{"id":771995,"href":"https:\/\/arantv.az\/index.php?rest_route=\/wp\/v2\/posts\/771993\/revisions\/771995"}],"wp:featuredmedia":[{"embeddable":true,"href":"https:\/\/arantv.az\/index.php?rest_route=\/wp\/v2\/media\/771994"}],"wp:attachment":[{"href":"https:\/\/arantv.az\/index.php?rest_route=%2Fwp%2Fv2%2Fmedia&parent=771993"}],"wp:term":[{"taxonomy":"category","embeddable":true,"href":"https:\/\/arantv.az\/index.php?rest_route=%2Fwp%2Fv2%2Fcategories&post=771993"},{"taxonomy":"post_tag","embeddable":true,"href":"https:\/\/arantv.az\/index.php?rest_route=%2Fwp%2Fv2%2Ftags&post=771993"}],"curies":[{"name":"wp","href":"https:\/\/api.w.org\/{rel}","templated":true}]}}