{"id":772016,"date":"2024-11-29T18:02:24","date_gmt":"2024-11-29T14:02:24","guid":{"rendered":"https:\/\/arantv.az\/?p=772016"},"modified":"2024-11-29T18:02:25","modified_gmt":"2024-11-29T14:02:25","slug":"dovl%c9%99t-v%c9%99t%c9%99ndaslarin-huquqlarinin-t%c9%99minatcisidir","status":"publish","type":"post","link":"https:\/\/arantv.az\/?p=772016","title":{"rendered":"D\u00f6vl\u0259t v\u0259t\u0259nda\u015flar\u0131n h\u00fcquqlar\u0131n\u0131n t\u0259minat\u00e7\u0131s\u0131d\u0131r"},"content":{"rendered":"<p><em><strong>H\u00fcquqi d\u00f6vl\u0259t quruculu\u011funun ayr\u0131lmaz hiss\u0259si olan v\u0259t\u0259nda\u015f c\u0259miyy\u0259ti d\u00f6vl\u0259t\u00e7iliyin \u0259saslar\u0131n\u0131n m\u00f6hk\u0259ml\u0259nm\u0259si \u00fc\u00e7\u00fcn \u0259v\u0259zedilm\u0259zdir.<\/strong><\/em><\/p>\n<p>\u0130nsan haqlar\u0131 v\u0259 azad v\u0259t\u0259nda\u015f h\u00fcquqlar\u0131n\u0131n \u0259sas m\u0259\u011fzi ondan ibar\u0259tdir ki, b\u00fct\u00fcn insanlar irqind\u0259n, dinind\u0259n, m\u0259nsubiyy\u0259tind\u0259n, cinsiyy\u0259tind\u0259n as\u0131l\u0131 olmayaraq b\u0259rab\u0259r h\u00fcquqa malik olmal\u0131d\u0131rlar. Bu beyn\u0259lmil\u0259l q\u0259rarlar \u0259lb\u0259tt\u0259 ki, \u00f6lk\u0259mizd\u0259 d\u0259 x\u00fcsusi diqq\u0259t ayr\u0131lan vacib m\u0259s\u0259l\u0259l\u0259rd\u0259ndir. Az\u0259rbaycan t\u0259r\u0259fda\u015f\u0131 oldu\u011fu beyn\u0259lxalq konvensiyalar\u0131n t\u00f6vsiy\u0259 v\u0259 t\u0259l\u0259bl\u0259rind\u0259n ir\u0259li g\u0259l\u0259n b\u00fct\u00fcn m\u0259s\u0259l\u0259l\u0259r\u0259 daima diqq\u0259t edir. D\u00f6vl\u0259t ba\u015f\u00e7\u0131s\u0131 \u0130lham \u018fliyevin r\u0259hb\u0259rliyi il\u0259 \u00f6lk\u0259d\u0259 azad v\u0259t\u0259nda\u015f c\u0259miyy\u0259tinin formala\u015fmas\u0131 v\u0259 ictimai i\u015ftirak\u00e7\u0131l\u0131\u011f\u0131n t\u0259min olunmas\u0131 istiqam\u0259tind\u0259 \u00e7ox b\u00f6y\u00fck i\u015fl\u0259r g\u00f6r\u00fclm\u00fc\u015fd\u00fcr. Prezidentin ictimai n\u0259zar\u0259tin g\u00fccl\u0259ndirilm\u0259si bar\u0259d\u0259 g\u00f6st\u0259ri\u015f v\u0259 tap\u015f\u0131r\u0131qlar\u0131 bu sferan\u0131n inki\u015faf\u0131na t\u0259kan ver\u0259n amill\u0259rd\u0259ndir. Bu is\u0259 \u00f6lk\u0259d\u0259 azad s\u00f6z, azad fikir, \u0259dal\u0259tli m\u0259hk\u0259m\u0259 sisteminin qurulmas\u0131n\u0131n birba\u015fa g\u00f6st\u0259ricisi kimi s\u0259ciyy\u0259l\u0259ndirilir, Az\u0259rbaycan\u0131n h\u00fcquqi, demokratik, d\u00fcny\u0259vi d\u00f6vl\u0259t olmas\u0131n\u0131 \u015f\u0259rtl\u0259ndirir.<\/p>\n<p>Az\u0259rbaycan Respublikas\u0131 insan h\u00fcquqlar\u0131 sah\u0259sind\u0259 f\u0259aliyy\u0259t g\u00f6st\u0259r\u0259n n\u00fcfuzlu beyn\u0259lxalq qurumlarla \u0259m\u0259kda\u015fl\u0131\u011f\u0131 inki\u015faf etdirmi\u015f, insan h\u00fcquqlar\u0131n\u0131n m\u00fcdafi\u0259si sah\u0259sind\u0259 50-d\u0259n \u00e7ox beyn\u0259lxalq s\u0259n\u0259d\u0259 t\u0259r\u0259fda\u015f \u00e7\u0131xm\u0131\u015f v\u0259 bu sah\u0259d\u0259 beyn\u0259lxalq \u00f6hd\u0259likl\u0259rin h\u0259yata ke\u00e7irilm\u0259sind\u0259 m\u00fch\u00fcm nailiyy\u0259tl\u0259r \u0259ld\u0259 etmi\u015fdir. Bu bax\u0131mdan Ombudsman\u0131n yarad\u0131lmas\u0131 h\u00fcquqi d\u00f6vl\u0259tin formala\u015fmas\u0131nda \u0259n vacib elementl\u0259rind\u0259n biri kimi q\u0259bul olunmu\u015fdur. Hadis\u0259l\u0259rin inki\u015faf\u0131 Az\u0259rbaycanda Ombudsman inst\u0130tutu yarad\u0131lmas\u0131 z\u0259r\u00fcr\u0259tini g\u00fcnd\u0259m\u0259 g\u0259tirmi\u015fdir. \u00a028 dekabr 2001-ci il tarixd\u0259 Az\u0259rbaycan Respublikas\u0131 Milli M\u0259clisi t\u0259r\u0259find\u0259n \u201cAz\u0259rbaycan Respublikas\u0131n\u0131n \u0130nsan H\u00fcquqlar\u0131 \u00fczr\u0259 M\u00fcv\u0259kkili (Ombudsman) haqq\u0131nda\u201d Konstitusiya Qanunu q\u0259bul edildi, 5 mart 2002-ci ild\u0259 is\u0259 \u00f6lk\u0259 ba\u015f\u00e7\u0131s\u0131 t\u0259r\u0259find\u0259n bu qanunun t\u0259tbiq edilm\u0259si haqq\u0131nda F\u0259rman imzaland\u0131 v\u0259 bel\u0259likl\u0259 d\u0259 t\u0259sisat\u0131n yarad\u0131lmas\u0131 v\u0259 f\u0259aliyy\u0259t g\u00f6st\u0259rm\u0259si \u00fc\u00e7\u00fcn h\u00fcquqi baza yarad\u0131ld\u0131. Az\u0259rbaycan Respublikas\u0131n\u0131n insan h\u00fcquqlar\u0131 \u00fczr\u0259 M\u00fcv\u0259kkili (Ombudsman) Az\u0259rbaycan Respublikas\u0131n\u0131n Konstitusiyas\u0131nda v\u0259 Az\u0259rbaycan Respublikas\u0131n\u0131n t\u0259r\u0259fdar \u00e7\u0131xd\u0131\u011f\u0131 beyn\u0259lxalq m\u00fcqavil\u0259l\u0259rd\u0259 t\u0259sbit olunmu\u015f, Az\u0259rbaycan Respublikas\u0131n\u0131n d\u00f6vl\u0259t v\u0259 yerli \u00f6z\u00fcn\u00fcidar\u0259 orqanlar\u0131, v\u0259zif\u0259li \u015f\u0259xsl\u0259ri t\u0259r\u0259find\u0259n pozulan insan h\u00fcquqlar\u0131 v\u0259 azadl\u0131qlar\u0131n\u0131n b\u0259rpa edilm\u0259si bu Konstitusiya Qanunu il\u0259 m\u00fc\u0259yy\u0259n edilmi\u015f hallarda insan h\u00fcquqlar\u0131 pozuntular\u0131n\u0131n qar\u015f\u0131s\u0131n\u0131n al\u0131nmas\u0131 \u00fc\u00e7\u00fcn t\u0259sis edilmi\u015fdir. M\u0259lumat \u00fc\u00e7\u00fcn bildirir\u0259m ki, M\u00fcv\u0259kkilin insan h\u00fcquqlar\u0131n\u0131n m\u00fcdafi\u0259si sah\u0259sind\u0259 f\u0259aliyy\u0259ti insanlar\u0131n v\u0259t\u0259nda\u015f h\u00fcquqlar\u0131n\u0131n v\u0259 azadl\u0131qlar\u0131n\u0131n qorunmas\u0131n\u0131, ona \u0259m\u0259l edilm\u0259sini, t\u0259mini v\u0259ziyy\u0259tinin \u00f6yr\u0259nilm\u0259sini, monitorinqini v\u0259 t\u0259hlilini, habel\u0259 \u00e7at\u0131\u015fmazl\u0131qlar\u0131n v\u0259 pozuntular\u0131n a\u015fkar edilm\u0259sini, pozulmu\u015f h\u00fcquqlar\u0131n b\u0259rpas\u0131n\u0131 v\u0259 pozulmas\u0131n\u0131n qar\u015f\u0131s\u0131n\u0131n al\u0131nmas\u0131n\u0131 \u00f6z\u00fcnd\u0259 ehtiva edir. Bununla yana\u015f\u0131 qeyd edim ki, uzun ill\u0259r \u0259vv\u0259l Az\u0259rbaycanda t\u0259miz ekoloji m\u00fchitin formala\u015fmas\u0131 \u00fc\u00e7\u00fcn d\u00f6vl\u0259t s\u0259viyy\u0259sind\u0259 veril\u0259n f\u0259rman v\u0259 s\u0259r\u0259ncamlar icra edilmi\u015f, b\u00f6y\u00fck layih\u0259l\u0259r h\u0259yata ke\u00e7irilmi\u015fdir. Qoruqlar\u0131n yarad\u0131lmas\u0131, \u015firin su h\u00f6vz\u0259l\u0259rinin, ya\u015f\u0131ll\u0131\u011f\u0131n qorunmas\u0131, b\u00f6y\u00fck \u00e7aylar\u0131n \u00e7irkl\u0259ndirilm\u0259sinin qar\u015f\u0131s\u0131n\u0131n al\u0131nmas\u0131 istiqam\u0259tind\u0259 uzun ill\u0259rdir qanunlar i\u015fl\u0259nib haz\u0131rlan\u0131b v\u0259 m\u00fck\u0259mm\u0259l h\u00fcquqi baza yarad\u0131lm\u0131\u015fd\u0131r. El\u0259 bu da insan sa\u011flaml\u0131\u011f\u0131n\u0131 qoruyan \u0259sas amill\u0259rdir ki, d\u00f6vl\u0259timiz bu sah\u0259y\u0259 daima n\u0259zar\u0259ti g\u00fccl\u0259ndirir. Erm\u0259nistan\u0131n Az\u0259rbaycanda t\u00f6r\u0259tdiyi ekoloji \u201cterrorun\u201d aradan qald\u0131r\u0131lmas\u0131 istiqam\u0259tind\u0259 d\u0259 \u201cQaraba\u011fa qay\u0131d\u0131\u015f\u201d proqram\u0131 \u00e7\u0259r\u00e7iv\u0259sind\u0259 d\u00f6vl\u0259t ba\u015f\u00e7\u0131s\u0131n\u0131n x\u00fcsusi f\u0259rman v\u0259 tap\u015f\u0131r\u0131qlar\u0131 vard\u0131r. H\u0259l\u0259 Ulu \u00d6vd\u0259r Heyd\u0259r \u018fliyevin r\u0259hb\u0259rliyi d\u00f6vr\u00fcnd\u0259 qanunvericilikd\u0259 insan haqlar\u0131 v\u0259 azad v\u0259t\u0259nda\u015f c\u0259miyy\u0259tinin formala\u015fmas\u0131 istiqam\u0259tind\u0259 beyn\u0259lxalq h\u00fcquqi baza yarad\u0131lm\u0131\u015fd\u0131r. Prezident \u0130lham \u018fliyevin r\u0259hb\u0259rliyi d\u00f6vr\u00fcnd\u0259 is\u0259 bu qanunlar t\u0259kmill\u0259\u015fdiril\u0259r\u0259k beyn\u0259lxalq konvensiyalar\u0131 n\u0259z\u0259r\u0259 almaqla daha da m\u00fck\u0259mm\u0259l h\u00fcquqi baza yarad\u0131lmas\u0131na nail olunmu\u015f, h\u00fcquqi, demokratik, d\u00fcny\u0259vi, inki\u015faf etmi\u015f bir d\u00f6vl\u0259t modeli yarad\u0131lm\u0131\u015fd\u0131r.<\/p>\n<p><em><strong>BMT-nin \u0130qlim D\u0259yi\u015fm\u0259l\u0259ri \u00fczr\u0259 \u00c7\u0259r\u00e7iv\u0259 Konvensiyas\u0131n\u0131n T\u0259r\u0259fl\u0259r Konfrans\u0131n\u0131n sessiys\u0131n\u0131n (COP29) Bak\u0131 b\u0259y\u0259nnam\u0259si<\/strong><\/em><\/p>\n<p><em><strong><img src=\"https:\/\/ikisahil.az\/upload\/\/2024\/11\/23\/\/-585eb412173236945872435051010249707.jpeg\" alt=\"\" \/><\/strong><\/em><\/p>\n<p>Xat\u0131rladaq ki, Az\u0259rbaycanda 2024-c\u00fc il \u201cYa\u015f\u0131l d\u00fcnya namin\u0259 h\u0259mr\u0259ylik ili\u201d elan olunmu\u015fdur.\u00a0El\u0259 COP29-a Az\u0259rbaycan\u0131n ev sahibliyi etm\u0259si d\u0259 onu g\u00f6st\u0259rir ki, \u00f6lk\u0259d\u0259 bu sah\u0259y\u0259 diqq\u0259t uzun ill\u0259rdir vard\u0131r. Bak\u0131da ke\u00e7iril\u0259n COP29 qlobal s\u0259viyy\u0259d\u0259 dayan\u0131ql\u0131 inki\u015faf v\u0259 iqlim d\u0259yi\u015fm\u0259l\u0259rin\u0259 qar\u015f\u0131 m\u00fcbariz\u0259 sah\u0259sind\u0259 meydana \u00e7\u0131xan qolabal probleml\u0259ri diqq\u0259t m\u0259rk\u0259zin\u0259 \u00e7\u0259kib. Qeyd etm\u0259k yerin\u0259 d\u00fc\u015f\u0259r ki, Az\u0259rbaycan\u0131n COP29-a ev sahibliyi etm\u0259sinin dayan\u0131ql\u0131 inki\u015faf \u00fcz\u0259rind\u0259ki uzunm\u00fcdd\u0259tli t\u0259sirl\u0259ri ekoloji proqramlar\u0131n diqq\u0259t m\u0259rk\u0259zind\u0259 olub. Dan\u0131lmaz faktd\u0131r ki, \u00f6lk\u0259mizd\u0259 azad, t\u0259\u015f\u0259bb\u00fcskar, inkl\u00fcziv v\u0259t\u0259nda\u015f c\u0259miyy\u0259ti formala\u015f\u0131b. M\u0259lumdur ki, b\u00fct\u00fcn d\u00fcnya COP29 zaman\u0131 m\u00fcxt\u0259lif formatl\u0131, h\u0259tta kifay\u0259t q\u0259d\u0259r t\u0259nqidi m\u00f6vqed\u0259 olan v\u0259t\u0259nda\u015f c\u0259miyy\u0259tinin aksiyalar\u0131n\u0131 m\u0259hz Az\u0259rbaycanda izl\u0259y\u0259 bildi. \u0130\u015ftirak\u00e7\u0131lar v\u0259t\u0259nda\u015f c\u0259miyy\u0259ti \u00fc\u00e7\u00fcn yarad\u0131lan inkl\u00fcziv \u015f\u0259raitd\u0259n m\u0259mnun qald\u0131qlar\u0131n\u0131 d\u0259f\u0259l\u0259rl\u0259 dil\u0259 g\u0259tirirdil\u0259r. Az\u0259rbaycan\u0131n COP29-a s\u0259drliyi h\u0259m Mavi Zonada, h\u0259m d\u0259 Ya\u015f\u0131l Zonada QHT-l\u0259r \u00fc\u00e7\u00fcn x\u00fcsusi pavilyon ayr\u0131lmas\u0131na d\u0259st\u0259k olmu\u015fdu. Eyni zamanda, Konvensiya katibliyin\u0259 m\u00fcraci\u0259t etm\u0259kl\u0259, bir \u00e7ox QHT, h\u0259m\u00e7inin Az\u0259rbaycandan olan v\u0259t\u0259nda\u015f c\u0259miyy\u0259ti n\u00fcmay\u0259nd\u0259l\u0259ri Mavi Zonada m\u00fc\u0259yy\u0259n olunmu\u015f yerl\u0259rd\u0259 aksiyalar ke\u00e7ir\u0259 bildil\u0259r. Bel\u0259likl\u0259, Bak\u0131da ke\u00e7iril\u0259n COP29 b\u00fct\u00fcn maraql\u0131 t\u0259r\u0259fl\u0259rin s\u0259sl\u0259rinin e\u015fidildiyi platforma kimi yadda qald\u0131. Bunu bir \u00e7ox \u00f6lk\u0259l\u0259r, d\u00fcnya \u00fc\u00e7\u00fcn \u0259n yax\u015f\u0131 t\u0259cr\u00fcb\u0259 hesab edir. BMT-nin \u0130qlim D\u0259yi\u015fm\u0259l\u0259ri \u00fczr\u0259 \u00c7\u0259r\u00e7iv\u0259 Konvensiyas\u0131n\u0131n T\u0259r\u0259fl\u0259r Konfrans\u0131n\u0131n 29-cu sessiyas\u0131n\u0131n (COP29) yekununda q\u0259bul edil\u0259n q\u0259rarlar b\u0259\u015f\u0259riyy\u0259tin g\u0259l\u0259c\u0259yi \u00fc\u00e7\u00fcn m\u00fcst\u0259sna \u00f6n\u0259m da\u015f\u0131y\u0131r. Bu q\u0259rarlardan bir ne\u00e7\u0259sini qeyd ed\u0259k:<\/p>\n<p><em><strong>\u00a01. Bak\u0131 Maliyy\u0259 M\u0259qs\u0259di (BMG) bar\u0259d\u0259 raz\u0131l\u0131\u011f\u0131n \u0259ld\u0259 olunmas\u0131 2. 2015-ci ild\u0259n b\u0259ri ilk d\u0259f\u0259 olaraq COP29-da Paris Sazi\u015finin 6-c\u0131 madd\u0259si tam \u015f\u0259kild\u0259 i\u015fl\u0259k v\u0259ziyy\u0259t\u0259 g\u0259tirildi\u00a0<\/strong><\/em><\/p>\n<p><em><strong>3. \u0130tki v\u0259 Z\u0259r\u0259r Fondu tam \u015f\u0259kild\u0259 institutla\u015fd\u0131r\u0131ld\u0131\u00a0<\/strong><\/em><\/p>\n<p><em><strong>4. Bak\u0131 Adaptasiya Yol X\u0259rit\u0259si yarad\u0131ld\u0131\u00a0<\/strong><\/em><\/p>\n<p><em><strong>5. \u0130qlim d\u0259yi\u015fm\u0259l\u0259ri il\u0259 m\u00fcbariz\u0259d\u0259 d\u00f6n\u00fc\u015f n\u00f6qt\u0259si\u00a0<\/strong><\/em><\/p>\n<p><strong>T\u0259bi\u0259td\u0259 insan \u0259li il\u0259 yarad\u0131lan f\u0259sadlar &#8211; B\u0259\u015f\u0259riyy\u0259ti m\u0259hv\u0259 s\u00fcr\u00fckl\u0259y\u0259n f\u0259lak\u0259tl\u0259r v\u0259 faci\u0259l\u0259r\u00a0<\/strong><\/p>\n<p><img src=\"https:\/\/ikisahil.az\/upload\/\/2021\/07\/06\/\/-988f9153162557366069463632310151150.jpg\" alt=\"\" \/><\/p>\n<p>T\u0259bi\u0259t\u0259 v\u0259 insan orqanizmin\u0259 b\u00f6y\u00fck t\u0259hl\u00fck\u0259 v\u0259 t\u0259hdid yaradan yarars\u0131z yanacaq v\u0259 tullant\u0131lar\u0131n yand\u0131r\u0131lmas\u0131 n\u0259tic\u0259sind\u0259 meydana g\u0259l\u0259n qazlar\u0131d\u0131r.\u00a0Bu m\u0259nada iqlim d\u0259yi\u015fikliyin\u0259 s\u0259b\u0259b olan \u0259sas qazlar is\u0259 karbon v\u0259 metand\u0131r. H\u0259min z\u0259h\u0259rli qaz avtomobill\u0259rin i\u015fl\u0259tdiyi yanacqdan v\u0259 dig\u0259r tullant\u0131lar yand\u0131rd\u0131qda \u0259m\u0259l\u0259 g\u0259lir. Sad\u0259 dild\u0259 des\u0259k, bu qazlar\u0131n\u0131n \u0259sas m\u0259nb\u0259l\u0259ri enerji, s\u0259naye, n\u0259qliyyat, binalar, k\u0259nd t\u0259s\u0259rr\u00fcfat\u0131 v\u0259 torpaqd\u0131r. BMT-nin r\u0259smi m\u0259lumatlar\u0131nda qeyd olunur ki, h\u0259r d\u0259qiq\u0259 d\u00fcnyada 20 n\u0259f\u0259r m\u00fcharib\u0259, t\u0259qib, qorxu v\u0259 iqlim d\u0259yi\u015fm\u0259l\u0259ri n\u0259tic\u0259sind\u0259 ya\u015fad\u0131\u011f\u0131 evl\u0259rini t\u0259rk edir. Son ill\u0259r d\u00fcnyada ba\u015f ver\u0259n qlobal istil\u0259\u015fm\u0259 iqlim d\u0259yi\u015fm\u0259sinin ba\u015f verdiyini g\u00f6st\u0259rdi. \u0130qlim d\u0259yi\u015fm\u0259l\u0259rinin f\u0259sadlar\u0131 onu g\u00f6st\u0259rir ki, 2050-ci il\u0259 q\u0259d\u0259r d\u00fcnyada 200 milyon iqlim k\u00f6\u00e7k\u00fcn\u00fc qeyd\u0259 al\u0131nacaq. Bu m\u0259nada 2023-c\u00fc ild\u0259ki k\u00f6\u00e7k\u00fcnl\u0259rin \u00fcmumi say\u0131na n\u0259z\u0259r yetirib, \u0259vv\u0259lki illrl\u0259 m\u00fcqayis\u0259 ets\u0259k g\u00f6r\u0259rik ki, onlar\u0131n say\u0131 108,4 milyon n\u0259f\u0259rd\u0259n 117,3 milyona y\u00fcks\u0259lib. BMT-nin Qa\u00e7q\u0131nlar \u00fczr\u0259 Ali Komissarl\u0131\u011f\u0131n\u0131n (UNHCR) r\u0259smi m\u0259lumatlar\u0131na g\u00f6r\u0259 is\u0259, 2024-c\u00fc ilin may\u0131na q\u0259d\u0259r bu say 120 milyon n\u0259f\u0259r\u0259 q\u0259d\u0259r y\u00fcks\u0259lib. Evl\u0259rini t\u0259rk ed\u0259nl\u0259rin \u0259ks\u0259riyy\u0259ti (68,3 milyon) m\u0259cburi k\u00f6\u00e7k\u00fcnl\u0259rdir, 43,4 milyon n\u0259f\u0259rin is\u0259 h\u0259tta ba\u015fqa \u00f6lk\u0259l\u0259r\u0259 k\u00f6\u00e7 etiyi r\u0259smi m\u0259lumatlarda \u00f6z \u0259ksini tap\u0131b. D\u00fcnya h\u0259y\u0259can t\u0259bili \u00e7al\u0131r. Bildirilir ki, \u0259traf m\u00fchit m\u00fchafiz\u0259\u00e7il\u0259ri qlobal istil\u0259\u015fm\u0259l\u0259rin v\u0259 ekstremal hava \u015f\u0259raitinin bundan sonra da artaca\u011f\u0131n\u0131 proqnozla\u015fd\u0131r\u0131rlar. Bu da miqrantlar\u0131n geni\u015f \u0259razil\u0259ri \u0259hat\u0259 ed\u0259c\u0259yinin g\u00f6st\u0259ricisidir. Bu bax\u0131mdan \u0259traf m\u00fchitin \u0259n b\u00f6y\u00fck m\u00fchafiz\u0259\u00e7isi BMT-nin \u0130qlim D\u0259yi\u015fm\u0259l\u0259ri \u00fczr\u0259 \u00c7\u0259r\u00e7iv\u0259 Konvensiyas\u0131n\u0131n T\u0259r\u0259fl\u0259r Konfrans\u0131n\u0131n sessiyalar\u0131d\u0131r (COP). El\u0259 Bak\u0131da ke\u00e7irilmi\u015f COP29 bu b\u00f6hran\u0131n qar\u015f\u0131s\u0131n\u0131n al\u0131nmas\u0131 yollar\u0131n\u0131n n\u0259z\u0259rd\u0259n ke\u00e7irilib q\u0259rarlar q\u0259bul edilm\u0259sin\u0259 hesablanm\u0131\u015f v\u0259 t\u0259cili \u00f6l\u00e7\u00fcl\u0259r g\u00f6t\u00fcr\u00fclm\u0259sini n\u0259z\u0259rd\u0259 tutmu\u015fdur. \u0130qlim\u015f\u00fcnas aliml\u0259r apard\u0131qlar\u0131 t\u0259dqiqatlar\u0131n v\u0259 m\u00fc\u015fahid\u0259l\u0259rin n\u0259tic\u0259sind\u0259 s\u00fcbut edibl\u0259r ki, son 200 ild\u0259 qlobal istil\u0259\u015fm\u0259nin v\u0259 iqlim d\u0259yi\u015fm\u0259sinin dem\u0259k olar ki, b\u00f6y\u00fck \u0259ks\u0259riyy\u0259tind\u0259 insanlar m\u0259suliyy\u0259t da\u015f\u0131y\u0131rlar. Son olaraq onu qeyd ed\u0259k ki, sadalanan probleml\u0259rin \u0259sas\u0131nda v\u0259t\u0259nda\u015f m\u0259suliyy\u0259ti v\u0259 maarifl\u0259ndirm\u0259 dayan\u0131r. Onu da qeyd etm\u0259k yerin\u0259 d\u00fc\u015f\u00fcr ki, COP29 \u0259r\u0259f\u0259sind\u0259 Az\u0259rbaycan\u0131n u\u011furlar\u0131na k\u00f6lg\u0259 salma\u011fa y\u00f6n\u0259lmi\u015f b\u00f6htan kampaniyalar\u0131 u\u011fursuzlu\u011fa d\u00fc\u00e7ar olub. H\u0259min kampaniyalar \u0259ks\u0259r hallarda, \u00f6lk\u0259mizin beyn\u0259lxalq n\u00fcfuzunu sars\u0131tma\u011fa, onun daxili v\u0259 xarici siyas\u0259tin\u0259 dair faktlar\u0131 t\u0259hrif etm\u0259y\u0259, qlobal s\u0259viyy\u0259d\u0259 n\u00fcfuzuna x\u0259l\u0259l g\u0259tirm\u0259y\u0259 h\u0259d\u0259fl\u0259nmi\u015fdi. Bu h\u0259m d\u0259 azad v\u0259t\u0259nda\u015f c\u0259miyy\u0259tin\u0259 y\u00f6n\u0259lmi\u015f bir basq\u0131 idi. Ancaq Az\u0259rbaycan Respublikas\u0131n\u0131n Prezidenti ba\u015fda olmaqla h\u0259r k\u0259s s\u0259f\u0259rb\u0259r olub bu kimi t\u0259zyiq v\u0259 t\u0259hdidl\u0259rin qar\u015f\u0131s\u0131n\u0131 alma\u011fa nail ola bildi.<\/p>\n<p><em><strong>Subut Mehdiyev, ara\u015fd\u0131rma\u00e7\u0131 jurnalist<\/strong><\/em><\/p>\n<p><em>Qeyd: Az\u0259rbaycan Respublikas\u0131n\u0131n \u0130nsan H\u00fcquqlar\u0131 \u00fczr\u0259 M\u00fcv\u0259kkili (Ombudsman)10 Dekabr\u00a0 -Beyn\u0259lxalq \u0130nsan H\u00fcquqlar\u0131 G\u00fcn\u00fc m\u00fcnasib\u0259til\u0259 \u0259n\u0259n\u0259vi Jurnalist yaz\u0131\u00a0msabiq\u0259si \u00fc\u00e7\u00fcn<\/em><\/p>\n","protected":false},"excerpt":{"rendered":"<p>H\u00fcquqi d\u00f6vl\u0259t quruculu\u011funun ayr\u0131lmaz hiss\u0259si olan v\u0259t\u0259nda\u015f c\u0259miyy\u0259ti d\u00f6vl\u0259t\u00e7iliyin \u0259saslar\u0131n\u0131n m\u00f6hk\u0259ml\u0259nm\u0259si \u00fc\u00e7\u00fcn \u0259v\u0259zedilm\u0259zdir. \u0130nsan haqlar\u0131 v\u0259 azad v\u0259t\u0259nda\u015f h\u00fcquqlar\u0131n\u0131n \u0259sas m\u0259\u011fzi ondan ibar\u0259tdir ki, b\u00fct\u00fcn insanlar irqind\u0259n, dinind\u0259n, m\u0259nsubiyy\u0259tind\u0259n, cinsiyy\u0259tind\u0259n as\u0131l\u0131 olmayaraq b\u0259rab\u0259r h\u00fcquqa malik olmal\u0131d\u0131rlar. Bu beyn\u0259lmil\u0259l q\u0259rarlar \u0259lb\u0259tt\u0259 ki, \u00f6lk\u0259mizd\u0259 d\u0259 x\u00fcsusi diqq\u0259t ayr\u0131lan vacib m\u0259s\u0259l\u0259l\u0259rd\u0259ndir. Az\u0259rbaycan t\u0259r\u0259fda\u015f\u0131 oldu\u011fu beyn\u0259lxalq konvensiyalar\u0131n t\u00f6vsiy\u0259 v\u0259 t\u0259l\u0259bl\u0259rind\u0259n ir\u0259li g\u0259l\u0259n b\u00fct\u00fcn m\u0259s\u0259l\u0259l\u0259r\u0259 daima diqq\u0259t edir. D\u00f6vl\u0259t ba\u015f\u00e7\u0131s\u0131 \u0130lham \u018fliyevin r\u0259hb\u0259rliyi il\u0259 \u00f6lk\u0259d\u0259 azad v\u0259t\u0259nda\u015f c\u0259miyy\u0259tinin formala\u015fmas\u0131 v\u0259 ictimai i\u015ftirak\u00e7\u0131l\u0131\u011f\u0131n t\u0259min olunmas\u0131 istiqam\u0259tind\u0259 \u00e7ox b\u00f6y\u00fck i\u015fl\u0259r g\u00f6r\u00fclm\u00fc\u015fd\u00fcr. Prezidentin ictimai n\u0259zar\u0259tin g\u00fccl\u0259ndirilm\u0259si bar\u0259d\u0259 g\u00f6st\u0259ri\u015f&hellip;<\/p>\n","protected":false},"author":2,"featured_media":772017,"comment_status":"closed","ping_status":"closed","sticky":false,"template":"","format":"standard","meta":{"om_disable_all_campaigns":false,"_monsterinsights_skip_tracking":false,"_monsterinsights_sitenote_active":false,"_monsterinsights_sitenote_note":"","_monsterinsights_sitenote_category":0},"categories":[19],"tags":[],"aioseo_notices":[],"gutentor_comment":0,"rttpg_featured_image_url":{"full":["https:\/\/arantv.az\/wp-content\/uploads\/2024\/11\/a7971abb17328833006304503461058916.jpg",975,540,false],"landscape":["https:\/\/arantv.az\/wp-content\/uploads\/2024\/11\/a7971abb17328833006304503461058916.jpg",975,540,false],"portraits":["https:\/\/arantv.az\/wp-content\/uploads\/2024\/11\/a7971abb17328833006304503461058916.jpg",975,540,false],"thumbnail":["https:\/\/arantv.az\/wp-content\/uploads\/2024\/11\/a7971abb17328833006304503461058916-500x280.jpg",500,280,true],"medium":["https:\/\/arantv.az\/wp-content\/uploads\/2024\/11\/a7971abb17328833006304503461058916-660x365.jpg",660,365,true],"large":["https:\/\/arantv.az\/wp-content\/uploads\/2024\/11\/a7971abb17328833006304503461058916-840x465.jpg",640,354,true],"1536x1536":["https:\/\/arantv.az\/wp-content\/uploads\/2024\/11\/a7971abb17328833006304503461058916.jpg",975,540,false],"2048x2048":["https:\/\/arantv.az\/wp-content\/uploads\/2024\/11\/a7971abb17328833006304503461058916.jpg",975,540,false],"post-thumbnail":["https:\/\/arantv.az\/wp-content\/uploads\/2024\/11\/a7971abb17328833006304503461058916-240x172.jpg",240,172,true],"advps-thumb-one":["https:\/\/arantv.az\/wp-content\/uploads\/2024\/11\/a7971abb17328833006304503461058916.jpg",975,540,false]},"rttpg_author":{"display_name":"V\u00fcsal Rafiqo\u011flu","author_link":"https:\/\/arantv.az\/?author=2"},"rttpg_comment":0,"rttpg_category":"<a href=\"https:\/\/arantv.az\/?cat=19\" rel=\"category\">G\u00fcnd\u0259m<\/a>","rttpg_excerpt":"H\u00fcquqi d\u00f6vl\u0259t quruculu\u011funun ayr\u0131lmaz hiss\u0259si olan v\u0259t\u0259nda\u015f c\u0259miyy\u0259ti d\u00f6vl\u0259t\u00e7iliyin \u0259saslar\u0131n\u0131n m\u00f6hk\u0259ml\u0259nm\u0259si \u00fc\u00e7\u00fcn \u0259v\u0259zedilm\u0259zdir. \u0130nsan haqlar\u0131 v\u0259 azad v\u0259t\u0259nda\u015f h\u00fcquqlar\u0131n\u0131n \u0259sas m\u0259\u011fzi ondan ibar\u0259tdir ki, b\u00fct\u00fcn insanlar irqind\u0259n, dinind\u0259n, m\u0259nsubiyy\u0259tind\u0259n, cinsiyy\u0259tind\u0259n as\u0131l\u0131 olmayaraq b\u0259rab\u0259r h\u00fcquqa malik olmal\u0131d\u0131rlar. Bu beyn\u0259lmil\u0259l q\u0259rarlar \u0259lb\u0259tt\u0259 ki, \u00f6lk\u0259mizd\u0259 d\u0259 x\u00fcsusi diqq\u0259t ayr\u0131lan vacib m\u0259s\u0259l\u0259l\u0259rd\u0259ndir. Az\u0259rbaycan t\u0259r\u0259fda\u015f\u0131 oldu\u011fu beyn\u0259lxalq konvensiyalar\u0131n t\u00f6vsiy\u0259 v\u0259&hellip;","_links":{"self":[{"href":"https:\/\/arantv.az\/index.php?rest_route=\/wp\/v2\/posts\/772016"}],"collection":[{"href":"https:\/\/arantv.az\/index.php?rest_route=\/wp\/v2\/posts"}],"about":[{"href":"https:\/\/arantv.az\/index.php?rest_route=\/wp\/v2\/types\/post"}],"author":[{"embeddable":true,"href":"https:\/\/arantv.az\/index.php?rest_route=\/wp\/v2\/users\/2"}],"replies":[{"embeddable":true,"href":"https:\/\/arantv.az\/index.php?rest_route=%2Fwp%2Fv2%2Fcomments&post=772016"}],"version-history":[{"count":1,"href":"https:\/\/arantv.az\/index.php?rest_route=\/wp\/v2\/posts\/772016\/revisions"}],"predecessor-version":[{"id":772018,"href":"https:\/\/arantv.az\/index.php?rest_route=\/wp\/v2\/posts\/772016\/revisions\/772018"}],"wp:featuredmedia":[{"embeddable":true,"href":"https:\/\/arantv.az\/index.php?rest_route=\/wp\/v2\/media\/772017"}],"wp:attachment":[{"href":"https:\/\/arantv.az\/index.php?rest_route=%2Fwp%2Fv2%2Fmedia&parent=772016"}],"wp:term":[{"taxonomy":"category","embeddable":true,"href":"https:\/\/arantv.az\/index.php?rest_route=%2Fwp%2Fv2%2Fcategories&post=772016"},{"taxonomy":"post_tag","embeddable":true,"href":"https:\/\/arantv.az\/index.php?rest_route=%2Fwp%2Fv2%2Ftags&post=772016"}],"curies":[{"name":"wp","href":"https:\/\/api.w.org\/{rel}","templated":true}]}}