{"id":772019,"date":"2024-11-29T18:03:04","date_gmt":"2024-11-29T14:03:04","guid":{"rendered":"https:\/\/arantv.az\/?p=772019"},"modified":"2024-11-29T18:03:04","modified_gmt":"2024-11-29T14:03:04","slug":"yasil-enerji-gund%c9%99liyimiz","status":"publish","type":"post","link":"https:\/\/arantv.az\/?p=772019","title":{"rendered":"Ya\u015f\u0131l enerji g\u00fcnd\u0259liyimiz"},"content":{"rendered":"<h5>\u018fsas\u0131 Ulu \u00d6nd\u0259r Heyd\u0259r \u018fliyev t\u0259r\u0259find\u0259n qoyulmu\u015f xarici siyas\u0259t kursumuzda apar\u0131c\u0131 beyn\u0259lxalq t\u0259\u015fkilatlarla m\u00fcnasib\u0259tl\u0259rin qurulmas\u0131, o c\u00fcml\u0259d\u0259n qlobal probleml\u0259rin h\u0259llind\u0259 f\u0259al \u015f\u0259kild\u0259 i\u015ftirak d\u00f6vl\u0259timizin prioritet istiqam\u0259tidir. \u018fminlikl\u0259 qeyd ed\u0259 bil\u0259rik ki, COP29-a ev sahibliyi etm\u0259k h\u00fcququnun \u00f6lk\u0259miz\u0259 verilm\u0259si bizim n\u00f6vb\u0259ti u\u011furumuz idi. Bu beyn\u0259lxalq ictimaiyy\u0259tin Az\u0259rbaycana v\u0259 onun g\u00f6rd\u00fcy\u00fc i\u015fl\u0259r\u0259, o c\u00fcml\u0259d\u0259n ya\u015f\u0131l enerji sah\u0259sind\u0259ki f\u0259aliyy\u0259tin\u0259 veril\u0259n d\u0259rin h\u00f6rm\u0259tin \u0259lam\u0259ti idi.\u00a0 COP29 kimi b\u00f6y\u00fck v\u0259 vacib \u0259h\u0259miyy\u0259tli beyn\u0259lxalq t\u0259dbiri t\u0259\u015fkil ed\u0259rk\u0259n Az\u0259rbaycan d\u00f6vl\u0259ti u\u011furlu n\u0259tic\u0259y\u0259 \u0259vv\u0259lc\u0259d\u0259n d\u0259 \u0259min idi. Art\u0131q b\u00f6y\u00fck t\u0259dbirl\u0259rin t\u0259\u015fkilind\u0259 z\u0259ngin t\u0259cr\u00fcb\u0259y\u0259 malik olan \u00f6lk\u0259miz COP29-u da y\u00fcks\u0259k s\u0259viyy\u0259d\u0259 t\u0259\u015fkil etm\u0259kl\u0259 \u0259traf m\u00fchitin qorunmas\u0131, ya\u015f\u0131l enerjiy\u0259 ke\u00e7id prosesl\u0259rin\u0259 \u00f6z t\u00f6hf\u0259sini vermi\u015f oldu.<\/h5>\n<p>Ya\u015fad\u0131\u011f\u0131m\u0131z m\u00fcasir d\u00fcnyan\u0131n reall\u0131qlar\u0131n\u0131 n\u0259z\u0259r\u0259 alsaq ayd\u0131n g\u00f6r\u0259rik ki, enerji t\u0259hl\u00fck\u0259sizliyi hal-haz\u0131rda \u0259n aktual m\u0259s\u0259l\u0259l\u0259rd\u0259n biridir. Az\u0259rbaycan \u0259sas\u0259n neft-qaz \u00f6lk\u0259si kimi tan\u0131nsa da COP29 b\u00fct\u00fcn d\u00fcnyaya g\u00f6st\u0259rdi ki, \u00f6lk\u0259mizin hal-haz\u0131rk\u0131 g\u00fcnd\u0259liyi ya\u015f\u0131l enerji il\u0259 ba\u011fl\u0131d\u0131r. Ya\u015f\u0131l enerji n\u00f6vl\u0259rinin yarad\u0131lmas\u0131 v\u0259 ya\u015f\u0131l enerjinin d\u00fcnya bazarlar\u0131na n\u0259qli haz\u0131rda bizim enerji siyas\u0259timizin prioritetidir. COP29-da Az\u0259rbaycan\u0131n u\u011furlu moderatorlu\u011fu il\u0259 2035-ci il\u0259 q\u0259d\u0259r inki\u015faf etm\u0259kd\u0259 olan \u00f6lk\u0259l\u0259r\u0259 h\u0259r il 300 milyard AB\u015e dollar\u0131 m\u0259bl\u0259\u011find\u0259 yard\u0131m g\u00f6st\u0259rilm\u0259si haqda yekun q\u0259rar q\u0259bul olundu. B\u00f6y\u00fck Britaniya h\u00f6kum\u0259ti is\u0259 239 milyon funt sterlinq (299 milyon AB\u015e dollar\u0131) ay\u0131rma\u011f\u0131 v\u0259d etdi.<\/p>\n<p>AB\u015e prezidenti Co Bayden Az\u0259rbaycan\u0131n ev sahibliyi il\u0259 Bak\u0131da ke\u00e7iril\u0259n COP29 iqlim konfrans\u0131n\u0131n n\u0259tic\u0259l\u0259rini y\u00fcks\u0259k qiym\u0259tl\u0259ndirdi. R\u0259smi b\u0259yanatda AB\u015e lideri bu t\u0259dbiri \u201cdaha bir tarixi nailiyy\u0259t\u201d adland\u0131rd\u0131. A\u011f ev r\u0259hb\u0259ri COP29-da u\u011furlu n\u0259tic\u0259l\u0259rin \u0259ld\u0259 edilm\u0259sind\u0259 \u0259m\u0259yi olan t\u0259r\u0259fl\u0259ri v\u0259 COP29-un s\u0259drliyini t\u0259brik etdi.\u00a0COP29-un yekunlar\u0131na g\u00f6r\u0259 \u0259minlikl\u0259 qeyd ed\u0259 bil\u0259rik ki, Az\u0259rbaycan diplomatiyas\u0131 COP29-da d\u00fcnya diplomatiya tarixin\u0259 \u00f6z ad\u0131n\u0131 yazd\u0131rd\u0131.<\/p>\n<p>COP29-da \u0259ld\u0259 olunan \u0259sas nailiyy\u0259tl\u0259rd\u0259n biri d\u0259 2022-ci ild\u0259 t\u0259\u015f\u0259bb\u00fcs kimi ir\u0259li s\u00fcr\u00fclm\u00fc\u015f v\u0259 iqlim d\u0259yi\u015fm\u0259l\u0259rinin t\u0259sirin\u0259 \u0259n \u00e7ox m\u0259ruz qalan \u00f6lk\u0259l\u0259r\u0259 maliyy\u0259 yard\u0131m\u0131n\u0131 n\u0259z\u0259rd\u0259 tutan \u0130tki v\u0259 Z\u0259r\u0259r Fondunun tam \u015f\u0259kild\u0259 institutla\u015fd\u0131r\u0131lmas\u0131 oldu. Fondun 2025-ci ild\u0259n \u0259m\u0259li f\u0259aliyy\u0259t\u0259 ba\u015flamas\u0131 n\u0259z\u0259rd\u0259 tutulur. \u0130tki v\u0259 Z\u0259r\u0259r Fonduna \u00f6lk\u0259l\u0259r t\u0259r\u0259find\u0259n v\u0259d edil\u0259n maliyy\u0259 v\u0259saitinin h\u0259cmi 730 milyon dollardan \u00e7oxdur. \u0130qlim d\u0259yi\u015fm\u0259l\u0259rinin f\u0259sadlar\u0131n\u0131n ki\u00e7ik ada d\u00f6vl\u0259tl\u0259rin\u0259 t\u0259sirl\u0259rinin yaratd\u0131\u011f\u0131 \u00e7\u0259tinlikl\u0259rin h\u0259lli Az\u0259rbaycan Prezidenti C\u0259nab \u0130lham \u018fliyev t\u0259r\u0259find\u0259n COP29 S\u0259drliyinin prioritetl\u0259rind\u0259n biri kimi m\u00fc\u0259yy\u0259n olundu. Bu bax\u0131mdan, \u0130tki v\u0259 Z\u0259r\u0259r Fondunun f\u0259aliyy\u0259t\u0259 ba\u015flamas\u0131 COP29 S\u0259drliyinin b\u00f6y\u00fck u\u011furu oldu. Yekunda q\u0259bul olunan dig\u0259r q\u0259rarla Qlobal Adaptasiya H\u0259d\u0259fi s\u0259n\u0259di il\u0259 Bak\u0131 Adaptasiya Yol X\u0259rit\u0259si yarad\u0131ld\u0131. H\u0259m\u00e7inin n\u00f6vb\u0259ti COP sessiyalar\u0131 \u00e7\u0259r\u00e7iv\u0259sind\u0259 adaptasiya \u00fczr\u0259 y\u00fcks\u0259k s\u0259viyy\u0259li Bak\u0131 dialoqu \u00e7a\u011f\u0131r\u0131lacaq. Bu, inki\u015faf etm\u0259kd\u0259 olan \u00f6lk\u0259l\u0259rinin maraqlar\u0131na uy\u011fun olaraq, adaptasiya m\u0259s\u0259l\u0259sinin h\u0259r il COP-larda m\u00fczakir\u0259 olunmas\u0131n\u0131 t\u0259min ed\u0259c\u0259k. Az\u0259rbaycan d\u00f6vl\u0259ti daha bir geni\u015fmiqyasl\u0131 t\u0259dbirin \u00f6hd\u0259sind\u0259n u\u011furla g\u0259ldi, bu sah\u0259d\u0259 y\u00fcks\u0259k s\u0259viyy\u0259li t\u0259\u015fkilat\u00e7\u0131l\u0131q qabiliyy\u0259tini n\u00fcmayi\u015f etdirdi. B\u00fct\u00fcn t\u0259r\u0259fl\u0259rin yekdillikl\u0259 COP29-un y\u00fcks\u0259k s\u0259viyy\u0259d\u0259 t\u0259\u015fkilin\u0259 g\u00f6r\u0259 Az\u0259rbaycana r\u0259smi \u015f\u0259kild\u0259 t\u0259\u015f\u0259kk\u00fcr elan olunmas\u0131 bar\u0259d\u0259 q\u0259rar q\u0259bul etm\u0259si bunun bariz g\u00f6st\u0259ricisidir.<\/p>\n<p><img src=\"https:\/\/ikisahil.az\/upload\/\/2024\/11\/29\/\/-1e0a8405173287321791843692310848074.jpeg\" alt=\"\" \/><\/p>\n<p><strong>Nigar Qocayeva,<\/strong><\/p>\n<p><em>YAP Sumqay\u0131t \u015f\u0259h\u0259r t\u0259\u015fkilat\u0131n\u0131n m\u0259sl\u0259h\u0259t\u00e7isi<\/em><\/p>\n","protected":false},"excerpt":{"rendered":"<p>\u018fsas\u0131 Ulu \u00d6nd\u0259r Heyd\u0259r \u018fliyev t\u0259r\u0259find\u0259n qoyulmu\u015f xarici siyas\u0259t kursumuzda apar\u0131c\u0131 beyn\u0259lxalq t\u0259\u015fkilatlarla m\u00fcnasib\u0259tl\u0259rin qurulmas\u0131, o c\u00fcml\u0259d\u0259n qlobal probleml\u0259rin h\u0259llind\u0259 f\u0259al \u015f\u0259kild\u0259 i\u015ftirak d\u00f6vl\u0259timizin prioritet istiqam\u0259tidir. \u018fminlikl\u0259 qeyd ed\u0259 bil\u0259rik ki, COP29-a ev sahibliyi etm\u0259k h\u00fcququnun \u00f6lk\u0259miz\u0259 verilm\u0259si bizim n\u00f6vb\u0259ti u\u011furumuz idi. Bu beyn\u0259lxalq ictimaiyy\u0259tin Az\u0259rbaycana v\u0259 onun g\u00f6rd\u00fcy\u00fc i\u015fl\u0259r\u0259, o c\u00fcml\u0259d\u0259n ya\u015f\u0131l enerji sah\u0259sind\u0259ki f\u0259aliyy\u0259tin\u0259 veril\u0259n d\u0259rin h\u00f6rm\u0259tin \u0259lam\u0259ti idi.\u00a0 COP29 kimi b\u00f6y\u00fck v\u0259 vacib \u0259h\u0259miyy\u0259tli beyn\u0259lxalq t\u0259dbiri t\u0259\u015fkil ed\u0259rk\u0259n Az\u0259rbaycan d\u00f6vl\u0259ti u\u011furlu n\u0259tic\u0259y\u0259 \u0259vv\u0259lc\u0259d\u0259n d\u0259 \u0259min idi. Art\u0131q b\u00f6y\u00fck t\u0259dbirl\u0259rin t\u0259\u015fkilind\u0259 z\u0259ngin t\u0259cr\u00fcb\u0259y\u0259 malik olan \u00f6lk\u0259miz COP29-u da&hellip;<\/p>\n","protected":false},"author":2,"featured_media":772020,"comment_status":"closed","ping_status":"closed","sticky":false,"template":"","format":"standard","meta":{"om_disable_all_campaigns":false,"_monsterinsights_skip_tracking":false,"_monsterinsights_sitenote_active":false,"_monsterinsights_sitenote_note":"","_monsterinsights_sitenote_category":0},"categories":[1],"tags":[],"aioseo_notices":[],"gutentor_comment":0,"rttpg_featured_image_url":{"full":["https:\/\/arantv.az\/wp-content\/uploads\/2024\/11\/dca49d1a17323551828898651161102242.jpg",975,540,false],"landscape":["https:\/\/arantv.az\/wp-content\/uploads\/2024\/11\/dca49d1a17323551828898651161102242.jpg",975,540,false],"portraits":["https:\/\/arantv.az\/wp-content\/uploads\/2024\/11\/dca49d1a17323551828898651161102242.jpg",975,540,false],"thumbnail":["https:\/\/arantv.az\/wp-content\/uploads\/2024\/11\/dca49d1a17323551828898651161102242-500x280.jpg",500,280,true],"medium":["https:\/\/arantv.az\/wp-content\/uploads\/2024\/11\/dca49d1a17323551828898651161102242-660x365.jpg",660,365,true],"large":["https:\/\/arantv.az\/wp-content\/uploads\/2024\/11\/dca49d1a17323551828898651161102242-840x465.jpg",640,354,true],"1536x1536":["https:\/\/arantv.az\/wp-content\/uploads\/2024\/11\/dca49d1a17323551828898651161102242.jpg",975,540,false],"2048x2048":["https:\/\/arantv.az\/wp-content\/uploads\/2024\/11\/dca49d1a17323551828898651161102242.jpg",975,540,false],"post-thumbnail":["https:\/\/arantv.az\/wp-content\/uploads\/2024\/11\/dca49d1a17323551828898651161102242-240x172.jpg",240,172,true],"advps-thumb-one":["https:\/\/arantv.az\/wp-content\/uploads\/2024\/11\/dca49d1a17323551828898651161102242.jpg",975,540,false]},"rttpg_author":{"display_name":"V\u00fcsal Rafiqo\u011flu","author_link":"https:\/\/arantv.az\/?author=2"},"rttpg_comment":0,"rttpg_category":"<a href=\"https:\/\/arantv.az\/?cat=1\" rel=\"category\">C\u0259miyy\u0259t<\/a>","rttpg_excerpt":"\u018fsas\u0131 Ulu \u00d6nd\u0259r Heyd\u0259r \u018fliyev t\u0259r\u0259find\u0259n qoyulmu\u015f xarici siyas\u0259t kursumuzda apar\u0131c\u0131 beyn\u0259lxalq t\u0259\u015fkilatlarla m\u00fcnasib\u0259tl\u0259rin qurulmas\u0131, o c\u00fcml\u0259d\u0259n qlobal probleml\u0259rin h\u0259llind\u0259 f\u0259al \u015f\u0259kild\u0259 i\u015ftirak d\u00f6vl\u0259timizin prioritet istiqam\u0259tidir. \u018fminlikl\u0259 qeyd ed\u0259 bil\u0259rik ki, COP29-a ev sahibliyi etm\u0259k h\u00fcququnun \u00f6lk\u0259miz\u0259 verilm\u0259si bizim n\u00f6vb\u0259ti u\u011furumuz idi. Bu beyn\u0259lxalq ictimaiyy\u0259tin Az\u0259rbaycana v\u0259 onun g\u00f6rd\u00fcy\u00fc i\u015fl\u0259r\u0259, o c\u00fcml\u0259d\u0259n ya\u015f\u0131l enerji sah\u0259sind\u0259ki&hellip;","_links":{"self":[{"href":"https:\/\/arantv.az\/index.php?rest_route=\/wp\/v2\/posts\/772019"}],"collection":[{"href":"https:\/\/arantv.az\/index.php?rest_route=\/wp\/v2\/posts"}],"about":[{"href":"https:\/\/arantv.az\/index.php?rest_route=\/wp\/v2\/types\/post"}],"author":[{"embeddable":true,"href":"https:\/\/arantv.az\/index.php?rest_route=\/wp\/v2\/users\/2"}],"replies":[{"embeddable":true,"href":"https:\/\/arantv.az\/index.php?rest_route=%2Fwp%2Fv2%2Fcomments&post=772019"}],"version-history":[{"count":1,"href":"https:\/\/arantv.az\/index.php?rest_route=\/wp\/v2\/posts\/772019\/revisions"}],"predecessor-version":[{"id":772021,"href":"https:\/\/arantv.az\/index.php?rest_route=\/wp\/v2\/posts\/772019\/revisions\/772021"}],"wp:featuredmedia":[{"embeddable":true,"href":"https:\/\/arantv.az\/index.php?rest_route=\/wp\/v2\/media\/772020"}],"wp:attachment":[{"href":"https:\/\/arantv.az\/index.php?rest_route=%2Fwp%2Fv2%2Fmedia&parent=772019"}],"wp:term":[{"taxonomy":"category","embeddable":true,"href":"https:\/\/arantv.az\/index.php?rest_route=%2Fwp%2Fv2%2Fcategories&post=772019"},{"taxonomy":"post_tag","embeddable":true,"href":"https:\/\/arantv.az\/index.php?rest_route=%2Fwp%2Fv2%2Ftags&post=772019"}],"curies":[{"name":"wp","href":"https:\/\/api.w.org\/{rel}","templated":true}]}}