{"id":772041,"date":"2024-11-29T18:09:55","date_gmt":"2024-11-29T14:09:55","guid":{"rendered":"https:\/\/arantv.az\/?p=772041"},"modified":"2024-11-29T18:09:55","modified_gmt":"2024-11-29T14:09:55","slug":"enerji-resurslarindan-s%c9%99m%c9%99r%c9%99li-istifad%c9%99-v%c9%99-enerji-effektivliyi-haqqinda-qanuna-d%c9%99yisiklik-edilir","status":"publish","type":"post","link":"https:\/\/arantv.az\/?p=772041","title":{"rendered":"\u201cEnerji resurslar\u0131ndan s\u0259m\u0259r\u0259li istifad\u0259 v\u0259 enerji effektivliyi haqq\u0131nda\u201d Qanuna d\u0259yi\u015fiklik edilir"},"content":{"rendered":"<p>Milli M\u0259clis \u201cEnerji resurslar\u0131ndan s\u0259m\u0259r\u0259li istifad\u0259 v\u0259 enerji effektivliyi haqq\u0131nda\u201d Qanuna t\u0259klif edil\u0259n d\u0259yi\u015fiklikl\u0259ri birinci oxunu\u015fda t\u0259sdiql\u0259yib.<\/p>\n<p><a class=\"azertac-link\" href=\"https:\/\/azertag.az\/\" target=\"_blank\" rel=\"noopener\">AZ\u018fRTAC<\/a>\u00a0x\u0259b\u0259r verir ki, qanun layih\u0259si parlamentin bu g\u00fcn ke\u00e7iril\u0259n plenar iclas\u0131n\u0131n g\u00fcnd\u0259liyin\u0259 daxil edilib.<\/p>\n<p>\u201cEnerji resurslar\u0131ndan s\u0259m\u0259r\u0259li istifad\u0259 v\u0259 enerji effektivliyi haqq\u0131nda\u201d 2021-ci il 9 iyul tarixli Qanunun icras\u0131 il\u0259 \u0259laq\u0259dar Enerji Effektivliyi Fondu yarad\u0131l\u0131b. Bu qanun layih\u0259si d\u0259 Fondun v\u0259saitl\u0259rinin formala\u015fma m\u0259nb\u0259l\u0259rinin geni\u015fl\u0259ndirilm\u0259si v\u0259 ondan istifad\u0259 istiqam\u0259tl\u0259rinin t\u0259kmill\u0259\u015fdirilm\u0259si m\u0259qs\u0259dil\u0259 haz\u0131rlan\u0131b. N\u0259tic\u0259d\u0259 enerji effektivliyi \u00fczr\u0259 t\u0259dbirl\u0259rin h\u0259yata ke\u00e7irilm\u0259si, h\u0259m\u00e7inin b\u0259rpaolunan enerji m\u0259nb\u0259l\u0259rind\u0259n istifad\u0259 \u00fc\u00e7\u00fcn daha \u0259lveri\u015fli \u015f\u0259raitin yarad\u0131lmas\u0131, m\u00fcvafiq sah\u0259nin d\u0259st\u0259kl\u0259nm\u0259si, t\u0259s\u0259rr\u00fcfat subyektl\u0259rinin f\u0259aliyy\u0259ti n\u0259tic\u0259sind\u0259 \u0259traf m\u00fchit\u0259 m\u0259nfi t\u0259sirin qar\u015f\u0131s\u0131n\u0131n al\u0131nmas\u0131 kimi m\u0259s\u0259l\u0259l\u0259rin maliyy\u0259 t\u0259minat\u0131 bu v\u0259saitl\u0259r hesab\u0131na artacaq.<\/p>\n<p>Layih\u0259d\u0259 yaln\u0131z tarifl\u0259ri t\u0259nziml\u0259n\u0259n enerji n\u00f6vl\u0259rinin deyil, eyni zamanda, qiym\u0259tl\u0259ri t\u0259nziml\u0259nm\u0259y\u0259n enerji n\u00f6vl\u0259rinin sat\u0131\u015f\u0131ndan ayr\u0131lan v\u0259saitin d\u0259 Enerji Effektivliyi Fonduna k\u00f6\u00e7\u00fcr\u00fclm\u0259sinin h\u00fcquqi \u0259saslar\u0131 t\u0259sbit olunub.<\/p>\n","protected":false},"excerpt":{"rendered":"<p>Milli M\u0259clis \u201cEnerji resurslar\u0131ndan s\u0259m\u0259r\u0259li istifad\u0259 v\u0259 enerji effektivliyi haqq\u0131nda\u201d Qanuna t\u0259klif edil\u0259n d\u0259yi\u015fiklikl\u0259ri birinci oxunu\u015fda t\u0259sdiql\u0259yib. AZ\u018fRTAC\u00a0x\u0259b\u0259r verir ki, qanun layih\u0259si parlamentin bu g\u00fcn ke\u00e7iril\u0259n plenar iclas\u0131n\u0131n g\u00fcnd\u0259liyin\u0259 daxil edilib. \u201cEnerji resurslar\u0131ndan s\u0259m\u0259r\u0259li istifad\u0259 v\u0259 enerji effektivliyi haqq\u0131nda\u201d 2021-ci il 9 iyul tarixli Qanunun icras\u0131 il\u0259 \u0259laq\u0259dar Enerji Effektivliyi Fondu yarad\u0131l\u0131b. Bu qanun layih\u0259si d\u0259 Fondun v\u0259saitl\u0259rinin formala\u015fma m\u0259nb\u0259l\u0259rinin geni\u015fl\u0259ndirilm\u0259si v\u0259 ondan istifad\u0259 istiqam\u0259tl\u0259rinin t\u0259kmill\u0259\u015fdirilm\u0259si m\u0259qs\u0259dil\u0259 haz\u0131rlan\u0131b. N\u0259tic\u0259d\u0259 enerji effektivliyi \u00fczr\u0259 t\u0259dbirl\u0259rin h\u0259yata ke\u00e7irilm\u0259si, h\u0259m\u00e7inin b\u0259rpaolunan enerji m\u0259nb\u0259l\u0259rind\u0259n istifad\u0259 \u00fc\u00e7\u00fcn daha \u0259lveri\u015fli \u015f\u0259raitin yarad\u0131lmas\u0131, m\u00fcvafiq sah\u0259nin d\u0259st\u0259kl\u0259nm\u0259si, t\u0259s\u0259rr\u00fcfat subyektl\u0259rinin&hellip;<\/p>\n","protected":false},"author":2,"featured_media":772042,"comment_status":"closed","ping_status":"closed","sticky":false,"template":"","format":"standard","meta":{"om_disable_all_campaigns":false,"_monsterinsights_skip_tracking":false,"_monsterinsights_sitenote_active":false,"_monsterinsights_sitenote_note":"","_monsterinsights_sitenote_category":0},"categories":[1],"tags":[],"aioseo_notices":[],"gutentor_comment":0,"rttpg_featured_image_url":{"full":["https:\/\/arantv.az\/wp-content\/uploads\/2024\/11\/173287205142943716_1200x630.jpg",922,630,false],"landscape":["https:\/\/arantv.az\/wp-content\/uploads\/2024\/11\/173287205142943716_1200x630.jpg",922,630,false],"portraits":["https:\/\/arantv.az\/wp-content\/uploads\/2024\/11\/173287205142943716_1200x630.jpg",922,630,false],"thumbnail":["https:\/\/arantv.az\/wp-content\/uploads\/2024\/11\/173287205142943716_1200x630-500x280.jpg",500,280,true],"medium":["https:\/\/arantv.az\/wp-content\/uploads\/2024\/11\/173287205142943716_1200x630-534x365.jpg",534,365,true],"large":["https:\/\/arantv.az\/wp-content\/uploads\/2024\/11\/173287205142943716_1200x630-840x574.jpg",640,437,true],"1536x1536":["https:\/\/arantv.az\/wp-content\/uploads\/2024\/11\/173287205142943716_1200x630.jpg",922,630,false],"2048x2048":["https:\/\/arantv.az\/wp-content\/uploads\/2024\/11\/173287205142943716_1200x630.jpg",922,630,false],"post-thumbnail":["https:\/\/arantv.az\/wp-content\/uploads\/2024\/11\/173287205142943716_1200x630-240x172.jpg",240,172,true],"advps-thumb-one":["https:\/\/arantv.az\/wp-content\/uploads\/2024\/11\/173287205142943716_1200x630-922x620.jpg",922,620,true]},"rttpg_author":{"display_name":"V\u00fcsal Rafiqo\u011flu","author_link":"https:\/\/arantv.az\/?author=2"},"rttpg_comment":0,"rttpg_category":"<a href=\"https:\/\/arantv.az\/?cat=1\" rel=\"category\">C\u0259miyy\u0259t<\/a>","rttpg_excerpt":"Milli M\u0259clis \u201cEnerji resurslar\u0131ndan s\u0259m\u0259r\u0259li istifad\u0259 v\u0259 enerji effektivliyi haqq\u0131nda\u201d Qanuna t\u0259klif edil\u0259n d\u0259yi\u015fiklikl\u0259ri birinci oxunu\u015fda t\u0259sdiql\u0259yib. AZ\u018fRTAC\u00a0x\u0259b\u0259r verir ki, qanun layih\u0259si parlamentin bu g\u00fcn ke\u00e7iril\u0259n plenar iclas\u0131n\u0131n g\u00fcnd\u0259liyin\u0259 daxil edilib. \u201cEnerji resurslar\u0131ndan s\u0259m\u0259r\u0259li istifad\u0259 v\u0259 enerji effektivliyi haqq\u0131nda\u201d 2021-ci il 9 iyul tarixli Qanunun icras\u0131 il\u0259 \u0259laq\u0259dar Enerji Effektivliyi Fondu yarad\u0131l\u0131b. Bu qanun layih\u0259si&hellip;","_links":{"self":[{"href":"https:\/\/arantv.az\/index.php?rest_route=\/wp\/v2\/posts\/772041"}],"collection":[{"href":"https:\/\/arantv.az\/index.php?rest_route=\/wp\/v2\/posts"}],"about":[{"href":"https:\/\/arantv.az\/index.php?rest_route=\/wp\/v2\/types\/post"}],"author":[{"embeddable":true,"href":"https:\/\/arantv.az\/index.php?rest_route=\/wp\/v2\/users\/2"}],"replies":[{"embeddable":true,"href":"https:\/\/arantv.az\/index.php?rest_route=%2Fwp%2Fv2%2Fcomments&post=772041"}],"version-history":[{"count":2,"href":"https:\/\/arantv.az\/index.php?rest_route=\/wp\/v2\/posts\/772041\/revisions"}],"predecessor-version":[{"id":772044,"href":"https:\/\/arantv.az\/index.php?rest_route=\/wp\/v2\/posts\/772041\/revisions\/772044"}],"wp:featuredmedia":[{"embeddable":true,"href":"https:\/\/arantv.az\/index.php?rest_route=\/wp\/v2\/media\/772042"}],"wp:attachment":[{"href":"https:\/\/arantv.az\/index.php?rest_route=%2Fwp%2Fv2%2Fmedia&parent=772041"}],"wp:term":[{"taxonomy":"category","embeddable":true,"href":"https:\/\/arantv.az\/index.php?rest_route=%2Fwp%2Fv2%2Fcategories&post=772041"},{"taxonomy":"post_tag","embeddable":true,"href":"https:\/\/arantv.az\/index.php?rest_route=%2Fwp%2Fv2%2Ftags&post=772041"}],"curies":[{"name":"wp","href":"https:\/\/api.w.org\/{rel}","templated":true}]}}