{"id":772045,"date":"2024-11-29T18:10:47","date_gmt":"2024-11-29T14:10:47","guid":{"rendered":"https:\/\/arantv.az\/?p=772045"},"modified":"2024-11-29T18:12:26","modified_gmt":"2024-11-29T14:12:26","slug":"usaq-huquqlari-haqqinda-qanuna-d%c9%99yisiklikl%c9%99r-t%c9%99sdiql%c9%99ndi","status":"publish","type":"post","link":"https:\/\/arantv.az\/?p=772045","title":{"rendered":"\u201cU\u015faq h\u00fcquqlar\u0131 haqq\u0131nda\u201d Qanuna d\u0259yi\u015fiklikl\u0259r t\u0259sdiql\u0259ndi"},"content":{"rendered":"<p>\u201cU\u015faq h\u00fcquqlar\u0131 haqq\u0131nda\u201d Qanunda d\u0259yi\u015fiklik edilm\u0259si bar\u0259d\u0259 qanun layih\u0259si Milli M\u0259clisd\u0259 \u00fc\u00e7\u00fcnc\u00fc oxunu\u015fda m\u00fczakir\u0259y\u0259 \u00e7\u0131xar\u0131l\u0131b.<\/p>\n<p><a class=\"azertac-link\" href=\"https:\/\/azertag.az\/\" target=\"_blank\" rel=\"noopener\">AZ\u018fRTAC<\/a>\u00a0x\u0259b\u0259r verir ki, bu m\u0259s\u0259l\u0259 parlamentin noyabr\u0131n 29-da ke\u00e7iril\u0259n iclas\u0131n\u0131n g\u00fcnd\u0259liyin\u0259 daxil edilib.<\/p>\n<p>Layih\u0259y\u0259 \u0259sas\u0259n, u\u015faq h\u00fcquqlar\u0131n\u0131n h\u0259yata ke\u00e7irilm\u0259sinin b\u00fct\u00fcn sah\u0259l\u0259rd\u0259 t\u0259min edilm\u0259si v\u0259ziyy\u0259tinin monitorinqi \u00fczr\u0259 meyarlar m\u00fcvafiq icra hakimiyy\u0259ti orqan\u0131 t\u0259r\u0259find\u0259n m\u00fc\u0259yy\u0259n olunur. Layih\u0259d\u0259 t\u0259klif olunan d\u0259yi\u015fiklikl\u0259r u\u015faq m\u00fc\u0259ssis\u0259l\u0259rind\u0259 xidm\u0259tl\u0259rin keyfiyy\u0259tinin y\u00fcks\u0259ldilm\u0259sin\u0259, u\u015faq h\u00fcquqlar\u0131n\u0131n h\u0259yata ke\u00e7irilm\u0259sinin t\u0259kmill\u0259\u015fdirilm\u0259sin\u0259 xidm\u0259t edir.<\/p>\n<p>Qanun layih\u0259si \u201cU\u015faqlara dair Strategiyan\u0131n h\u0259yata ke\u00e7irilm\u0259si \u00fczr\u0259 2020\u20132025-ci ill\u0259r \u00fc\u00e7\u00fcn F\u0259aliyy\u0259t Plan\u0131\u201dn\u0131n t\u0259sdiq edilm\u0259si haqq\u0131nda\u201d Az\u0259rbaycan Respublikas\u0131 Prezidentinin 2020-ci il 27 noyabr tarixli S\u0259r\u0259ncam\u0131n\u0131n icras\u0131n\u0131n t\u0259min edilm\u0259si m\u0259qs\u0259dil\u0259 haz\u0131rlan\u0131b.<\/p>\n<p>M\u00fczakir\u0259l\u0259rd\u0259n sonra qanun layih\u0259si \u00fc\u00e7\u00fcnc\u00fc oxunu\u015fda s\u0259s\u0259 qoyularaq t\u0259sdiql\u0259nib.<\/p>\n","protected":false},"excerpt":{"rendered":"<p>\u201cU\u015faq h\u00fcquqlar\u0131 haqq\u0131nda\u201d Qanunda d\u0259yi\u015fiklik edilm\u0259si bar\u0259d\u0259 qanun layih\u0259si Milli M\u0259clisd\u0259 \u00fc\u00e7\u00fcnc\u00fc oxunu\u015fda m\u00fczakir\u0259y\u0259 \u00e7\u0131xar\u0131l\u0131b. AZ\u018fRTAC\u00a0x\u0259b\u0259r verir ki, bu m\u0259s\u0259l\u0259 parlamentin noyabr\u0131n 29-da ke\u00e7iril\u0259n iclas\u0131n\u0131n g\u00fcnd\u0259liyin\u0259 daxil edilib. Layih\u0259y\u0259 \u0259sas\u0259n, u\u015faq h\u00fcquqlar\u0131n\u0131n h\u0259yata ke\u00e7irilm\u0259sinin b\u00fct\u00fcn sah\u0259l\u0259rd\u0259 t\u0259min edilm\u0259si v\u0259ziyy\u0259tinin monitorinqi \u00fczr\u0259 meyarlar m\u00fcvafiq icra hakimiyy\u0259ti orqan\u0131 t\u0259r\u0259find\u0259n m\u00fc\u0259yy\u0259n olunur. Layih\u0259d\u0259 t\u0259klif olunan d\u0259yi\u015fiklikl\u0259r u\u015faq m\u00fc\u0259ssis\u0259l\u0259rind\u0259 xidm\u0259tl\u0259rin keyfiyy\u0259tinin y\u00fcks\u0259ldilm\u0259sin\u0259, u\u015faq h\u00fcquqlar\u0131n\u0131n h\u0259yata ke\u00e7irilm\u0259sinin t\u0259kmill\u0259\u015fdirilm\u0259sin\u0259 xidm\u0259t edir. Qanun layih\u0259si \u201cU\u015faqlara dair Strategiyan\u0131n h\u0259yata ke\u00e7irilm\u0259si \u00fczr\u0259 2020\u20132025-ci ill\u0259r \u00fc\u00e7\u00fcn F\u0259aliyy\u0259t Plan\u0131\u201dn\u0131n t\u0259sdiq edilm\u0259si haqq\u0131nda\u201d Az\u0259rbaycan Respublikas\u0131 Prezidentinin 2020-ci il 27 noyabr tarixli S\u0259r\u0259ncam\u0131n\u0131n&hellip;<\/p>\n","protected":false},"author":2,"featured_media":726233,"comment_status":"closed","ping_status":"closed","sticky":false,"template":"","format":"standard","meta":{"om_disable_all_campaigns":false,"_monsterinsights_skip_tracking":false,"_monsterinsights_sitenote_active":false,"_monsterinsights_sitenote_note":"","_monsterinsights_sitenote_category":0},"categories":[1],"tags":[],"aioseo_notices":[],"gutentor_comment":0,"rttpg_featured_image_url":{"full":["https:\/\/arantv.az\/wp-content\/uploads\/2024\/05\/usaqlar.jpg",1200,800,false],"landscape":["https:\/\/arantv.az\/wp-content\/uploads\/2024\/05\/usaqlar.jpg",1200,800,false],"portraits":["https:\/\/arantv.az\/wp-content\/uploads\/2024\/05\/usaqlar.jpg",1200,800,false],"thumbnail":["https:\/\/arantv.az\/wp-content\/uploads\/2024\/05\/usaqlar-500x280.jpg",500,280,true],"medium":["https:\/\/arantv.az\/wp-content\/uploads\/2024\/05\/usaqlar-548x365.jpg",548,365,true],"large":["https:\/\/arantv.az\/wp-content\/uploads\/2024\/05\/usaqlar-840x560.jpg",640,427,true],"1536x1536":["https:\/\/arantv.az\/wp-content\/uploads\/2024\/05\/usaqlar.jpg",1200,800,false],"2048x2048":["https:\/\/arantv.az\/wp-content\/uploads\/2024\/05\/usaqlar.jpg",1200,800,false],"post-thumbnail":["https:\/\/arantv.az\/wp-content\/uploads\/2024\/05\/usaqlar-240x172.jpg",240,172,true],"advps-thumb-one":["https:\/\/arantv.az\/wp-content\/uploads\/2024\/05\/usaqlar-1200x620.jpg",1200,620,true]},"rttpg_author":{"display_name":"V\u00fcsal Rafiqo\u011flu","author_link":"https:\/\/arantv.az\/?author=2"},"rttpg_comment":0,"rttpg_category":"<a href=\"https:\/\/arantv.az\/?cat=1\" rel=\"category\">C\u0259miyy\u0259t<\/a>","rttpg_excerpt":"\u201cU\u015faq h\u00fcquqlar\u0131 haqq\u0131nda\u201d Qanunda d\u0259yi\u015fiklik edilm\u0259si bar\u0259d\u0259 qanun layih\u0259si Milli M\u0259clisd\u0259 \u00fc\u00e7\u00fcnc\u00fc oxunu\u015fda m\u00fczakir\u0259y\u0259 \u00e7\u0131xar\u0131l\u0131b. AZ\u018fRTAC\u00a0x\u0259b\u0259r verir ki, bu m\u0259s\u0259l\u0259 parlamentin noyabr\u0131n 29-da ke\u00e7iril\u0259n iclas\u0131n\u0131n g\u00fcnd\u0259liyin\u0259 daxil edilib. Layih\u0259y\u0259 \u0259sas\u0259n, u\u015faq h\u00fcquqlar\u0131n\u0131n h\u0259yata ke\u00e7irilm\u0259sinin b\u00fct\u00fcn sah\u0259l\u0259rd\u0259 t\u0259min edilm\u0259si v\u0259ziyy\u0259tinin monitorinqi \u00fczr\u0259 meyarlar m\u00fcvafiq icra hakimiyy\u0259ti orqan\u0131 t\u0259r\u0259find\u0259n m\u00fc\u0259yy\u0259n olunur. Layih\u0259d\u0259 t\u0259klif olunan d\u0259yi\u015fiklikl\u0259r u\u015faq m\u00fc\u0259ssis\u0259l\u0259rind\u0259&hellip;","_links":{"self":[{"href":"https:\/\/arantv.az\/index.php?rest_route=\/wp\/v2\/posts\/772045"}],"collection":[{"href":"https:\/\/arantv.az\/index.php?rest_route=\/wp\/v2\/posts"}],"about":[{"href":"https:\/\/arantv.az\/index.php?rest_route=\/wp\/v2\/types\/post"}],"author":[{"embeddable":true,"href":"https:\/\/arantv.az\/index.php?rest_route=\/wp\/v2\/users\/2"}],"replies":[{"embeddable":true,"href":"https:\/\/arantv.az\/index.php?rest_route=%2Fwp%2Fv2%2Fcomments&post=772045"}],"version-history":[{"count":1,"href":"https:\/\/arantv.az\/index.php?rest_route=\/wp\/v2\/posts\/772045\/revisions"}],"predecessor-version":[{"id":772047,"href":"https:\/\/arantv.az\/index.php?rest_route=\/wp\/v2\/posts\/772045\/revisions\/772047"}],"wp:featuredmedia":[{"embeddable":true,"href":"https:\/\/arantv.az\/index.php?rest_route=\/wp\/v2\/media\/726233"}],"wp:attachment":[{"href":"https:\/\/arantv.az\/index.php?rest_route=%2Fwp%2Fv2%2Fmedia&parent=772045"}],"wp:term":[{"taxonomy":"category","embeddable":true,"href":"https:\/\/arantv.az\/index.php?rest_route=%2Fwp%2Fv2%2Fcategories&post=772045"},{"taxonomy":"post_tag","embeddable":true,"href":"https:\/\/arantv.az\/index.php?rest_route=%2Fwp%2Fv2%2Ftags&post=772045"}],"curies":[{"name":"wp","href":"https:\/\/api.w.org\/{rel}","templated":true}]}}