{"id":772546,"date":"2024-12-02T20:58:28","date_gmt":"2024-12-02T16:58:28","guid":{"rendered":"https:\/\/arantv.az\/?p=772546"},"modified":"2024-12-02T20:58:28","modified_gmt":"2024-12-02T16:58:28","slug":"biskekd%c9%99-heyd%c9%99r-%c9%99liyev-v%c9%99-%c9%99d%c9%99biyyat-adli-kitab-capa-hazirlanir","status":"publish","type":"post","link":"https:\/\/arantv.az\/?p=772546","title":{"rendered":"Bi\u015fkekd\u0259 \u201cHeyd\u0259r \u018fliyev v\u0259 \u0259d\u0259biyyat\u201d adl\u0131 kitab \u00e7apa haz\u0131rlan\u0131r"},"content":{"rendered":"<p>Q\u0131r\u011f\u0131z\u0131stan\u0131n Bi\u015fkek \u015f\u0259h\u0259rind\u0259 T\u00fcrkdilli d\u00f6vl\u0259tl\u0259rin siyas\u0259tin\u0259 d\u0259st\u0259k fondunun sifari\u015fi il\u0259 Az\u0259rbaycan\u0131n \u00dcmummilli Lideri Heyd\u0259r \u018fliyevin 101 illiyin\u0259 h\u0259sr olunmu\u015f \u201cHeyd\u0259r \u018fliyev v\u0259 \u0259d\u0259biyyat\u201d adl\u0131 kitab \u00e7apa haz\u0131rlan\u0131r.<\/p>\n<p>Fonddan AZ\u018fRTAC-a bildiribl\u0259r ki, kitab\u0131n m\u00fc\u0259llifi Az\u0259rbaycan Yaz\u0131\u00e7\u0131lar Birliyi \u0130dar\u0259 Hey\u0259tinin \u00fczv\u00fc El\u015fad Barat, redaktoru is\u0259 pedaqogika \u00fczr\u0259 f\u0259ls\u0259f\u0259 doktoru, yaz\u0131\u00e7\u0131 Elmira \u0130smay\u0131lovad\u0131r.<\/p>\n<p>On hiss\u0259d\u0259n ibar\u0259t kitab Ulu \u00d6nd\u0259r Heyd\u0259r \u018fliyevin h\u0259r iki d\u00f6vrd\u0259 (sovet v\u0259 m\u00fcst\u0259qillik ill\u0259ri) m\u0259d\u0259niyy\u0259timiz\u0259, \u0259d\u0259biyyat\u0131m\u0131za diqq\u0259t v\u0259 qay\u011f\u0131s\u0131n\u0131n bir s\u0131ra tarixi anlar\u0131n\u0131, \u00f6z\u00fcn\u0259m\u0259xsus m\u0259qamlar\u0131n\u0131 \u0259ks etdirir.<\/p>\n<p>T\u00fcrkdilli d\u00f6vl\u0259tl\u0259rin siyas\u0259tin\u0259 d\u0259st\u0259k fondunun prezidenti N\u00fcsr\u0259t M\u0259mm\u0259dov deyib ki, \u201cHeyd\u0259r \u018fliyev v\u0259 \u0259d\u0259biyyat\u201d kitab\u0131n\u0131n i\u015f\u0131q \u00fcz\u00fc g\u00f6rm\u0259si Ulu \u00d6nd\u0259r t\u0259r\u0259find\u0259n \u0259sas\u0131 qoyulan Q\u0131r\u011f\u0131z\u0131stan-Az\u0259rbaycan m\u0259d\u0259ni \u0259laq\u0259l\u0259rind\u0259ki u\u011furlar\u0131 t\u0259r\u0259nn\u00fcm ed\u0259n m\u00fch\u00fcm hadis\u0259dir.<\/p>\n<p>Kitabda Yaz\u0131\u00e7\u0131lar Birliyinin m\u0259tbu orqanlar\u0131 olan \u201c\u018fd\u0259biyyat q\u0259zeti\u201dnin, \u201cAz\u0259rbaycan\u201d, \u201cQobustan\u201d v\u0259 \u201cUlduz\u201d jurnallar\u0131n\u0131n n\u0259\u015frinin d\u00f6vl\u0259t t\u0259r\u0259find\u0259n maliyy\u0259l\u0259\u015fdirilm\u0259si \u00dcmummilli Liderin \u00e7\u0259tin ke\u00e7id d\u00f6vr\u00fc pro-sesl\u0259rind\u0259 milli \u0259d\u0259biyyat\u0131n inki\u015faf\u0131na g\u00f6st\u0259rdiyi b\u00f6y\u00fck qay\u011f\u0131n\u0131n n\u00fcmun\u0259l\u0259ri kimi qeyd edilib.<\/p>\n<p>Bundan ba\u015fqa, n\u0259\u015frd\u0259 Ulu \u00d6nd\u0259r Heyd\u0259r \u018fliyevin 1969-1982-ci il-l\u0259rd\u0259 respublikaya r\u0259hb\u0259rlik etdiyi d\u00f6vrd\u0259 y\u00fczl\u0259rl\u0259 yeni t\u0259dris ocaqlar\u0131n\u0131n, g\u0259ncl\u0259r m\u0259rk\u0259zl\u0259rinin, h\u0259rbi m\u0259kt\u0259bl\u0259rin a\u00e7\u0131lmas\u0131, minl\u0259rl\u0259 az\u0259rbaycanl\u0131 g\u0259ncin ke\u00e7mi\u015f SSR\u0130-nin n\u00fcfuzlu ali m\u0259kt\u0259bl\u0259rind\u0259 t\u0259hsil almas\u0131, m\u00fcasir ixtisaslara yiy\u0259l\u0259nm\u0259si haqq\u0131nda geni\u015f m\u00fclahiz\u0259l\u0259r yer al\u0131b.<\/p>\n<p>Qeyd ed\u0259k ki, kitaba r\u0259yl\u0259ri akademikl\u0259r Nizami C\u0259f\u0259rov v\u0259 Yaqub Mahmudov veribl\u0259r.<\/p>\n<p>Xat\u0131rladaq ki bu, T\u00fcrkdilli d\u00f6vl\u0259tl\u0259rin siyas\u0259tin\u0259 d\u0259st\u0259k fondu t\u0259r\u0259find\u0259n n\u0259\u015fr olunan 164-c\u00fc kitabd\u0131r. Fond \u0259n\u0259n\u0259l\u0259rin\u0259 sadiq qalaraq bu kitab\u0131 da pulsuz yayma\u011f\u0131 v\u0259 g\u0259l\u0259c\u0259kd\u0259 m\u00fcxt\u0259lif dill\u0259r\u0259 t\u0259rc\u00fcm\u0259 etdirm\u0259yi n\u0259z\u0259rd\u0259 tutur.<\/p>\n","protected":false},"excerpt":{"rendered":"<p>Q\u0131r\u011f\u0131z\u0131stan\u0131n Bi\u015fkek \u015f\u0259h\u0259rind\u0259 T\u00fcrkdilli d\u00f6vl\u0259tl\u0259rin siyas\u0259tin\u0259 d\u0259st\u0259k fondunun sifari\u015fi il\u0259 Az\u0259rbaycan\u0131n \u00dcmummilli Lideri Heyd\u0259r \u018fliyevin 101 illiyin\u0259 h\u0259sr olunmu\u015f \u201cHeyd\u0259r \u018fliyev v\u0259 \u0259d\u0259biyyat\u201d adl\u0131 kitab \u00e7apa haz\u0131rlan\u0131r. Fonddan AZ\u018fRTAC-a bildiribl\u0259r ki, kitab\u0131n m\u00fc\u0259llifi Az\u0259rbaycan Yaz\u0131\u00e7\u0131lar Birliyi \u0130dar\u0259 Hey\u0259tinin \u00fczv\u00fc El\u015fad Barat, redaktoru is\u0259 pedaqogika \u00fczr\u0259 f\u0259ls\u0259f\u0259 doktoru, yaz\u0131\u00e7\u0131 Elmira \u0130smay\u0131lovad\u0131r. On hiss\u0259d\u0259n ibar\u0259t kitab Ulu \u00d6nd\u0259r Heyd\u0259r \u018fliyevin h\u0259r iki d\u00f6vrd\u0259 (sovet v\u0259 m\u00fcst\u0259qillik ill\u0259ri) m\u0259d\u0259niyy\u0259timiz\u0259, \u0259d\u0259biyyat\u0131m\u0131za diqq\u0259t v\u0259 qay\u011f\u0131s\u0131n\u0131n bir s\u0131ra tarixi anlar\u0131n\u0131, \u00f6z\u00fcn\u0259m\u0259xsus m\u0259qamlar\u0131n\u0131 \u0259ks etdirir. T\u00fcrkdilli d\u00f6vl\u0259tl\u0259rin siyas\u0259tin\u0259 d\u0259st\u0259k fondunun prezidenti N\u00fcsr\u0259t M\u0259mm\u0259dov deyib ki, \u201cHeyd\u0259r \u018fliyev&hellip;<\/p>\n","protected":false},"author":2,"featured_media":772547,"comment_status":"closed","ping_status":"closed","sticky":false,"template":"","format":"standard","meta":{"om_disable_all_campaigns":false,"_monsterinsights_skip_tracking":false,"_monsterinsights_sitenote_active":false,"_monsterinsights_sitenote_note":"","_monsterinsights_sitenote_category":0},"categories":[1],"tags":[],"aioseo_notices":[],"gutentor_comment":0,"rttpg_featured_image_url":{"full":["https:\/\/arantv.az\/wp-content\/uploads\/2024\/12\/3a888179bdc0eb5b633aaeb253d5f9d2.jpg",870,500,false],"landscape":["https:\/\/arantv.az\/wp-content\/uploads\/2024\/12\/3a888179bdc0eb5b633aaeb253d5f9d2.jpg",870,500,false],"portraits":["https:\/\/arantv.az\/wp-content\/uploads\/2024\/12\/3a888179bdc0eb5b633aaeb253d5f9d2.jpg",870,500,false],"thumbnail":["https:\/\/arantv.az\/wp-content\/uploads\/2024\/12\/3a888179bdc0eb5b633aaeb253d5f9d2-500x280.jpg",500,280,true],"medium":["https:\/\/arantv.az\/wp-content\/uploads\/2024\/12\/3a888179bdc0eb5b633aaeb253d5f9d2-635x365.jpg",635,365,true],"large":["https:\/\/arantv.az\/wp-content\/uploads\/2024\/12\/3a888179bdc0eb5b633aaeb253d5f9d2-840x483.jpg",640,368,true],"1536x1536":["https:\/\/arantv.az\/wp-content\/uploads\/2024\/12\/3a888179bdc0eb5b633aaeb253d5f9d2.jpg",870,500,false],"2048x2048":["https:\/\/arantv.az\/wp-content\/uploads\/2024\/12\/3a888179bdc0eb5b633aaeb253d5f9d2.jpg",870,500,false],"post-thumbnail":["https:\/\/arantv.az\/wp-content\/uploads\/2024\/12\/3a888179bdc0eb5b633aaeb253d5f9d2-240x172.jpg",240,172,true],"advps-thumb-one":["https:\/\/arantv.az\/wp-content\/uploads\/2024\/12\/3a888179bdc0eb5b633aaeb253d5f9d2.jpg",870,500,false]},"rttpg_author":{"display_name":"V\u00fcsal Rafiqo\u011flu","author_link":"https:\/\/arantv.az\/?author=2"},"rttpg_comment":0,"rttpg_category":"<a href=\"https:\/\/arantv.az\/?cat=1\" rel=\"category\">C\u0259miyy\u0259t<\/a>","rttpg_excerpt":"Q\u0131r\u011f\u0131z\u0131stan\u0131n Bi\u015fkek \u015f\u0259h\u0259rind\u0259 T\u00fcrkdilli d\u00f6vl\u0259tl\u0259rin siyas\u0259tin\u0259 d\u0259st\u0259k fondunun sifari\u015fi il\u0259 Az\u0259rbaycan\u0131n \u00dcmummilli Lideri Heyd\u0259r \u018fliyevin 101 illiyin\u0259 h\u0259sr olunmu\u015f \u201cHeyd\u0259r \u018fliyev v\u0259 \u0259d\u0259biyyat\u201d adl\u0131 kitab \u00e7apa haz\u0131rlan\u0131r. Fonddan AZ\u018fRTAC-a bildiribl\u0259r ki, kitab\u0131n m\u00fc\u0259llifi Az\u0259rbaycan Yaz\u0131\u00e7\u0131lar Birliyi \u0130dar\u0259 Hey\u0259tinin \u00fczv\u00fc El\u015fad Barat, redaktoru is\u0259 pedaqogika \u00fczr\u0259 f\u0259ls\u0259f\u0259 doktoru, yaz\u0131\u00e7\u0131 Elmira \u0130smay\u0131lovad\u0131r. On hiss\u0259d\u0259n ibar\u0259t kitab Ulu&hellip;","_links":{"self":[{"href":"https:\/\/arantv.az\/index.php?rest_route=\/wp\/v2\/posts\/772546"}],"collection":[{"href":"https:\/\/arantv.az\/index.php?rest_route=\/wp\/v2\/posts"}],"about":[{"href":"https:\/\/arantv.az\/index.php?rest_route=\/wp\/v2\/types\/post"}],"author":[{"embeddable":true,"href":"https:\/\/arantv.az\/index.php?rest_route=\/wp\/v2\/users\/2"}],"replies":[{"embeddable":true,"href":"https:\/\/arantv.az\/index.php?rest_route=%2Fwp%2Fv2%2Fcomments&post=772546"}],"version-history":[{"count":1,"href":"https:\/\/arantv.az\/index.php?rest_route=\/wp\/v2\/posts\/772546\/revisions"}],"predecessor-version":[{"id":772548,"href":"https:\/\/arantv.az\/index.php?rest_route=\/wp\/v2\/posts\/772546\/revisions\/772548"}],"wp:featuredmedia":[{"embeddable":true,"href":"https:\/\/arantv.az\/index.php?rest_route=\/wp\/v2\/media\/772547"}],"wp:attachment":[{"href":"https:\/\/arantv.az\/index.php?rest_route=%2Fwp%2Fv2%2Fmedia&parent=772546"}],"wp:term":[{"taxonomy":"category","embeddable":true,"href":"https:\/\/arantv.az\/index.php?rest_route=%2Fwp%2Fv2%2Fcategories&post=772546"},{"taxonomy":"post_tag","embeddable":true,"href":"https:\/\/arantv.az\/index.php?rest_route=%2Fwp%2Fv2%2Ftags&post=772546"}],"curies":[{"name":"wp","href":"https:\/\/api.w.org\/{rel}","templated":true}]}}