{"id":772579,"date":"2024-12-02T21:10:48","date_gmt":"2024-12-02T17:10:48","guid":{"rendered":"https:\/\/arantv.az\/?p=772579"},"modified":"2024-12-02T21:10:48","modified_gmt":"2024-12-02T17:10:48","slug":"h%c9%99rbi-prokurorluq-din-in-daxili-qosunlari-il%c9%99-h%c9%99rbi-hiss%c9%99d%c9%99-birg%c9%99-t%c9%99dbir-kecirib","status":"publish","type":"post","link":"https:\/\/arantv.az\/?p=772579","title":{"rendered":"H\u0259rbi Prokurorluq D\u0130N-in Daxili Qo\u015funlar\u0131 il\u0259 h\u0259rbi hiss\u0259d\u0259 birg\u0259 t\u0259dbir ke\u00e7irib"},"content":{"rendered":"<div class=\"content lead font-weight-normal\">\n<p>Az\u0259rbaycan xalq\u0131n\u0131n \u00dcmummilli Lideri Heyd\u0259r \u018fliyevin ilk d\u0259f\u0259 hakimiyy\u0259t\u0259 g\u0259lm\u0259sinin 55-ci ild\u00f6n\u00fcm\u00fc, \u00f6lk\u0259mizd\u0259 2024-c\u00fc ilin \u201cYa\u015f\u0131l d\u00fcnya namin\u0259 h\u0259mr\u0259ylik ili\u201d elan edilm\u0259si haqq\u0131nda Prezident \u0130lham \u018fliyevin 2023-c\u00fc il 25 dekabr tarixli S\u0259r\u0259ncam\u0131n\u0131n icras\u0131 v\u0259 COP29-un mahiyy\u0259ti, el\u0259c\u0259 d\u0259 h\u00fcquqi bilikl\u0259rl\u0259 ba\u011fl\u0131 maarifl\u0259ndirm\u0259 il\u0259 \u0259laq\u0259dar H\u0259rbi Prokurorluq Daxili \u0130\u015fl\u0259r Nazirliyinin (D\u0130N) Daxili Qo\u015funlar\u0131 il\u0259 birg\u0259 N sayl\u0131 h\u0259rbi hiss\u0259d\u0259 t\u0259dbir ke\u00e7irib.<\/p>\n<p>Bu bar\u0259d\u0259\u00a0&#8220;\u0130ki sahil&#8221;\u0259 H\u0259rbi Prokurorlu\u011fun m\u0259tbuat xidm\u0259tind\u0259n m\u0259lumat verilib.<\/p>\n<p>H\u0259rbi Prokurorlu\u011fun r\u0259hb\u0259r v\u0259zif\u0259li \u015f\u0259xsl\u0259rinin v\u0259 D\u0130N-in Daxili Qo\u015funlar\u0131n\u0131n y\u00fcks\u0259k r\u00fctb\u0259li h\u0259rbi qulluq\u00e7ular\u0131n\u0131n Q\u0259b\u0259l\u0259 rayonunda rayon r\u0259hb\u0259rliyi il\u0259 birg\u0259 ke\u00e7irdikl\u0259ri t\u0259dbird\u0259n \u0259vv\u0259l Ulu \u00d6nd\u0259r Heyd\u0259r \u018fliyevin v\u0259 \u015f\u0259hidl\u0259rin abid\u0259l\u0259ri \u00f6n\u00fcn\u0259 g\u00fcl d\u0259st\u0259l\u0259ri d\u00fcz\u00fcl\u0259r\u0259k, onlar\u0131n \u0259ziz v\u0259 unudulmaz xatir\u0259l\u0259ri bir d\u0259qiq\u0259lik s\u00fckutla an\u0131l\u0131b, Allahdan onlara r\u0259hm\u0259t, qazil\u0259r\u0259 \u015f\u0259fa arzulan\u0131b, Az\u0259rbaycan Respublikas\u0131n\u0131n D\u00f6vl\u0259t Himni s\u0259sl\u0259ndirilib.<\/p>\n<p>H\u0259rbi prokurorun b\u00f6y\u00fck k\u00f6m\u0259k\u00e7isi, H\u0259rbi Prokurorlu\u011fun m\u0259tbuat xidm\u0259tinin r\u0259hb\u0259ri, ba\u015f \u0259dliyy\u0259 m\u00fc\u015faviri Firad \u018fliyev Ba\u015f prokuror Kamran \u018fliyevin v\u0259 H\u0259rbi prokuror Xanlar V\u0259liyevin t\u00f6vsiy\u0259l\u0259rini \u015f\u0259xsi hey\u0259t\u0259 \u00e7atd\u0131r\u0131b. Daha sonra Firad \u018fliyev, Zaqatala h\u0259rbi prokuroru, \u0259dliyy\u0259 polkovniki Emin Quliyev, polkovnik Zamin R\u0259sulov, polkovnik R\u00fcst\u0259m D\u0259mirov v\u0259 Q\u0259b\u0259l\u0259 Rayon \u0130cra Hakimiyy\u0259ti ba\u015f\u00e7\u0131s\u0131n\u0131n m\u00fcavini Arif Allahverdiyev \u00e7\u0131x\u0131\u015flar\u0131nda istiqlal yolumuzu nurland\u0131ran n\u0259h\u0259ng tarixi \u015f\u0259xsiyy\u0259t Ulu \u00d6nd\u0259r Heyd\u0259r \u018fliyevin Az\u0259rbaycan\u0131n parlaq g\u0259l\u0259c\u0259yin\u0259 hesablanm\u0131\u015f m\u00fck\u0259mm\u0259l siyas\u0259tini yeni m\u00fcst\u0259vid\u0259 zaman\u0131n t\u0259l\u0259bl\u0259rin\u0259 uy\u011fun \u015f\u0259kild\u0259 u\u011furla davam etdir\u0259n Prezident \u0130lham \u018fliyevin r\u0259hb\u0259rliyi il\u0259 son 21 il m\u00fcdd\u0259tind\u0259 \u00f6lk\u0259mizd\u0259 g\u00f6r\u00fclm\u00fc\u015f m\u00fcst\u0259sna i\u015fl\u0259rd\u0259n, h\u0259yata ke\u00e7irilmi\u015f h\u0259rt\u0259r\u0259fli d\u0259rin islahatlardan, b\u00fct\u00fcn sah\u0259l\u0259rd\u0259 qazan\u0131lm\u0131\u015f misilsiz u\u011furlar\u0131n \u0259ld\u0259 edilm\u0259sind\u0259 Birinci vitse-prezident Mehriban xan\u0131m \u018fliyevan\u0131n \u00e7ox\u015fax\u0259li f\u0259aliyy\u0259tinin m\u00fch\u00fcm \u0259h\u0259miyy\u0259t k\u0259sb etm\u0259sind\u0259n dan\u0131\u015f\u0131blar. El\u0259c\u0259 d\u0259 \u0259traf m\u00fchitin daha da sa\u011flamla\u015fd\u0131r\u0131lmas\u0131ndan v\u0259 etibarl\u0131 qorunmas\u0131ndan s\u00f6z a\u00e7\u0131l\u0131b.<\/p>\n<p>\u00c7\u0131x\u0131\u015flarda \u00f6lk\u0259 r\u0259hb\u0259rinin u\u011furlu xarici siyas\u0259ti say\u0259sind\u0259 d\u00f6vl\u0259timizin beyn\u0259lxalq al\u0259md\u0259 artan n\u00fcfuzundan, o c\u00fcml\u0259d\u0259n \u00f6lk\u0259mizd\u0259 ke\u00e7irilmi\u015f COP29-un mahiyy\u0259tind\u0259n, \u0259h\u0259miyy\u0259tind\u0259n v\u0259 u\u011furla t\u0259\u015fkilind\u0259n, eyni zamanda, \u0259traf m\u00fchitin m\u00fchafiz\u0259si haqq\u0131nda qanunvericiliyin t\u0259l\u0259bl\u0259rind\u0259n, h\u00fcquq v\u0259 v\u0259zif\u0259l\u0259rd\u0259n, h\u0259m\u00e7inin ekoloji qanun pozuntular\u0131ndan, o c\u00fcml\u0259d\u0259n ekoloji cinay\u0259tl\u0259rd\u0259n v\u0259 m\u0259suliyy\u0259td\u0259n b\u0259hs edilib.<\/p>\n<p>Daha sonra h\u0259rbi qulluq\u00e7ular qar\u015f\u0131s\u0131nda h\u00fcquqi maarifl\u0259ndirici m\u0259zmunlu \u00e7\u0131x\u0131\u015flar olub. Onlar\u0131 maraqland\u0131ran suallar cavabland\u0131r\u0131l\u0131b, el\u0259c\u0259 d\u0259 h\u0259rb\u00e7il\u0259rin m\u0259i\u015f\u0259t v\u0259 xidm\u0259t \u015f\u0259raiti, h\u0259m\u00e7inin qay\u011f\u0131 v\u0259 probleml\u0259ri il\u0259 maraqlan\u0131l\u0131b.<\/p>\n<p>T\u0259dbird\u0259n sonra a\u011faclar \u0259kilib.<\/p>\n<div class=\"clearfix\"><\/div>\n<\/div>\n<div class=\"fotorama--hidden\"><\/div>\n<div id=\"galleryList\" class=\"fotorama fotorama1733159387971\" data-nav=\"thumbs\" data-width=\"100%\" data-thumbwidth=\"90\" data-thumbheight=\"60\" data-allowfullscreen=\"true\" data-autoplay=\"3000\" data-ratio=\"1.5\" data-keyboard=\"true\" data-fit=\"contain\">\n<div class=\"fotorama__wrap fotorama__wrap--css3 fotorama__wrap--slide fotorama__wrap--toggle-arrows fotorama__wrap--no-controls\">\n<div class=\"fotorama__stage fotorama__pointer\">\n<div class=\"fotorama__fullscreen-icon\" tabindex=\"0\" role=\"button\"><\/div>\n<div class=\"fotorama__stage__shaft\">\n<div class=\"fotorama__stage__frame fotorama__active\">\n<div class=\"fotorama__spinner\">\n<div class=\"\" role=\"progressbar\">\n<div>\n<div><\/div>\n<\/div>\n<div>\n<div><\/div>\n<\/div>\n<div>\n<div><\/div>\n<\/div>\n<div>\n<div><\/div>\n<\/div>\n<div>\n<div><\/div>\n<\/div>\n<div>\n<div><\/div>\n<\/div>\n<div>\n<div><\/div>\n<\/div>\n<div>\n<div><\/div>\n<\/div>\n<div>\n<div><\/div>\n<\/div>\n<div>\n<div><\/div>\n<\/div>\n<div>\n<div><\/div>\n<\/div>\n<div>\n<div><\/div>\n<\/div>\n<\/div>\n<\/div>\n<\/div>\n<div class=\"fotorama__stage__frame\"><\/div>\n<\/div>\n<div class=\"fotorama__arr fotorama__arr--prev fotorama__arr--disabled\" tabindex=\"-1\" role=\"button\"><\/div>\n<div class=\"fotorama__arr fotorama__arr--next\" tabindex=\"0\" role=\"button\"><\/div>\n<div class=\"fotorama__video-close\"><\/div>\n<\/div>\n<div class=\"fotorama__nav-wrap\">\n<div class=\"fotorama__nav fotorama__nav--thumbs fotorama__shadows--right\">\n<div class=\"fotorama__nav__shaft fotorama__grab\">\n<div class=\"fotorama__thumb-border\"><\/div>\n<div class=\"fotorama__nav__frame fotorama__nav__frame--thumb fotorama__active\" tabindex=\"0\" role=\"button\">\n<div class=\"fotorama__thumb\"><\/div>\n<\/div>\n<div class=\"fotorama__nav__frame fotorama__nav__frame--thumb\" tabindex=\"0\" role=\"button\">\n<div class=\"fotorama__thumb\"><\/div>\n<\/div>\n<div class=\"fotorama__nav__frame fotorama__nav__frame--thumb\" tabindex=\"0\" role=\"button\">\n<div class=\"fotorama__thumb\"><\/div>\n<\/div>\n<div class=\"fotorama__nav__frame fotorama__nav__frame--thumb\" tabindex=\"0\" role=\"button\">\n<div class=\"fotorama__thumb\"><\/div>\n<\/div>\n<div class=\"fotorama__nav__frame fotorama__nav__frame--thumb\" tabindex=\"0\" role=\"button\">\n<div class=\"fotorama__thumb\"><\/div>\n<\/div>\n<div class=\"fotorama__nav__frame fotorama__nav__frame--thumb\" tabindex=\"0\" role=\"button\">\n<div class=\"fotorama__thumb\"><\/div>\n<\/div>\n<div class=\"fotorama__nav__frame fotorama__nav__frame--thumb\" tabindex=\"0\" role=\"button\">\n<div class=\"fotorama__thumb\"><\/div>\n<\/div>\n<\/div>\n<\/div>\n<\/div>\n<\/div>\n<\/div>\n<div class=\"sharing my-2 row no-gutters d-print-none\">\n<div class=\"col-md-3\"><\/div>\n<\/div>\n<div class=\"d-none d-sm-block\"><\/div>\n","protected":false},"excerpt":{"rendered":"<p>Az\u0259rbaycan xalq\u0131n\u0131n \u00dcmummilli Lideri Heyd\u0259r \u018fliyevin ilk d\u0259f\u0259 hakimiyy\u0259t\u0259 g\u0259lm\u0259sinin 55-ci ild\u00f6n\u00fcm\u00fc, \u00f6lk\u0259mizd\u0259 2024-c\u00fc ilin \u201cYa\u015f\u0131l d\u00fcnya namin\u0259 h\u0259mr\u0259ylik ili\u201d elan edilm\u0259si haqq\u0131nda Prezident \u0130lham \u018fliyevin 2023-c\u00fc il 25 dekabr tarixli S\u0259r\u0259ncam\u0131n\u0131n icras\u0131 v\u0259 COP29-un mahiyy\u0259ti, el\u0259c\u0259 d\u0259 h\u00fcquqi bilikl\u0259rl\u0259 ba\u011fl\u0131 maarifl\u0259ndirm\u0259 il\u0259 \u0259laq\u0259dar H\u0259rbi Prokurorluq Daxili \u0130\u015fl\u0259r Nazirliyinin (D\u0130N) Daxili Qo\u015funlar\u0131 il\u0259 birg\u0259 N sayl\u0131 h\u0259rbi hiss\u0259d\u0259 t\u0259dbir ke\u00e7irib. Bu bar\u0259d\u0259\u00a0&#8220;\u0130ki sahil&#8221;\u0259 H\u0259rbi Prokurorlu\u011fun m\u0259tbuat xidm\u0259tind\u0259n m\u0259lumat verilib. H\u0259rbi Prokurorlu\u011fun r\u0259hb\u0259r v\u0259zif\u0259li \u015f\u0259xsl\u0259rinin v\u0259 D\u0130N-in Daxili Qo\u015funlar\u0131n\u0131n y\u00fcks\u0259k r\u00fctb\u0259li h\u0259rbi qulluq\u00e7ular\u0131n\u0131n Q\u0259b\u0259l\u0259 rayonunda rayon r\u0259hb\u0259rliyi il\u0259 birg\u0259 ke\u00e7irdikl\u0259ri t\u0259dbird\u0259n&hellip;<\/p>\n","protected":false},"author":2,"featured_media":772580,"comment_status":"closed","ping_status":"closed","sticky":false,"template":"","format":"standard","meta":{"om_disable_all_campaigns":false,"_monsterinsights_skip_tracking":false,"_monsterinsights_sitenote_active":false,"_monsterinsights_sitenote_note":"","_monsterinsights_sitenote_category":0},"categories":[10],"tags":[],"aioseo_notices":[],"gutentor_comment":0,"rttpg_featured_image_url":{"full":["https:\/\/arantv.az\/wp-content\/uploads\/2024\/12\/e2f374c3173312623168204173210386191.jpg",975,540,false],"landscape":["https:\/\/arantv.az\/wp-content\/uploads\/2024\/12\/e2f374c3173312623168204173210386191.jpg",975,540,false],"portraits":["https:\/\/arantv.az\/wp-content\/uploads\/2024\/12\/e2f374c3173312623168204173210386191.jpg",975,540,false],"thumbnail":["https:\/\/arantv.az\/wp-content\/uploads\/2024\/12\/e2f374c3173312623168204173210386191-500x280.jpg",500,280,true],"medium":["https:\/\/arantv.az\/wp-content\/uploads\/2024\/12\/e2f374c3173312623168204173210386191-660x365.jpg",660,365,true],"large":["https:\/\/arantv.az\/wp-content\/uploads\/2024\/12\/e2f374c3173312623168204173210386191-840x465.jpg",640,354,true],"1536x1536":["https:\/\/arantv.az\/wp-content\/uploads\/2024\/12\/e2f374c3173312623168204173210386191.jpg",975,540,false],"2048x2048":["https:\/\/arantv.az\/wp-content\/uploads\/2024\/12\/e2f374c3173312623168204173210386191.jpg",975,540,false],"post-thumbnail":["https:\/\/arantv.az\/wp-content\/uploads\/2024\/12\/e2f374c3173312623168204173210386191-240x172.jpg",240,172,true],"advps-thumb-one":["https:\/\/arantv.az\/wp-content\/uploads\/2024\/12\/e2f374c3173312623168204173210386191.jpg",975,540,false]},"rttpg_author":{"display_name":"V\u00fcsal Rafiqo\u011flu","author_link":"https:\/\/arantv.az\/?author=2"},"rttpg_comment":0,"rttpg_category":"<a href=\"https:\/\/arantv.az\/?cat=10\" rel=\"category\">C\u0259bh\u0259d\u0259n X\u0259b\u0259r<\/a>","rttpg_excerpt":"Az\u0259rbaycan xalq\u0131n\u0131n \u00dcmummilli Lideri Heyd\u0259r \u018fliyevin ilk d\u0259f\u0259 hakimiyy\u0259t\u0259 g\u0259lm\u0259sinin 55-ci ild\u00f6n\u00fcm\u00fc, \u00f6lk\u0259mizd\u0259 2024-c\u00fc ilin \u201cYa\u015f\u0131l d\u00fcnya namin\u0259 h\u0259mr\u0259ylik ili\u201d elan edilm\u0259si haqq\u0131nda Prezident \u0130lham \u018fliyevin 2023-c\u00fc il 25 dekabr tarixli S\u0259r\u0259ncam\u0131n\u0131n icras\u0131 v\u0259 COP29-un mahiyy\u0259ti, el\u0259c\u0259 d\u0259 h\u00fcquqi bilikl\u0259rl\u0259 ba\u011fl\u0131 maarifl\u0259ndirm\u0259 il\u0259 \u0259laq\u0259dar H\u0259rbi Prokurorluq Daxili \u0130\u015fl\u0259r Nazirliyinin (D\u0130N) Daxili Qo\u015funlar\u0131 il\u0259 birg\u0259 N&hellip;","_links":{"self":[{"href":"https:\/\/arantv.az\/index.php?rest_route=\/wp\/v2\/posts\/772579"}],"collection":[{"href":"https:\/\/arantv.az\/index.php?rest_route=\/wp\/v2\/posts"}],"about":[{"href":"https:\/\/arantv.az\/index.php?rest_route=\/wp\/v2\/types\/post"}],"author":[{"embeddable":true,"href":"https:\/\/arantv.az\/index.php?rest_route=\/wp\/v2\/users\/2"}],"replies":[{"embeddable":true,"href":"https:\/\/arantv.az\/index.php?rest_route=%2Fwp%2Fv2%2Fcomments&post=772579"}],"version-history":[{"count":1,"href":"https:\/\/arantv.az\/index.php?rest_route=\/wp\/v2\/posts\/772579\/revisions"}],"predecessor-version":[{"id":772581,"href":"https:\/\/arantv.az\/index.php?rest_route=\/wp\/v2\/posts\/772579\/revisions\/772581"}],"wp:featuredmedia":[{"embeddable":true,"href":"https:\/\/arantv.az\/index.php?rest_route=\/wp\/v2\/media\/772580"}],"wp:attachment":[{"href":"https:\/\/arantv.az\/index.php?rest_route=%2Fwp%2Fv2%2Fmedia&parent=772579"}],"wp:term":[{"taxonomy":"category","embeddable":true,"href":"https:\/\/arantv.az\/index.php?rest_route=%2Fwp%2Fv2%2Fcategories&post=772579"},{"taxonomy":"post_tag","embeddable":true,"href":"https:\/\/arantv.az\/index.php?rest_route=%2Fwp%2Fv2%2Ftags&post=772579"}],"curies":[{"name":"wp","href":"https:\/\/api.w.org\/{rel}","templated":true}]}}