{"id":772589,"date":"2024-12-02T21:17:48","date_gmt":"2024-12-02T17:17:48","guid":{"rendered":"https:\/\/arantv.az\/?p=772589"},"modified":"2024-12-02T21:17:48","modified_gmt":"2024-12-02T17:17:48","slug":"%c9%99lilliyi-olan-s%c9%99xsl%c9%99r%c9%99-veril%c9%99n-reabilitasiya-vasit%c9%99l%c9%99ri-novl%c9%99rinin-sayi-4-d%c9%99f%c9%99y%c9%99-yaxin-artirilib","status":"publish","type":"post","link":"https:\/\/arantv.az\/?p=772589","title":{"rendered":"\u018flilliyi olan \u015f\u0259xsl\u0259r\u0259 veril\u0259n reabilitasiya vasit\u0259l\u0259ri n\u00f6vl\u0259rinin say\u0131 4 d\u0259f\u0259y\u0259 yax\u0131n art\u0131r\u0131l\u0131b"},"content":{"rendered":"<p>\u018flilliyi olan \u015f\u0259xsl\u0259rin reabilitasiya vasit\u0259l\u0259ri il\u0259 t\u0259minat\u0131n\u0131n g\u00fccl\u0259ndirilm\u0259si apar\u0131lan sosial islahatlarda \u00f6n\u0259mli yer tutur.<\/p>\n<p><a class=\"azertac-link\" href=\"https:\/\/azertag.az\/\" target=\"_blank\" rel=\"noopener\">AZ\u018fRTAC<\/a>\u00a0x\u0259b\u0259r verir ki, bu m\u0259qs\u0259dl\u0259 \u018fm\u0259k v\u0259 \u018fhalinin Sosial M\u00fcdafi\u0259si Nazirliyinin \u00dcmumd\u00fcnya S\u0259hiyy\u0259 T\u0259\u015fkilat\u0131 il\u0259 \u0259m\u0259kda\u015fl\u0131\u011f\u0131 \u00e7\u0259r\u00e7iv\u0259sind\u0259 \u0259lilliyi olan \u015f\u0259xsl\u0259rin r\u0259y v\u0259 t\u0259klifl\u0259ri d\u0259 \u00f6yr\u0259nilm\u0259kl\u0259 2020-ci ild\u0259 v\u0259 cari ild\u0259 qanunvericilikd\u0259 m\u00fcvafiq d\u0259yi\u015fiklikl\u0259r edilib.<\/p>\n<p>Bel\u0259likl\u0259, \u0259lilliyi olan \u015f\u0259xsl\u0259r\u0259 d\u00f6vl\u0259t b\u00fcdc\u0259si hesab\u0131na veril\u0259n reabilitasiya vasit\u0259l\u0259rinin n\u00f6vl\u0259rinin say\u0131 son 4 ild\u0259 4 d\u0259f\u0259y\u0259 yax\u0131n art\u0131r\u0131laraq 34-d\u0259n 130-a \u00e7atd\u0131r\u0131l\u0131b.<\/p>\n","protected":false},"excerpt":{"rendered":"<p>\u018flilliyi olan \u015f\u0259xsl\u0259rin reabilitasiya vasit\u0259l\u0259ri il\u0259 t\u0259minat\u0131n\u0131n g\u00fccl\u0259ndirilm\u0259si apar\u0131lan sosial islahatlarda \u00f6n\u0259mli yer tutur. AZ\u018fRTAC\u00a0x\u0259b\u0259r verir ki, bu m\u0259qs\u0259dl\u0259 \u018fm\u0259k v\u0259 \u018fhalinin Sosial M\u00fcdafi\u0259si Nazirliyinin \u00dcmumd\u00fcnya S\u0259hiyy\u0259 T\u0259\u015fkilat\u0131 il\u0259 \u0259m\u0259kda\u015fl\u0131\u011f\u0131 \u00e7\u0259r\u00e7iv\u0259sind\u0259 \u0259lilliyi olan \u015f\u0259xsl\u0259rin r\u0259y v\u0259 t\u0259klifl\u0259ri d\u0259 \u00f6yr\u0259nilm\u0259kl\u0259 2020-ci ild\u0259 v\u0259 cari ild\u0259 qanunvericilikd\u0259 m\u00fcvafiq d\u0259yi\u015fiklikl\u0259r edilib. Bel\u0259likl\u0259, \u0259lilliyi olan \u015f\u0259xsl\u0259r\u0259 d\u00f6vl\u0259t b\u00fcdc\u0259si hesab\u0131na veril\u0259n reabilitasiya vasit\u0259l\u0259rinin n\u00f6vl\u0259rinin say\u0131 son 4 ild\u0259 4 d\u0259f\u0259y\u0259 yax\u0131n art\u0131r\u0131laraq 34-d\u0259n 130-a \u00e7atd\u0131r\u0131l\u0131b.<\/p>\n","protected":false},"author":2,"featured_media":772590,"comment_status":"closed","ping_status":"closed","sticky":false,"template":"","format":"standard","meta":{"om_disable_all_campaigns":false,"_monsterinsights_skip_tracking":false,"_monsterinsights_sitenote_active":false,"_monsterinsights_sitenote_note":"","_monsterinsights_sitenote_category":0},"categories":[1],"tags":[],"aioseo_notices":[],"gutentor_comment":0,"rttpg_featured_image_url":{"full":["https:\/\/arantv.az\/wp-content\/uploads\/2024\/12\/1733146044608426643_1200x630.jpg",922,630,false],"landscape":["https:\/\/arantv.az\/wp-content\/uploads\/2024\/12\/1733146044608426643_1200x630.jpg",922,630,false],"portraits":["https:\/\/arantv.az\/wp-content\/uploads\/2024\/12\/1733146044608426643_1200x630.jpg",922,630,false],"thumbnail":["https:\/\/arantv.az\/wp-content\/uploads\/2024\/12\/1733146044608426643_1200x630-500x280.jpg",500,280,true],"medium":["https:\/\/arantv.az\/wp-content\/uploads\/2024\/12\/1733146044608426643_1200x630-534x365.jpg",534,365,true],"large":["https:\/\/arantv.az\/wp-content\/uploads\/2024\/12\/1733146044608426643_1200x630-840x574.jpg",640,437,true],"1536x1536":["https:\/\/arantv.az\/wp-content\/uploads\/2024\/12\/1733146044608426643_1200x630.jpg",922,630,false],"2048x2048":["https:\/\/arantv.az\/wp-content\/uploads\/2024\/12\/1733146044608426643_1200x630.jpg",922,630,false],"post-thumbnail":["https:\/\/arantv.az\/wp-content\/uploads\/2024\/12\/1733146044608426643_1200x630-240x172.jpg",240,172,true],"advps-thumb-one":["https:\/\/arantv.az\/wp-content\/uploads\/2024\/12\/1733146044608426643_1200x630-922x620.jpg",922,620,true]},"rttpg_author":{"display_name":"V\u00fcsal Rafiqo\u011flu","author_link":"https:\/\/arantv.az\/?author=2"},"rttpg_comment":0,"rttpg_category":"<a href=\"https:\/\/arantv.az\/?cat=1\" rel=\"category\">C\u0259miyy\u0259t<\/a>","rttpg_excerpt":"\u018flilliyi olan \u015f\u0259xsl\u0259rin reabilitasiya vasit\u0259l\u0259ri il\u0259 t\u0259minat\u0131n\u0131n g\u00fccl\u0259ndirilm\u0259si apar\u0131lan sosial islahatlarda \u00f6n\u0259mli yer tutur. AZ\u018fRTAC\u00a0x\u0259b\u0259r verir ki, bu m\u0259qs\u0259dl\u0259 \u018fm\u0259k v\u0259 \u018fhalinin Sosial M\u00fcdafi\u0259si Nazirliyinin \u00dcmumd\u00fcnya S\u0259hiyy\u0259 T\u0259\u015fkilat\u0131 il\u0259 \u0259m\u0259kda\u015fl\u0131\u011f\u0131 \u00e7\u0259r\u00e7iv\u0259sind\u0259 \u0259lilliyi olan \u015f\u0259xsl\u0259rin r\u0259y v\u0259 t\u0259klifl\u0259ri d\u0259 \u00f6yr\u0259nilm\u0259kl\u0259 2020-ci ild\u0259 v\u0259 cari ild\u0259 qanunvericilikd\u0259 m\u00fcvafiq d\u0259yi\u015fiklikl\u0259r edilib. Bel\u0259likl\u0259, \u0259lilliyi olan \u015f\u0259xsl\u0259r\u0259 d\u00f6vl\u0259t b\u00fcdc\u0259si hesab\u0131na&hellip;","_links":{"self":[{"href":"https:\/\/arantv.az\/index.php?rest_route=\/wp\/v2\/posts\/772589"}],"collection":[{"href":"https:\/\/arantv.az\/index.php?rest_route=\/wp\/v2\/posts"}],"about":[{"href":"https:\/\/arantv.az\/index.php?rest_route=\/wp\/v2\/types\/post"}],"author":[{"embeddable":true,"href":"https:\/\/arantv.az\/index.php?rest_route=\/wp\/v2\/users\/2"}],"replies":[{"embeddable":true,"href":"https:\/\/arantv.az\/index.php?rest_route=%2Fwp%2Fv2%2Fcomments&post=772589"}],"version-history":[{"count":1,"href":"https:\/\/arantv.az\/index.php?rest_route=\/wp\/v2\/posts\/772589\/revisions"}],"predecessor-version":[{"id":772591,"href":"https:\/\/arantv.az\/index.php?rest_route=\/wp\/v2\/posts\/772589\/revisions\/772591"}],"wp:featuredmedia":[{"embeddable":true,"href":"https:\/\/arantv.az\/index.php?rest_route=\/wp\/v2\/media\/772590"}],"wp:attachment":[{"href":"https:\/\/arantv.az\/index.php?rest_route=%2Fwp%2Fv2%2Fmedia&parent=772589"}],"wp:term":[{"taxonomy":"category","embeddable":true,"href":"https:\/\/arantv.az\/index.php?rest_route=%2Fwp%2Fv2%2Fcategories&post=772589"},{"taxonomy":"post_tag","embeddable":true,"href":"https:\/\/arantv.az\/index.php?rest_route=%2Fwp%2Fv2%2Ftags&post=772589"}],"curies":[{"name":"wp","href":"https:\/\/api.w.org\/{rel}","templated":true}]}}