{"id":772605,"date":"2024-12-03T06:42:47","date_gmt":"2024-12-03T02:42:47","guid":{"rendered":"https:\/\/arantv.az\/?p=772605"},"modified":"2024-12-03T06:42:47","modified_gmt":"2024-12-03T02:42:47","slug":"kanada-hokum%c9%99ti-y%c9%99m%c9%99n-husil%c9%99rini-terror-t%c9%99skilatlari-siyahisina-daxil-etdi","status":"publish","type":"post","link":"https:\/\/arantv.az\/?p=772605","title":{"rendered":"Kanada h\u00f6kum\u0259ti Y\u0259m\u0259n husil\u0259rini terror t\u0259\u015fkilatlar\u0131 siyah\u0131s\u0131na daxil etdi"},"content":{"rendered":"<p><strong>Kanada h\u00f6kum\u0259ti Y\u0259m\u0259nd\u0259 f\u0259aliyy\u0259t g\u00f6st\u0259r\u0259n husil\u0259ri r\u0259smi olaraq terror t\u0259\u015fkilatlar\u0131 siyah\u0131s\u0131na \u0259lav\u0259 edib.<\/strong><\/p>\n<p>Bu q\u0259rar, husil\u0259rin Q\u0131rm\u0131z\u0131 d\u0259nizd\u0259 ticar\u0259t g\u0259mil\u0259rin\u0259 qar\u015f\u0131 h\u0259yata ke\u00e7irdiyi h\u00fccumlara cavab olaraq q\u0259bul edilib.<\/p>\n<p>Kanadan\u0131n \u0130ctimai T\u0259hl\u00fck\u0259sizlik Nazirliyinin s\u00f6z\u00e7\u00fcs\u00fc bildirib ki, \u00f6lk\u0259nin t\u0259hl\u00fck\u0259sizlik v\u0259 k\u0259\u015ffiyyat agentlikl\u0259ri husil\u0259rin terror t\u0259\u015fkilatlar\u0131 siyah\u0131s\u0131na daxil edilm\u0259si \u00fc\u00e7\u00fcn z\u0259ruri meyarlar\u0131 yerin\u0259 yetirib-yetirm\u0259diyini qiym\u0259tl\u0259ndiribl\u0259r. Bu add\u0131m, husil\u0259rin son d\u00f6vrl\u0259rd\u0259 Q\u0131rm\u0131z\u0131 d\u0259nizd\u0259 ticar\u0259t g\u0259mil\u0259rin\u0259 qar\u015f\u0131 h\u0259yata ke\u00e7irdiyi h\u00fccumlarla \u0259laq\u0259l\u0259ndirilir.<\/p>\n<p>Qeyd ed\u0259k ki, husil\u0259r \u0259sas\u0259n Y\u0259m\u0259nd\u0259 f\u0259aliyy\u0259t g\u00f6st\u0259r\u0259n \u015fi\u0259 islam\u00e7\u0131 bir h\u0259r\u0259katd\u0131r v\u0259 \u0130ran t\u0259r\u0259find\u0259n d\u0259st\u0259kl\u0259ndiyi bildirilir. Onlar\u0131n Q\u0131rm\u0131z\u0131 d\u0259nizd\u0259ki h\u00fccumlar\u0131 beyn\u0259lxalq ticar\u0259t\u0259 v\u0259 d\u0259niz t\u0259hl\u00fck\u0259sizliyin\u0259 ciddi t\u0259hdid yarad\u0131r.<\/p>\n<p>Kanadan\u0131n bu q\u0259rar\u0131, husil\u0259rin f\u0259aliyy\u0259tl\u0259rin\u0259 qar\u015f\u0131 beyn\u0259lxalq ictimaiyy\u0259tin artan narahatl\u0131\u011f\u0131n\u0131n bir g\u00f6st\u0259ricisidir. Bu add\u0131m\u0131n husil\u0259rin maliyy\u0259 m\u0259nb\u0259l\u0259rin\u0259 v\u0259 beyn\u0259lxalq d\u0259st\u0259yin\u0259 m\u0259nfi t\u0259sir g\u00f6st\u0259r\u0259c\u0259yi g\u00f6zl\u0259nilir.<\/p>\n","protected":false},"excerpt":{"rendered":"<p>Kanada h\u00f6kum\u0259ti Y\u0259m\u0259nd\u0259 f\u0259aliyy\u0259t g\u00f6st\u0259r\u0259n husil\u0259ri r\u0259smi olaraq terror t\u0259\u015fkilatlar\u0131 siyah\u0131s\u0131na \u0259lav\u0259 edib. Bu q\u0259rar, husil\u0259rin Q\u0131rm\u0131z\u0131 d\u0259nizd\u0259 ticar\u0259t g\u0259mil\u0259rin\u0259 qar\u015f\u0131 h\u0259yata ke\u00e7irdiyi h\u00fccumlara cavab olaraq q\u0259bul edilib. Kanadan\u0131n \u0130ctimai T\u0259hl\u00fck\u0259sizlik Nazirliyinin s\u00f6z\u00e7\u00fcs\u00fc bildirib ki, \u00f6lk\u0259nin t\u0259hl\u00fck\u0259sizlik v\u0259 k\u0259\u015ffiyyat agentlikl\u0259ri husil\u0259rin terror t\u0259\u015fkilatlar\u0131 siyah\u0131s\u0131na daxil edilm\u0259si \u00fc\u00e7\u00fcn z\u0259ruri meyarlar\u0131 yerin\u0259 yetirib-yetirm\u0259diyini qiym\u0259tl\u0259ndiribl\u0259r. Bu add\u0131m, husil\u0259rin son d\u00f6vrl\u0259rd\u0259 Q\u0131rm\u0131z\u0131 d\u0259nizd\u0259 ticar\u0259t g\u0259mil\u0259rin\u0259 qar\u015f\u0131 h\u0259yata ke\u00e7irdiyi h\u00fccumlarla \u0259laq\u0259l\u0259ndirilir. Qeyd ed\u0259k ki, husil\u0259r \u0259sas\u0259n Y\u0259m\u0259nd\u0259 f\u0259aliyy\u0259t g\u00f6st\u0259r\u0259n \u015fi\u0259 islam\u00e7\u0131 bir h\u0259r\u0259katd\u0131r v\u0259 \u0130ran t\u0259r\u0259find\u0259n d\u0259st\u0259kl\u0259ndiyi bildirilir. Onlar\u0131n Q\u0131rm\u0131z\u0131 d\u0259nizd\u0259ki h\u00fccumlar\u0131 beyn\u0259lxalq ticar\u0259t\u0259 v\u0259&hellip;<\/p>\n","protected":false},"author":2,"featured_media":772606,"comment_status":"closed","ping_status":"closed","sticky":false,"template":"","format":"standard","meta":{"om_disable_all_campaigns":false,"_monsterinsights_skip_tracking":false,"_monsterinsights_sitenote_active":false,"_monsterinsights_sitenote_note":"","_monsterinsights_sitenote_category":0},"categories":[7],"tags":[],"aioseo_notices":[],"gutentor_comment":0,"rttpg_featured_image_url":{"full":["https:\/\/arantv.az\/wp-content\/uploads\/2024\/12\/206b4dced4e93c03eb7cb6a0ef2b1046.jpg",750,500,false],"landscape":["https:\/\/arantv.az\/wp-content\/uploads\/2024\/12\/206b4dced4e93c03eb7cb6a0ef2b1046.jpg",750,500,false],"portraits":["https:\/\/arantv.az\/wp-content\/uploads\/2024\/12\/206b4dced4e93c03eb7cb6a0ef2b1046.jpg",750,500,false],"thumbnail":["https:\/\/arantv.az\/wp-content\/uploads\/2024\/12\/206b4dced4e93c03eb7cb6a0ef2b1046-500x280.jpg",500,280,true],"medium":["https:\/\/arantv.az\/wp-content\/uploads\/2024\/12\/206b4dced4e93c03eb7cb6a0ef2b1046-548x365.jpg",548,365,true],"large":["https:\/\/arantv.az\/wp-content\/uploads\/2024\/12\/206b4dced4e93c03eb7cb6a0ef2b1046.jpg",640,427,false],"1536x1536":["https:\/\/arantv.az\/wp-content\/uploads\/2024\/12\/206b4dced4e93c03eb7cb6a0ef2b1046.jpg",750,500,false],"2048x2048":["https:\/\/arantv.az\/wp-content\/uploads\/2024\/12\/206b4dced4e93c03eb7cb6a0ef2b1046.jpg",750,500,false],"post-thumbnail":["https:\/\/arantv.az\/wp-content\/uploads\/2024\/12\/206b4dced4e93c03eb7cb6a0ef2b1046-240x172.jpg",240,172,true],"advps-thumb-one":["https:\/\/arantv.az\/wp-content\/uploads\/2024\/12\/206b4dced4e93c03eb7cb6a0ef2b1046.jpg",750,500,false]},"rttpg_author":{"display_name":"V\u00fcsal Rafiqo\u011flu","author_link":"https:\/\/arantv.az\/?author=2"},"rttpg_comment":0,"rttpg_category":"<a href=\"https:\/\/arantv.az\/?cat=7\" rel=\"category\">D\u00fcnya<\/a>","rttpg_excerpt":"Kanada h\u00f6kum\u0259ti Y\u0259m\u0259nd\u0259 f\u0259aliyy\u0259t g\u00f6st\u0259r\u0259n husil\u0259ri r\u0259smi olaraq terror t\u0259\u015fkilatlar\u0131 siyah\u0131s\u0131na \u0259lav\u0259 edib. Bu q\u0259rar, husil\u0259rin Q\u0131rm\u0131z\u0131 d\u0259nizd\u0259 ticar\u0259t g\u0259mil\u0259rin\u0259 qar\u015f\u0131 h\u0259yata ke\u00e7irdiyi h\u00fccumlara cavab olaraq q\u0259bul edilib. Kanadan\u0131n \u0130ctimai T\u0259hl\u00fck\u0259sizlik Nazirliyinin s\u00f6z\u00e7\u00fcs\u00fc bildirib ki, \u00f6lk\u0259nin t\u0259hl\u00fck\u0259sizlik v\u0259 k\u0259\u015ffiyyat agentlikl\u0259ri husil\u0259rin terror t\u0259\u015fkilatlar\u0131 siyah\u0131s\u0131na daxil edilm\u0259si \u00fc\u00e7\u00fcn z\u0259ruri meyarlar\u0131 yerin\u0259 yetirib-yetirm\u0259diyini qiym\u0259tl\u0259ndiribl\u0259r. Bu add\u0131m, husil\u0259rin&hellip;","_links":{"self":[{"href":"https:\/\/arantv.az\/index.php?rest_route=\/wp\/v2\/posts\/772605"}],"collection":[{"href":"https:\/\/arantv.az\/index.php?rest_route=\/wp\/v2\/posts"}],"about":[{"href":"https:\/\/arantv.az\/index.php?rest_route=\/wp\/v2\/types\/post"}],"author":[{"embeddable":true,"href":"https:\/\/arantv.az\/index.php?rest_route=\/wp\/v2\/users\/2"}],"replies":[{"embeddable":true,"href":"https:\/\/arantv.az\/index.php?rest_route=%2Fwp%2Fv2%2Fcomments&post=772605"}],"version-history":[{"count":1,"href":"https:\/\/arantv.az\/index.php?rest_route=\/wp\/v2\/posts\/772605\/revisions"}],"predecessor-version":[{"id":772607,"href":"https:\/\/arantv.az\/index.php?rest_route=\/wp\/v2\/posts\/772605\/revisions\/772607"}],"wp:featuredmedia":[{"embeddable":true,"href":"https:\/\/arantv.az\/index.php?rest_route=\/wp\/v2\/media\/772606"}],"wp:attachment":[{"href":"https:\/\/arantv.az\/index.php?rest_route=%2Fwp%2Fv2%2Fmedia&parent=772605"}],"wp:term":[{"taxonomy":"category","embeddable":true,"href":"https:\/\/arantv.az\/index.php?rest_route=%2Fwp%2Fv2%2Fcategories&post=772605"},{"taxonomy":"post_tag","embeddable":true,"href":"https:\/\/arantv.az\/index.php?rest_route=%2Fwp%2Fv2%2Ftags&post=772605"}],"curies":[{"name":"wp","href":"https:\/\/api.w.org\/{rel}","templated":true}]}}