{"id":772608,"date":"2024-12-03T06:43:39","date_gmt":"2024-12-03T02:43:39","guid":{"rendered":"https:\/\/arantv.az\/?p=772608"},"modified":"2024-12-03T06:43:39","modified_gmt":"2024-12-03T02:43:39","slug":"mu%c9%99llimi-milli-q%c9%99hr%c9%99man-natiq-qasimovdan-danisdivideo","status":"publish","type":"post","link":"https:\/\/arantv.az\/?p=772608","title":{"rendered":"M\u00fc\u0259llimi Milli Q\u0259hr\u0259man Natiq Qas\u0131movdan DANI\u015eDIV\u0130DEO"},"content":{"rendered":"<div class=\"text-content\" data-id=\"\" data-url=\"\">\n<p>T\u0259hsil ald\u0131\u011f\u0131 m\u0259kt\u0259b bundan sonra Milli Q\u0259hr\u0259man Natiq Qas\u0131movun ad\u0131n\u0131 da\u015f\u0131yacaq. S\u00f6hb\u0259t Ming\u0259\u00e7evir \u015f\u0259h\u0259rind\u0259 yerl\u0259\u015f\u0259n 4 sayl\u0131 orta m\u0259kt\u0259bd\u0259n gedir.<\/p>\n<p>Bu bar\u0259d\u0259 Baku TV-nin s\u00fcjetind\u0259 deyilir.<\/p>\n<p>M\u0259kt\u0259bin direktoru Zaur M\u00fcseyibov ba\u015f nazirin imzalad\u0131\u011f\u0131 s\u0259r\u0259ncam\u0131n onlar\u0131 q\u00fcrurland\u0131rd\u0131\u011f\u0131n\u0131 deyib.<\/p>\n<p>&#8220;Bizim \u00fc\u00e7\u00fcn f\u0259xrdir, 30 ild\u0259n sonra Prezidentimizin f\u0259rman\u0131 il\u0259 Natiq Qas\u0131mova Milli Q\u0259hr\u0259man ad\u0131 verildi. Biz bununla q\u00fcrur duyuruq. Bir ne\u00e7\u0259 g\u00fcn bundan qabaq ba\u015f nazirimizin imzalad\u0131\u011f\u0131 s\u0259r\u0259ncamla m\u0259kt\u0259bimiz\u0259 Milli Q\u0259hr\u0259man\u0131n ad\u0131n\u0131n verilm\u0259si bizi daha da duy\u011fuland\u0131rd\u0131 v\u0259 sevindirdi. Art\u0131q bizim qar\u015f\u0131m\u0131zda duran \u0259sas m\u0259s\u0259l\u0259 \u015fagirdl\u0259rimiz\u0259 bel\u0259 bir q\u0259hr\u0259man\u0131 tan\u0131tmaq, Natiq Qas\u0131mov kimi yeti\u015fdirilm\u0259sini t\u0259min etm\u0259kdir&#8221;, &#8211; dey\u0259 o bildirib.<\/p>\n<p>Qeyd ed\u0259k ki, Natiq Qas\u0131mov 1991-ci ild\u0259 k\u00f6n\u00fcll\u00fc olaraq c\u0259bh\u0259y\u0259 yollan\u0131b. O, 1992-ci ild\u0259 Xocal\u0131n\u0131n Pirl\u0259r k\u0259ndi yax\u0131nl\u0131\u011f\u0131nda Alban kils\u0259sinin yerl\u0259\u015fdiyi y\u00fcks\u0259klik u\u011frunda \u00f6l\u00fcm-dirim sava\u015f\u0131na qalx\u0131r. D\u00f6y\u00fc\u015fd\u0259 alt\u0131 yolda\u015f\u0131 h\u0259lak olan Natiq m\u00fcbariz\u0259ni davam etdirir. T\u0259kba\u015f\u0131na 5 g\u00fcn gec\u0259-g\u00fcnd\u00fcz vuru\u015faraq d\u00fc\u015fm\u0259nl\u0259ri bu posta yax\u0131n buraxm\u0131r.<\/p>\n<p>Onun t\u0259slim olmayaca\u011f\u0131n\u0131 anlayan erm\u0259nil\u0259r Natiqin qar\u015f\u0131s\u0131na &#8220;\u0259sirl\u0259ri g\u00fcll\u0259l\u0259y\u0259c\u0259yik&#8221; \u015f\u0259rtini qoyurlar. 22 n\u0259f\u0259r Xocal\u0131 sakininin g\u00fcll\u0259l\u0259nm\u0259sin\u0259 raz\u0131 olmayan q\u0259hr\u0259man kils\u0259nin \u00fcz\u0259rind\u0259ki Az\u0259rbaycan bayra\u011f\u0131n\u0131 \u00f6z\u00fc il\u0259 g\u00f6t\u00fcr\u0259r\u0259k t\u0259slim olmaq \u00fc\u00e7\u00fcn erm\u0259nil\u0259r\u0259 t\u0259r\u0259f gedir. Kils\u0259d\u0259n b\u00f6y\u00fck bir d\u0259st\u0259nin \u00e7\u0131xaca\u011f\u0131n\u0131 g\u00f6zl\u0259y\u0259n d\u00fc\u015fm\u0259n oradan \u0259lind\u0259 bayraq bir \u0259sg\u0259rin \u00e7\u0131xd\u0131\u011f\u0131n\u0131 g\u00f6r\u0259nd\u0259 az\u011f\u0131nla\u015f\u0131b. Natiq Qas\u0131mov \u0259sir g\u00f6t\u00fcr\u00fcl\u00fcb.<\/p>\n<p>Qeyd ed\u0259k ki, Natiq haqda \u00e7\u0259kil\u0259n filmd\u0259 onun Vitali Balasanyan\u0131n i\u015ftirak\u0131 il\u0259 dindirilm\u0259sind\u0259n sonra i\u015fg\u0259nc\u0259 il\u0259 \u00f6ld\u00fcr\u00fcld\u00fcy\u00fc haqda \u015fahid ifad\u0259si var. Bu \u015fahidl\u0259r erm\u0259nil\u0259rdir.<\/p>\n<p>\u018ftrafl\u0131 Baku TV-nin s\u00fcjetind\u0259:<\/p>\n<p><iframe title=\"M\u00fc\u0259llimi Milli Q\u0259hr\u0259man Natiq Qas\u0131movdan dan\u0131\u015fd\u0131 | O, el\u0259 bir \u015fagird idi ki...\" src=\"https:\/\/www.youtube.com\/embed\/eyitVokoA9Q\" frameborder=\"0\" allowfullscreen=\"allowfullscreen\" data-mce-fragment=\"1\"><\/iframe><\/p>\n<\/div>\n<div><\/div>\n<div><\/div>\n<div class=\"inner-social-box\">\n<div class=\"subs-in-social subs-whatsapp\"><\/div>\n<\/div>\n","protected":false},"excerpt":{"rendered":"<p>T\u0259hsil ald\u0131\u011f\u0131 m\u0259kt\u0259b bundan sonra Milli Q\u0259hr\u0259man Natiq Qas\u0131movun ad\u0131n\u0131 da\u015f\u0131yacaq. S\u00f6hb\u0259t Ming\u0259\u00e7evir \u015f\u0259h\u0259rind\u0259 yerl\u0259\u015f\u0259n 4 sayl\u0131 orta m\u0259kt\u0259bd\u0259n gedir. Bu bar\u0259d\u0259 Baku TV-nin s\u00fcjetind\u0259 deyilir. M\u0259kt\u0259bin direktoru Zaur M\u00fcseyibov ba\u015f nazirin imzalad\u0131\u011f\u0131 s\u0259r\u0259ncam\u0131n onlar\u0131 q\u00fcrurland\u0131rd\u0131\u011f\u0131n\u0131 deyib. &#8220;Bizim \u00fc\u00e7\u00fcn f\u0259xrdir, 30 ild\u0259n sonra Prezidentimizin f\u0259rman\u0131 il\u0259 Natiq Qas\u0131mova Milli Q\u0259hr\u0259man ad\u0131 verildi. Biz bununla q\u00fcrur duyuruq. Bir ne\u00e7\u0259 g\u00fcn bundan qabaq ba\u015f nazirimizin imzalad\u0131\u011f\u0131 s\u0259r\u0259ncamla m\u0259kt\u0259bimiz\u0259 Milli Q\u0259hr\u0259man\u0131n ad\u0131n\u0131n verilm\u0259si bizi daha da duy\u011fuland\u0131rd\u0131 v\u0259 sevindirdi. Art\u0131q bizim qar\u015f\u0131m\u0131zda duran \u0259sas m\u0259s\u0259l\u0259 \u015fagirdl\u0259rimiz\u0259 bel\u0259 bir q\u0259hr\u0259man\u0131 tan\u0131tmaq, Natiq Qas\u0131mov kimi&hellip;<\/p>\n","protected":false},"author":2,"featured_media":772609,"comment_status":"closed","ping_status":"closed","sticky":false,"template":"","format":"standard","meta":{"om_disable_all_campaigns":false,"_monsterinsights_skip_tracking":false,"_monsterinsights_sitenote_active":false,"_monsterinsights_sitenote_note":"","_monsterinsights_sitenote_category":0},"categories":[1],"tags":[],"aioseo_notices":[],"gutentor_comment":0,"rttpg_featured_image_url":{"full":["https:\/\/arantv.az\/wp-content\/uploads\/2024\/12\/15e15c7969e9865fbb51ae2b6c15dfb2.png",616,366,false],"landscape":["https:\/\/arantv.az\/wp-content\/uploads\/2024\/12\/15e15c7969e9865fbb51ae2b6c15dfb2.png",616,366,false],"portraits":["https:\/\/arantv.az\/wp-content\/uploads\/2024\/12\/15e15c7969e9865fbb51ae2b6c15dfb2.png",616,366,false],"thumbnail":["https:\/\/arantv.az\/wp-content\/uploads\/2024\/12\/15e15c7969e9865fbb51ae2b6c15dfb2-500x280.png",500,280,true],"medium":["https:\/\/arantv.az\/wp-content\/uploads\/2024\/12\/15e15c7969e9865fbb51ae2b6c15dfb2-614x365.png",614,365,true],"large":["https:\/\/arantv.az\/wp-content\/uploads\/2024\/12\/15e15c7969e9865fbb51ae2b6c15dfb2.png",616,366,false],"1536x1536":["https:\/\/arantv.az\/wp-content\/uploads\/2024\/12\/15e15c7969e9865fbb51ae2b6c15dfb2.png",616,366,false],"2048x2048":["https:\/\/arantv.az\/wp-content\/uploads\/2024\/12\/15e15c7969e9865fbb51ae2b6c15dfb2.png",616,366,false],"post-thumbnail":["https:\/\/arantv.az\/wp-content\/uploads\/2024\/12\/15e15c7969e9865fbb51ae2b6c15dfb2-240x172.png",240,172,true],"advps-thumb-one":["https:\/\/arantv.az\/wp-content\/uploads\/2024\/12\/15e15c7969e9865fbb51ae2b6c15dfb2.png",616,366,false]},"rttpg_author":{"display_name":"V\u00fcsal Rafiqo\u011flu","author_link":"https:\/\/arantv.az\/?author=2"},"rttpg_comment":0,"rttpg_category":"<a href=\"https:\/\/arantv.az\/?cat=1\" rel=\"category\">C\u0259miyy\u0259t<\/a>","rttpg_excerpt":"T\u0259hsil ald\u0131\u011f\u0131 m\u0259kt\u0259b bundan sonra Milli Q\u0259hr\u0259man Natiq Qas\u0131movun ad\u0131n\u0131 da\u015f\u0131yacaq. S\u00f6hb\u0259t Ming\u0259\u00e7evir \u015f\u0259h\u0259rind\u0259 yerl\u0259\u015f\u0259n 4 sayl\u0131 orta m\u0259kt\u0259bd\u0259n gedir. Bu bar\u0259d\u0259 Baku TV-nin s\u00fcjetind\u0259 deyilir. M\u0259kt\u0259bin direktoru Zaur M\u00fcseyibov ba\u015f nazirin imzalad\u0131\u011f\u0131 s\u0259r\u0259ncam\u0131n onlar\u0131 q\u00fcrurland\u0131rd\u0131\u011f\u0131n\u0131 deyib. &#8220;Bizim \u00fc\u00e7\u00fcn f\u0259xrdir, 30 ild\u0259n sonra Prezidentimizin f\u0259rman\u0131 il\u0259 Natiq Qas\u0131mova Milli Q\u0259hr\u0259man ad\u0131 verildi. Biz bununla q\u00fcrur&hellip;","_links":{"self":[{"href":"https:\/\/arantv.az\/index.php?rest_route=\/wp\/v2\/posts\/772608"}],"collection":[{"href":"https:\/\/arantv.az\/index.php?rest_route=\/wp\/v2\/posts"}],"about":[{"href":"https:\/\/arantv.az\/index.php?rest_route=\/wp\/v2\/types\/post"}],"author":[{"embeddable":true,"href":"https:\/\/arantv.az\/index.php?rest_route=\/wp\/v2\/users\/2"}],"replies":[{"embeddable":true,"href":"https:\/\/arantv.az\/index.php?rest_route=%2Fwp%2Fv2%2Fcomments&post=772608"}],"version-history":[{"count":2,"href":"https:\/\/arantv.az\/index.php?rest_route=\/wp\/v2\/posts\/772608\/revisions"}],"predecessor-version":[{"id":772611,"href":"https:\/\/arantv.az\/index.php?rest_route=\/wp\/v2\/posts\/772608\/revisions\/772611"}],"wp:featuredmedia":[{"embeddable":true,"href":"https:\/\/arantv.az\/index.php?rest_route=\/wp\/v2\/media\/772609"}],"wp:attachment":[{"href":"https:\/\/arantv.az\/index.php?rest_route=%2Fwp%2Fv2%2Fmedia&parent=772608"}],"wp:term":[{"taxonomy":"category","embeddable":true,"href":"https:\/\/arantv.az\/index.php?rest_route=%2Fwp%2Fv2%2Fcategories&post=772608"},{"taxonomy":"post_tag","embeddable":true,"href":"https:\/\/arantv.az\/index.php?rest_route=%2Fwp%2Fv2%2Ftags&post=772608"}],"curies":[{"name":"wp","href":"https:\/\/api.w.org\/{rel}","templated":true}]}}