{"id":772612,"date":"2024-12-03T06:45:12","date_gmt":"2024-12-03T02:45:12","guid":{"rendered":"https:\/\/arantv.az\/?p=772612"},"modified":"2024-12-03T06:45:12","modified_gmt":"2024-12-03T02:45:12","slug":"az%c9%99rbaycanda-issizl%c9%99r%c9%99-pul-od%c9%99nil%c9%99c%c9%99kvideo","status":"publish","type":"post","link":"https:\/\/arantv.az\/?p=772612","title":{"rendered":"Az\u0259rbaycanda i\u015fsizl\u0259r\u0259 pul \u00f6d\u0259nil\u0259c\u0259kV\u0130DEO"},"content":{"rendered":"<div class=\"text-content\" data-id=\"\" data-url=\"\">\n<p>\u0130\u015fsizl\u0259r\u0259 pul \u00f6d\u0259nil\u0259c\u0259k.<\/p>\n<p><strong>ARANTV.AZ\u00a0<\/strong> X\u0259z\u0259r TV-y\u0259 istinad\u0259n bildirir ki, bu i\u015fsizlikd\u0259n s\u0131\u011forta haqq\u0131 il\u0259 m\u00fcmk\u00fcn olacaq.<\/p>\n<p>Amma \u00f6d\u0259nil\u0259c\u0259k m\u0259bl\u0259\u011f h\u0259r k\u0259s\u0259 \u015famil edilm\u0259y\u0259c\u0259k.<\/p>\n<p>D\u00f6vl\u0259t M\u0259\u015f\u011fulluq Agentliyinin \u015f\u00f6b\u0259 m\u00fcdiri Eldar \u018fliyev i\u015fszil\u0259r\u0259 veril\u0259c\u0259k \u00f6d\u0259ni\u015fin m\u0259bl\u0259\u011fi haqq\u0131nda da dan\u0131\u015f\u0131b&#8230;.<\/p>\n<p>\u0130\u015f yerini itir\u0259nl\u0259r \u00fc\u00e7\u00fcn 17 milyon manat ayr\u0131l\u0131b.<\/p>\n<p>Mill\u0259t v\u0259kili V\u00fcqar Bayramovun s\u00f6zl\u0259rin\u0259 g\u00f6r\u0259, art\u0131q n\u00f6vb\u0259ti ild\u0259n layih\u0259nin icras\u0131na ba\u015flan\u0131lacaq.<\/p>\n<p>Mill\u0259r v\u0259kili bildirib ki, i\u015fsiz \u015f\u0259xsl\u0259r onlar \u00fc\u00e7\u00fcn n\u0259z\u0259rd\u0259 tutulan v\u0259saiti almaq \u00fc\u00e7\u00fcn ilk \u00f6nc\u0259 h\u0259min \u015f\u0259xsl\u0259rin i\u015fsiz kimi qeydiyyatdan ke\u00e7m\u0259si vacibdir.<\/p>\n<p><iframe title=\"\u0130\u015f yerini \u00f6z ist\u0259yi olmadan itir\u0259nl\u0259r\u0259 v\u0259 i\u015fsizl\u0259r\u0259 n\u0259 q\u0259d\u0259r s\u0131\u011forta haqq\u0131 veril\u0259c\u0259k?\" src=\"https:\/\/www.youtube.com\/embed\/KX0x43dB1gQ\" frameborder=\"0\" allowfullscreen=\"allowfullscreen\" data-mce-fragment=\"1\"><\/iframe><\/p>\n<\/div>\n<div><\/div>\n<div><\/div>\n<div class=\"inner-social-box\">\n<div class=\"subs-in-social subs-whatsapp\"><\/div>\n<\/div>\n","protected":false},"excerpt":{"rendered":"<p>\u0130\u015fsizl\u0259r\u0259 pul \u00f6d\u0259nil\u0259c\u0259k. ARANTV.AZ\u00a0 X\u0259z\u0259r TV-y\u0259 istinad\u0259n bildirir ki, bu i\u015fsizlikd\u0259n s\u0131\u011forta haqq\u0131 il\u0259 m\u00fcmk\u00fcn olacaq. Amma \u00f6d\u0259nil\u0259c\u0259k m\u0259bl\u0259\u011f h\u0259r k\u0259s\u0259 \u015famil edilm\u0259y\u0259c\u0259k. D\u00f6vl\u0259t M\u0259\u015f\u011fulluq Agentliyinin \u015f\u00f6b\u0259 m\u00fcdiri Eldar \u018fliyev i\u015fszil\u0259r\u0259 veril\u0259c\u0259k \u00f6d\u0259ni\u015fin m\u0259bl\u0259\u011fi haqq\u0131nda da dan\u0131\u015f\u0131b&#8230;. \u0130\u015f yerini itir\u0259nl\u0259r \u00fc\u00e7\u00fcn 17 milyon manat ayr\u0131l\u0131b. Mill\u0259t v\u0259kili V\u00fcqar Bayramovun s\u00f6zl\u0259rin\u0259 g\u00f6r\u0259, art\u0131q n\u00f6vb\u0259ti ild\u0259n layih\u0259nin icras\u0131na ba\u015flan\u0131lacaq. Mill\u0259r v\u0259kili bildirib ki, i\u015fsiz \u015f\u0259xsl\u0259r onlar \u00fc\u00e7\u00fcn n\u0259z\u0259rd\u0259 tutulan v\u0259saiti almaq \u00fc\u00e7\u00fcn ilk \u00f6nc\u0259 h\u0259min \u015f\u0259xsl\u0259rin i\u015fsiz kimi qeydiyyatdan ke\u00e7m\u0259si vacibdir.<\/p>\n","protected":false},"author":2,"featured_media":772613,"comment_status":"closed","ping_status":"closed","sticky":false,"template":"","format":"standard","meta":{"om_disable_all_campaigns":false,"_monsterinsights_skip_tracking":false,"_monsterinsights_sitenote_active":false,"_monsterinsights_sitenote_note":"","_monsterinsights_sitenote_category":0},"categories":[1],"tags":[],"aioseo_notices":[],"gutentor_comment":0,"rttpg_featured_image_url":{"full":["https:\/\/arantv.az\/wp-content\/uploads\/2024\/12\/b393526947110f3aa89cebaf0dd76be9.png",870,500,false],"landscape":["https:\/\/arantv.az\/wp-content\/uploads\/2024\/12\/b393526947110f3aa89cebaf0dd76be9.png",870,500,false],"portraits":["https:\/\/arantv.az\/wp-content\/uploads\/2024\/12\/b393526947110f3aa89cebaf0dd76be9.png",870,500,false],"thumbnail":["https:\/\/arantv.az\/wp-content\/uploads\/2024\/12\/b393526947110f3aa89cebaf0dd76be9-500x280.png",500,280,true],"medium":["https:\/\/arantv.az\/wp-content\/uploads\/2024\/12\/b393526947110f3aa89cebaf0dd76be9-635x365.png",635,365,true],"large":["https:\/\/arantv.az\/wp-content\/uploads\/2024\/12\/b393526947110f3aa89cebaf0dd76be9-840x483.png",640,368,true],"1536x1536":["https:\/\/arantv.az\/wp-content\/uploads\/2024\/12\/b393526947110f3aa89cebaf0dd76be9.png",870,500,false],"2048x2048":["https:\/\/arantv.az\/wp-content\/uploads\/2024\/12\/b393526947110f3aa89cebaf0dd76be9.png",870,500,false],"post-thumbnail":["https:\/\/arantv.az\/wp-content\/uploads\/2024\/12\/b393526947110f3aa89cebaf0dd76be9-240x172.png",240,172,true],"advps-thumb-one":["https:\/\/arantv.az\/wp-content\/uploads\/2024\/12\/b393526947110f3aa89cebaf0dd76be9.png",870,500,false]},"rttpg_author":{"display_name":"V\u00fcsal Rafiqo\u011flu","author_link":"https:\/\/arantv.az\/?author=2"},"rttpg_comment":0,"rttpg_category":"<a href=\"https:\/\/arantv.az\/?cat=1\" rel=\"category\">C\u0259miyy\u0259t<\/a>","rttpg_excerpt":"\u0130\u015fsizl\u0259r\u0259 pul \u00f6d\u0259nil\u0259c\u0259k. ARANTV.AZ\u00a0 X\u0259z\u0259r TV-y\u0259 istinad\u0259n bildirir ki, bu i\u015fsizlikd\u0259n s\u0131\u011forta haqq\u0131 il\u0259 m\u00fcmk\u00fcn olacaq. Amma \u00f6d\u0259nil\u0259c\u0259k m\u0259bl\u0259\u011f h\u0259r k\u0259s\u0259 \u015famil edilm\u0259y\u0259c\u0259k. D\u00f6vl\u0259t M\u0259\u015f\u011fulluq Agentliyinin \u015f\u00f6b\u0259 m\u00fcdiri Eldar \u018fliyev i\u015fszil\u0259r\u0259 veril\u0259c\u0259k \u00f6d\u0259ni\u015fin m\u0259bl\u0259\u011fi haqq\u0131nda da dan\u0131\u015f\u0131b&#8230;. \u0130\u015f yerini itir\u0259nl\u0259r \u00fc\u00e7\u00fcn 17 milyon manat ayr\u0131l\u0131b. Mill\u0259t v\u0259kili V\u00fcqar Bayramovun s\u00f6zl\u0259rin\u0259 g\u00f6r\u0259, art\u0131q n\u00f6vb\u0259ti ild\u0259n layih\u0259nin&hellip;","_links":{"self":[{"href":"https:\/\/arantv.az\/index.php?rest_route=\/wp\/v2\/posts\/772612"}],"collection":[{"href":"https:\/\/arantv.az\/index.php?rest_route=\/wp\/v2\/posts"}],"about":[{"href":"https:\/\/arantv.az\/index.php?rest_route=\/wp\/v2\/types\/post"}],"author":[{"embeddable":true,"href":"https:\/\/arantv.az\/index.php?rest_route=\/wp\/v2\/users\/2"}],"replies":[{"embeddable":true,"href":"https:\/\/arantv.az\/index.php?rest_route=%2Fwp%2Fv2%2Fcomments&post=772612"}],"version-history":[{"count":1,"href":"https:\/\/arantv.az\/index.php?rest_route=\/wp\/v2\/posts\/772612\/revisions"}],"predecessor-version":[{"id":772614,"href":"https:\/\/arantv.az\/index.php?rest_route=\/wp\/v2\/posts\/772612\/revisions\/772614"}],"wp:featuredmedia":[{"embeddable":true,"href":"https:\/\/arantv.az\/index.php?rest_route=\/wp\/v2\/media\/772613"}],"wp:attachment":[{"href":"https:\/\/arantv.az\/index.php?rest_route=%2Fwp%2Fv2%2Fmedia&parent=772612"}],"wp:term":[{"taxonomy":"category","embeddable":true,"href":"https:\/\/arantv.az\/index.php?rest_route=%2Fwp%2Fv2%2Fcategories&post=772612"},{"taxonomy":"post_tag","embeddable":true,"href":"https:\/\/arantv.az\/index.php?rest_route=%2Fwp%2Fv2%2Ftags&post=772612"}],"curies":[{"name":"wp","href":"https:\/\/api.w.org\/{rel}","templated":true}]}}