{"id":772615,"date":"2024-12-03T06:46:25","date_gmt":"2024-12-03T02:46:25","guid":{"rendered":"https:\/\/arantv.az\/?p=772615"},"modified":"2024-12-03T06:46:25","modified_gmt":"2024-12-03T02:46:25","slug":"az%c9%99rbaycanda-dagidici-z%c9%99lz%c9%99l%c9%99-olacaq","status":"publish","type":"post","link":"https:\/\/arantv.az\/?p=772615","title":{"rendered":"Az\u0259rbaycanda da\u011f\u0131d\u0131c\u0131 z\u0259lz\u0259l\u0259 olacaq?"},"content":{"rendered":"<p>\u00d6t\u0259n ay\u0131n son ong\u00fcnl\u00fcy\u00fcnd\u0259 Az\u0259rbaycan\u0131n bir s\u0131ra b\u00f6lg\u0259l\u0259rind\u0259 ard\u0131c\u0131l yeralt\u0131 t\u0259kanlar ba\u015f verib. Z\u0259lz\u0259l\u0259l\u0259r \u015eamax\u0131, La\u00e7\u0131n v\u0259 C\u0259lilabad rayonlar\u0131nda, Ming\u0259\u00e7evir su anbar\u0131nda, X\u0259z\u0259r d\u0259nizind\u0259 qeyd\u0259 al\u0131n\u0131b. M\u00fct\u0259x\u0259ssisl\u0259r daha \u00f6nc\u0259 cari ild\u0259 seysmik aktivliyin m\u00fc\u015fahid\u0259 olunaca\u011f\u0131n\u0131 qeyd etmi\u015fdil\u0259r. B\u0259s g\u00f6r\u0259s\u0259n 2025-ci ild\u0259 d\u0259 seysmik aktivlik m\u00fc\u015fahid\u0259 olunacaqm\u0131?<\/p>\n<p>Geologiya v\u0259 Geofizika \u0130nstitutunun (GG\u0130) Seysmologiya v\u0259 seysmik t\u0259hl\u00fck\u0259nin qiym\u0259tl\u0259ndirilm\u0259si \u015f\u00f6b\u0259sinin m\u00fcdiri Qulam Babayev \u0130qtisadiyyat.az-a a\u00e7\u0131qlamas\u0131nda 2024-ci ilin seysmik v\u0259 tektonik ili kimi s\u0259ciyy\u0259l\u0259ndiyini xat\u0131rlad\u0131b.<\/p>\n<p>Bu prosesin haz\u0131rda da davam etdiyini s\u00f6yl\u0259y\u0259n \u015f\u00f6b\u0259 m\u00fcdiri bildirib ki, m\u00f6vcud seysmik v\u0259 tektonik aktivlik s\u0259ngimir. M\u00fct\u0259x\u0259ssisin s\u00f6zl\u0259rin\u0259 g\u00f6r\u0259, bu da o dem\u0259kdir ki, 2025-ci ilin \u0259vv\u0259ll\u0259rind\u0259 d\u0259 bu proses davam ed\u0259c\u0259k:<\/p>\n<p>\u201cHaz\u0131rda tektonik d\u00f6vrl\u00fcl\u00fck davam edir. D\u00fc\u015f\u00fcn\u00fcr\u0259m ki, \u0259n az\u0131 2025-ci ilin ilk aylar\u0131nda da bu aktivlik davam ed\u0259c\u0259kdir. Amma 2025-ci ild\u0259 da\u011f\u0131d\u0131c\u0131 z\u0259lz\u0259l\u0259l\u0259r olaca\u011f\u0131n\u0131 hesab etmir\u0259m, \u00f6lk\u0259mizd\u0259 bu g\u00f6zl\u0259nilmir. \u00c7\u00fcnki Az\u0259rbaycan regionunda yerd\u0259yi\u015fm\u0259 s\u00fcr\u0259ti v\u0259 intensivliyi dig\u0259r \u00f6lk\u0259l\u0259r \u2013 M\u0259rake\u015f, Yunan\u0131stan, Yaponiya, \u00c7in, Tayvan v\u0259 s. \u00f6lk\u0259l\u0259rd\u0259ki kimi deyil. Yer s\u0259thinin d\u0259rinliyind\u0259ki hadis\u0259l\u0259rin intesivliyi f\u0259rqlidir. Az\u0259rbaycan \u0259razisi d\u0259 \u00f6z\u00fcn\u0259 g\u00f6r\u0259 aktivdir, amma m\u00fcqayis\u0259 bax\u0131m\u0131ndan biz bunu qeyd ed\u0259 bil\u0259rik. Halbuki bizd\u0259 d\u0259 seysmik aktiv ocaqlar m\u00f6vcuddur\u201d.<\/p>\n<p>Q.Babayev vur\u011fulay\u0131b ki, X\u0259z\u0259r d\u0259nizind\u0259 seysmik ocaqlar aktiv ocaqlar kimi s\u0259ciyy\u0259l\u0259nir: \u201cEyni zamanda \u015eamax\u0131, \u0130smay\u0131ll\u0131, B\u00f6y\u00fck Qafqaz\u0131n C\u0259nub-\u015e\u0259rq, C\u0259nub-Q\u0259rb yamaclar\u0131n\u0131n ham\u0131s\u0131 seysmik ocaqlarla z\u0259ngindir. Ki\u00e7ik Qafqaz\u0131n \u015eimal, Qaraba\u011f zonas\u0131, Nax\u00e7\u0131van \u0259razisi, Tal\u0131\u015f seysmik zonalar kimi s\u0259ciyy\u0259l\u0259nir\u201d.<\/p>\n","protected":false},"excerpt":{"rendered":"<p>\u00d6t\u0259n ay\u0131n son ong\u00fcnl\u00fcy\u00fcnd\u0259 Az\u0259rbaycan\u0131n bir s\u0131ra b\u00f6lg\u0259l\u0259rind\u0259 ard\u0131c\u0131l yeralt\u0131 t\u0259kanlar ba\u015f verib. Z\u0259lz\u0259l\u0259l\u0259r \u015eamax\u0131, La\u00e7\u0131n v\u0259 C\u0259lilabad rayonlar\u0131nda, Ming\u0259\u00e7evir su anbar\u0131nda, X\u0259z\u0259r d\u0259nizind\u0259 qeyd\u0259 al\u0131n\u0131b. M\u00fct\u0259x\u0259ssisl\u0259r daha \u00f6nc\u0259 cari ild\u0259 seysmik aktivliyin m\u00fc\u015fahid\u0259 olunaca\u011f\u0131n\u0131 qeyd etmi\u015fdil\u0259r. B\u0259s g\u00f6r\u0259s\u0259n 2025-ci ild\u0259 d\u0259 seysmik aktivlik m\u00fc\u015fahid\u0259 olunacaqm\u0131? Geologiya v\u0259 Geofizika \u0130nstitutunun (GG\u0130) Seysmologiya v\u0259 seysmik t\u0259hl\u00fck\u0259nin qiym\u0259tl\u0259ndirilm\u0259si \u015f\u00f6b\u0259sinin m\u00fcdiri Qulam Babayev \u0130qtisadiyyat.az-a a\u00e7\u0131qlamas\u0131nda 2024-ci ilin seysmik v\u0259 tektonik ili kimi s\u0259ciyy\u0259l\u0259ndiyini xat\u0131rlad\u0131b. Bu prosesin haz\u0131rda da davam etdiyini s\u00f6yl\u0259y\u0259n \u015f\u00f6b\u0259 m\u00fcdiri bildirib ki, m\u00f6vcud seysmik v\u0259 tektonik aktivlik s\u0259ngimir. M\u00fct\u0259x\u0259ssisin s\u00f6zl\u0259rin\u0259&hellip;<\/p>\n","protected":false},"author":2,"featured_media":772616,"comment_status":"closed","ping_status":"closed","sticky":false,"template":"","format":"standard","meta":{"om_disable_all_campaigns":false,"_monsterinsights_skip_tracking":false,"_monsterinsights_sitenote_active":false,"_monsterinsights_sitenote_note":"","_monsterinsights_sitenote_category":0},"categories":[1],"tags":[],"aioseo_notices":[],"gutentor_comment":0,"rttpg_featured_image_url":{"full":["https:\/\/arantv.az\/wp-content\/uploads\/2024\/12\/e1a59b4bce22f877d06e3075691d4cdd.jpg",768,403,false],"landscape":["https:\/\/arantv.az\/wp-content\/uploads\/2024\/12\/e1a59b4bce22f877d06e3075691d4cdd.jpg",768,403,false],"portraits":["https:\/\/arantv.az\/wp-content\/uploads\/2024\/12\/e1a59b4bce22f877d06e3075691d4cdd.jpg",768,403,false],"thumbnail":["https:\/\/arantv.az\/wp-content\/uploads\/2024\/12\/e1a59b4bce22f877d06e3075691d4cdd-500x280.jpg",500,280,true],"medium":["https:\/\/arantv.az\/wp-content\/uploads\/2024\/12\/e1a59b4bce22f877d06e3075691d4cdd-660x346.jpg",660,346,true],"large":["https:\/\/arantv.az\/wp-content\/uploads\/2024\/12\/e1a59b4bce22f877d06e3075691d4cdd.jpg",640,336,false],"1536x1536":["https:\/\/arantv.az\/wp-content\/uploads\/2024\/12\/e1a59b4bce22f877d06e3075691d4cdd.jpg",768,403,false],"2048x2048":["https:\/\/arantv.az\/wp-content\/uploads\/2024\/12\/e1a59b4bce22f877d06e3075691d4cdd.jpg",768,403,false],"post-thumbnail":["https:\/\/arantv.az\/wp-content\/uploads\/2024\/12\/e1a59b4bce22f877d06e3075691d4cdd-240x172.jpg",240,172,true],"advps-thumb-one":["https:\/\/arantv.az\/wp-content\/uploads\/2024\/12\/e1a59b4bce22f877d06e3075691d4cdd.jpg",768,403,false]},"rttpg_author":{"display_name":"V\u00fcsal Rafiqo\u011flu","author_link":"https:\/\/arantv.az\/?author=2"},"rttpg_comment":0,"rttpg_category":"<a href=\"https:\/\/arantv.az\/?cat=1\" rel=\"category\">C\u0259miyy\u0259t<\/a>","rttpg_excerpt":"\u00d6t\u0259n ay\u0131n son ong\u00fcnl\u00fcy\u00fcnd\u0259 Az\u0259rbaycan\u0131n bir s\u0131ra b\u00f6lg\u0259l\u0259rind\u0259 ard\u0131c\u0131l yeralt\u0131 t\u0259kanlar ba\u015f verib. Z\u0259lz\u0259l\u0259l\u0259r \u015eamax\u0131, La\u00e7\u0131n v\u0259 C\u0259lilabad rayonlar\u0131nda, Ming\u0259\u00e7evir su anbar\u0131nda, X\u0259z\u0259r d\u0259nizind\u0259 qeyd\u0259 al\u0131n\u0131b. M\u00fct\u0259x\u0259ssisl\u0259r daha \u00f6nc\u0259 cari ild\u0259 seysmik aktivliyin m\u00fc\u015fahid\u0259 olunaca\u011f\u0131n\u0131 qeyd etmi\u015fdil\u0259r. B\u0259s g\u00f6r\u0259s\u0259n 2025-ci ild\u0259 d\u0259 seysmik aktivlik m\u00fc\u015fahid\u0259 olunacaqm\u0131? Geologiya v\u0259 Geofizika \u0130nstitutunun (GG\u0130) Seysmologiya v\u0259 seysmik t\u0259hl\u00fck\u0259nin&hellip;","_links":{"self":[{"href":"https:\/\/arantv.az\/index.php?rest_route=\/wp\/v2\/posts\/772615"}],"collection":[{"href":"https:\/\/arantv.az\/index.php?rest_route=\/wp\/v2\/posts"}],"about":[{"href":"https:\/\/arantv.az\/index.php?rest_route=\/wp\/v2\/types\/post"}],"author":[{"embeddable":true,"href":"https:\/\/arantv.az\/index.php?rest_route=\/wp\/v2\/users\/2"}],"replies":[{"embeddable":true,"href":"https:\/\/arantv.az\/index.php?rest_route=%2Fwp%2Fv2%2Fcomments&post=772615"}],"version-history":[{"count":1,"href":"https:\/\/arantv.az\/index.php?rest_route=\/wp\/v2\/posts\/772615\/revisions"}],"predecessor-version":[{"id":772617,"href":"https:\/\/arantv.az\/index.php?rest_route=\/wp\/v2\/posts\/772615\/revisions\/772617"}],"wp:featuredmedia":[{"embeddable":true,"href":"https:\/\/arantv.az\/index.php?rest_route=\/wp\/v2\/media\/772616"}],"wp:attachment":[{"href":"https:\/\/arantv.az\/index.php?rest_route=%2Fwp%2Fv2%2Fmedia&parent=772615"}],"wp:term":[{"taxonomy":"category","embeddable":true,"href":"https:\/\/arantv.az\/index.php?rest_route=%2Fwp%2Fv2%2Fcategories&post=772615"},{"taxonomy":"post_tag","embeddable":true,"href":"https:\/\/arantv.az\/index.php?rest_route=%2Fwp%2Fv2%2Ftags&post=772615"}],"curies":[{"name":"wp","href":"https:\/\/api.w.org\/{rel}","templated":true}]}}