{"id":772641,"date":"2024-12-03T17:58:25","date_gmt":"2024-12-03T13:58:25","guid":{"rendered":"https:\/\/arantv.az\/?p=772641"},"modified":"2024-12-03T17:58:25","modified_gmt":"2024-12-03T13:58:25","slug":"fransa-il%c9%99-iqtisadi-%c9%99laq%c9%99l%c9%99r-dib%c9%99-dusdu","status":"publish","type":"post","link":"https:\/\/arantv.az\/?p=772641","title":{"rendered":"Fransa il\u0259 iqtisadi \u0259laq\u0259l\u0259r \u201cdib\u0259 d\u00fc\u015fd\u00fc\u201d"},"content":{"rendered":"<h3><em><strong>Paris Az\u0259rbaycandan neft al\u0131\u015f\u0131n\u0131 azaltsa da, onun enerji \u015firk\u0259ti qaz yata\u011f\u0131 \u201cAb\u015feron\u201dda, h\u0259m\u00e7inin Bak\u0131-Tiflis-Ceyhan \u0259sas ixrac boru k\u0259m\u0259rind\u0259 i\u015ftirak\u0131n\u0131 davam etdirir<\/strong><\/em><\/h3>\n<p><strong>Az\u0259rbaycan\u0131n ona qar\u015f\u0131 q\u0259r\u0259zli v\u0259 d\u00fc\u015fm\u0259n\u00e7ilik m\u00fcnasib\u0259ti il\u0259 \u00f6nd\u0259 ged\u0259n Fransa il\u0259 iqtisadi \u0259laq\u0259l\u0259rind\u0259 ciddi azalma m\u00fc\u015fahid\u0259 olunmaqdad\u0131r. D\u00f6vl\u0259t G\u00f6mr\u00fck Komit\u0259sinin xarici ticar\u0259t statistikas\u0131na \u0259sas\u0259n bu ilin 10 ay\u0131nda Fransadan idxal 199 milyon 405.06 min dollar, ixrac is\u0259 64 milyon 312.35 min dollar olmaqla qar\u015f\u0131l\u0131ql\u0131 ticar\u0259t d\u00f6vriyy\u0259si 263 milyon 717,41 min dollar t\u0259\u015fkil edib. \u00d6t\u0259n ilin eyni d\u00f6vr\u00fcnd\u0259 368 milyon 16.02 min dollarl\u0131q idxal, 128 milyon 785 min dollarl\u0131q ixrac olmaqla d\u00f6vriyy\u0259 496 milyon 801,02 min dollara b\u0259rab\u0259r olmu\u015fdu. Bu is\u0259 o dem\u0259kdir ki, \u00f6lk\u0259l\u0259r aras\u0131nda qar\u015f\u0131l\u0131ql\u0131 ticar\u0259t iki d\u0259f\u0259y\u0259 yax\u0131n azal\u0131b.<\/strong><\/p>\n<p>Halbuki 2023-c\u00fc ilin yekununda Fransa il\u0259 qar\u015f\u0131l\u0131ql\u0131 ticar\u0259tin h\u0259cmi 133 milyon 219.50 min dollar ixrac, 403 milyon 51.97 min dollar idxal olmaqla 536 milyon 271,47 min dollara q\u0259d\u0259r artm\u0131\u015fd\u0131. M\u00fcqayis\u0259 \u00fc\u00e7\u00fcn qeyd ed\u0259k ki, 2022-ci ilin yekununda illik d\u00f6vriyy\u0259 273 milyon 834,22 min dollar olub. Bunun 50,9 milyon dollar\u0131 Fransan\u0131n idxal\u0131n\u0131n, 222,8 milyon dollar\u0131 Az\u0259rbaycan\u0131n idxal\u0131n\u0131n pay\u0131na d\u00fc\u015f\u00fcb. 2021-ci ild\u0259 qar\u015f\u0131l\u0131ql\u0131 d\u00f6vriyy\u0259 245 milyon 463 min dollar olmu\u015fdu.<\/p>\n<p>Az\u0259rbaycan\u0131n Fransadan idxal\u0131n\u0131n m\u00fch\u00fcm hiss\u0259sini insulin t\u0259rkibli v\u0259 dig\u0259r d\u0259rman preparatlar\u0131, \u0259tir v\u0259 kosmetik vasit\u0259l\u0259r, t\u0259rkibind\u0259 aktiv komponent kimi qiym\u0259tli metallar v\u0259 ya onun birl\u0259\u015fm\u0259l\u0259ri olan katalizatorlar, T\u0259rkibind\u0259 dig\u0259r bitumlu minerallardan v\u0259 onlar\u0131n duzlar\u0131ndan al\u0131nm\u0131\u015f tiofenl\u0259\u015fmi\u015f ya\u011flar, bitumlu s\u00fcxurlardan \u0259ld\u0259 edilmi\u015f ya\u011flar\u0131n tiofenl\u0259\u015fdirilmi\u015f sulfotur\u015fular\u0131 v\u0259 onlar\u0131n duzlar\u0131, k\u0259nd t\u0259s\u0259rr\u00fcfat\u0131 texnikas\u0131, rabit\u0259 avadanl\u0131qlar\u0131 v\u0259 sair t\u0259\u015fkil edir.<\/p>\n<p>Fransaya ixracda is\u0259 neft v\u0259 neft m\u0259hsullar\u0131 apar\u0131c\u0131 paya malikdir. Bu ilin yanvar-oktyabr aylar\u0131nda Az\u0259rbaycan Fransaya 57 milyon 85 min AB\u015e dollar\u0131 d\u0259y\u0259rind\u0259 89 min 712 min ton bitumlu s\u00fcxurlardan \u0259ld\u0259 edilmi\u015f xam neft v\u0259 neft m\u0259hsullar\u0131 ixrac edib. Bu, \u00f6t\u0259n ilin m\u00fcvafiq d\u00f6vr\u00fc il\u0259 m\u00fcqayis\u0259d\u0259 d\u0259y\u0259r ifad\u0259sind\u0259 61 milyon 554 min AB\u015e dollar\u0131 (51,9 faiz), h\u0259cmc\u0259 is\u0259 109 min 294 ton (54,9 faiz) azd\u0131r.<\/p>\n<p>Onu da bildir\u0259k ki, 2020-ci il V\u0259t\u0259n M\u00fcharib\u0259sind\u0259 Az\u0259rbaycan\u0131n qalib g\u0259lm\u0259sind\u0259n sonra Fransada m\u00fcxt\u0259lif s\u0259viyy\u0259l\u0259rd\u0259 \u00f6lk\u0259miz\u0259 qar\u015f\u0131 sanksiya t\u0259tbiqi, iqtisadi \u0259laq\u0259l\u0259rin dayand\u0131r\u0131lmas\u0131 \u00e7a\u011f\u0131r\u0131\u015flar\u0131 s\u0259sl\u0259ndirilib. Eyni zamanda Fransa Senat\u0131 bel\u0259 t\u0259l\u0259bl\u0259ri n\u0259z\u0259rd\u0259 tutan q\u0259tnam\u0259 q\u0259bul edib. Buna cavab olaraq bu ilin yanvar\u0131nda Milli M\u0259clisin Beyn\u0259lxalq m\u00fcnasib\u0259tl\u0259r v\u0259 parlamentl\u0259raras\u0131 \u0259laq\u0259l\u0259r komit\u0259si b\u0259yanat q\u0259bul edib. B\u0259yanatda komit\u0259 Fransan\u0131n davaml\u0131 anti-Az\u0259rbaycan f\u0259aliyy\u0259tini n\u0259z\u0259r\u0259 alaraq, Az\u0259rbaycan Respublikas\u0131 H\u00f6kum\u0259tin\u0259 bir s\u0131ra t\u0259dbirl\u0259rin g\u00f6r\u00fclm\u0259si il\u0259 ba\u011fl\u0131 \u00e7a\u011f\u0131r\u0131\u015f edib Bura Fransaya qar\u015f\u0131 sanksiyalar t\u0259tbiq edim\u0259si; Fransa r\u0259smil\u0259rinin Az\u0259rbaycanda h\u0259r hans\u0131 aktivl\u0259ri a\u015fkar edildikd\u0259 dondurulmas\u0131; Fransa il\u0259 b\u00fct\u00fcn iqtisadi \u0259laq\u0259l\u0259rin dayand\u0131r\u0131lmas\u0131; Total da daxil olmaqla, b\u00fct\u00fcn Fransa \u015firk\u0259tl\u0259rinin Az\u0259rbaycandan \u00e7\u0131xar\u0131lmas\u0131 v\u0259 Fransa \u015firk\u0259tl\u0259rinin Az\u0259rbaycan d\u00f6vl\u0259tinin sifari\u015fi il\u0259 h\u0259yata ke\u00e7iril\u0259n h\u0259r hans\u0131 layih\u0259d\u0259 i\u015ftirak\u0131na yol verilm\u0259m\u0259sidir.<\/p>\n<p>2023-c\u00fc ilin sentyabr\u0131nda antiterror \u0259m\u0259liyyat\u0131 il\u0259 Qaraba\u011fda separat\u00e7\u0131l\u0131\u011f\u0131n k\u00f6k\u00fc k\u0259sildikd\u0259n sonra is\u0259 Fransan\u0131n q\u0259r\u0259zi ifrat h\u0259dd\u0259 \u00e7at\u0131b, Paris \u0259lind\u0259 olan b\u00fct\u00fcn imkanlardan \u00f6lk\u0259miz\u0259 qar\u015f\u0131 istifad\u0259 etm\u0259y\u0259 \u00e7al\u0131\u015f\u0131r.<\/p>\n<p>Bu fonda Fransa Az\u0259rbaycandan neft al\u0131\u015f\u0131n\u0131 azaltsa da, onun enerji \u015firk\u0259ti TotalEnergies \u00f6lk\u0259nin ikinci b\u00f6y\u00fck qaz yata\u011f\u0131 olan \u201cAb\u015feron\u201dda, h\u0259m\u00e7inin Bak\u0131-Tiflis-Ceyhan \u0259sas ixrac boru k\u0259m\u0259rind\u0259 i\u015ftirak\u0131n\u0131 davam etdirir. Hans\u0131 ki, Ab\u015feron yata\u011f\u0131n\u0131n i\u015fl\u0259nm\u0259si layih\u0259sinin on ild\u0259n yuxar\u0131 yubanmas\u0131nda m\u0259suliyy\u0259t bilavasit\u0259 Fransa \u015firk\u0259tinin \u00fcz\u0259rind\u0259dir. M\u0259hz Total-\u0131n Az\u0259rbaycandan m\u00fcmk\u00fcn q\u0259d\u0259r \u00e7ox g\u00fcz\u0259\u015ft qoparmaq, \u00f6lk\u0259nin m\u0259nafel\u0259rin\u0259 zidd olaraq layih\u0259d\u0259n daha \u00e7ox qazanc g\u00f6t\u00fcrm\u0259k niyy\u0259ti uzun m\u00fcdd\u0259t \u0259rzind\u0259 yataqdan ilk qaz\u0131n \u0259ld\u0259 olunmas\u0131na imkan verm\u0259di.<\/p>\n<p>Qeyd ed\u0259k ki, &#8220;Ab\u015feron&#8221; yata\u011f\u0131 Az\u0259rbaycan geoloqlar\u0131 t\u0259r\u0259find\u0259n 1960-c\u0131 ill\u0259rd\u0259 k\u0259\u015ff edilib. Yataqda qaz h\u0259cminin 350 milyard kubmetr oldu\u011fu bildirilir. Bu, X\u0259z\u0259r d\u0259nizind\u0259 &#8220;\u015eahd\u0259niz&#8221; yata\u011f\u0131ndan sonra ikinci b\u00f6y\u00fck qaz yata\u011f\u0131d\u0131r. &#8220;Ab\u015feron&#8221; yata\u011f\u0131 \u00fczr\u0259 2009-cu ild\u0259 Fransan\u0131n &#8220;Total&#8221; \u015firk\u0259ti il\u0259 Az\u0259rbaycan D\u00f6vl\u0259t Neft \u015eirk\u0259ti aras\u0131nda hasilat\u0131n pay b\u00f6lg\u00fcs\u00fc sazi\u015fi imzalan\u0131b. 2011-ci ilin sentyabr\u0131nda &#8220;Total&#8221; \u015firk\u0259ti &#8220;Ab\u015feron&#8221; yata\u011f\u0131nda b\u00f6y\u00fck qaz ehtiyatlar\u0131n\u0131n k\u0259\u015ff edildiyi bar\u0259d\u0259 m\u0259lumat yay\u0131b.<\/p>\n<p>Yataqdan ilk qaz 2023-c\u00fc ilin iyulunda \u0259ld\u0259 olunub. El\u0259 h\u0259min ilin avqustunda Abu Dabi Milli Neft \u015eirk\u0259ti (ADNOC) il\u0259 &#8220;Ab\u015feron&#8221; qaz-kondensat yata\u011f\u0131nda 30 faizlik i\u015ftirak pay\u0131n\u0131n al\u0131nmas\u0131na dair Sazi\u015f imzalan\u0131b. Sat\u0131nalma tamamland\u0131qdan sonra SOCAR v\u0259 &#8220;TotalEnergies&#8221; \u015firk\u0259tl\u0259rinin h\u0259r birinin i\u015ftirak paylar\u0131 m\u00fcvafiq olaraq 35 faiz t\u0259\u015fkil edir.<br \/>\nYata\u011f\u0131n i\u015fl\u0259nm\u0259sinin birinci m\u0259rh\u0259l\u0259sind\u0259 ild\u0259 1,5 milyard kubmetr qaz v\u0259 750 min ton kondensat hasilat\u0131 n\u0259z\u0259rd\u0259 tutulur. N\u00f6vb\u0259ti ill\u0259rd\u0259 is\u0259 burada illik hasilat\u0131n \u0259n az\u0131 4 milyard kubmetr\u0259 q\u0259d\u0259r art\u0131r\u0131laca\u011f\u0131 g\u00f6zl\u0259nilir.<\/p>\n<p>Bu il \u201cAb\u015feron\u201d yata\u011f\u0131ndan 1,5 milyard kubmetr qaz v\u0259 523 min ton qaz kondensat\u0131n hasil edil\u0259c\u0259yi n\u0259z\u0259rd\u0259 tutulur.<br \/>\nYata\u011f\u0131n i\u015fl\u0259nm\u0259sinin birinci m\u0259rh\u0259l\u0259sind\u0259 \u0259ld\u0259 olunan qaz daxili bazara y\u00f6n\u0259ldilir. \u0130kinci m\u0259rh\u0259l\u0259d\u0259 \u0259ld\u0259 olunacaq h\u0259cml\u0259r is\u0259 ixraca y\u00f6n\u0259ldil\u0259c\u0259k. Yekun investisiya q\u0259rar\u0131n\u0131n n\u0259z\u0259rd\u0259 tutulmu\u015f vaxtda q\u0259bul edilm\u0259si \u201cAb\u015feron\u201d yata\u011f\u0131n\u0131n tammiqyasl\u0131 i\u015fl\u0259nilm\u0259si \u00e7\u0259r\u00e7iv\u0259sind\u0259 ilk qaz\u0131n 2028-ci ild\u0259 \u0259ld\u0259 olunmas\u0131na imkan yaradacaq. Bu m\u0259rh\u0259l\u0259 \u00e7\u0259r\u00e7iv\u0259sind\u0259 yataqdan ild\u0259 5-6 milyard kubmetr qaz\u0131n \u00e7\u0131xar\u0131lmas\u0131 n\u0259z\u0259rd\u0259 tutulur.<\/p>\n<p>ADNOC-un layih\u0259y\u0259 qo\u015fulmas\u0131 yata\u011f\u0131n i\u015fl\u0259nm\u0259si layih\u0259sinin icras\u0131nda Fransa \u015firk\u0259tind\u0259n as\u0131l\u0131l\u0131\u011f\u0131 z\u0259ifl\u0259tm\u0259kl\u0259 prosesl\u0259rin s\u00fcr\u0259tl\u0259nm\u0259sin\u0259 imkan yarad\u0131r. SOCAR-\u0131n vitse-prezidenti Bab\u0259k H\u00fcseynovun verdiyi m\u0259lumata g\u00f6r\u0259, \u201cAb\u015feron\u201d qaz-kondensat yata\u011f\u0131n\u0131n i\u015fl\u0259nilm\u0259si layih\u0259sinin ikinci m\u0259rh\u0259l\u0259si \u00fczr\u0259 investisiya q\u0259rar\u0131 bu ilin sonuna q\u0259d\u0259r veril\u0259 bil\u0259r. Vitse-prezident qeyd edib ki, Abu Dabi Milli Neft \u015eirk\u0259tinin (ADNOC) bu layih\u0259y\u0259 daxil olmas\u0131 SOCAR \u00fc\u00e7\u00fcn \u0259la d\u0259st\u0259kdir: \u201cD\u00f6vl\u0259t Neft \u015eirk\u0259ti ikinci m\u0259rh\u0259l\u0259 \u00e7\u0259r\u00e7iv\u0259sind\u0259 ilk qaz\u0131n planla\u015fd\u0131r\u0131lan m\u00fcdd\u0259td\u0259 \u0259ld\u0259 edilm\u0259sin\u0259 \u00fcmid b\u0259sl\u0259yir. \u0130lk qaz\u0131n m\u00fc\u0259yy\u0259n olunan m\u00fcdd\u0259td\u0259 \u0259ld\u0259 edilm\u0259si \u00fc\u00e7\u00fcn operatorla \u00e7ox s\u0131x \u0259m\u0259kda\u015fl\u0131q edirik v\u0259 Fransan\u0131n &#8220;Total&#8221; \u015firk\u0259ti bu istiqam\u0259td\u0259 \u00fcz\u0259rin\u0259 d\u00fc\u015f\u0259n m\u0259suliyy\u0259ti ba\u015fa d\u00fc\u015f\u00fcr\u201d.<\/p>\n<p>Fransan\u0131n Az\u0259rbaycandak\u0131 iqtisadi maraqlar\u0131 neft-qaz sektorundan k\u0259narda da yet\u0259rinc\u0259 t\u0259min olunur. Bu g\u00fcn Az\u0259rbaycanda i\u015fl\u0259y\u0259n 60-a q\u0259d\u0259r Fransa \u015firk\u0259ti aras\u0131nda \u201cAlstom\u201d, \u201cThales\u201d, \u201cSchneider-Electric\u201d, \u201cSuez\u201d, \u201cTechnip\u201d, \u201cTotal\u201d, \u201cLafarge-Holcim\u201d kimi tan\u0131nm\u0131\u015f, \u00f6z lobbi qruplar\u0131 olan, Fransa siyas\u0259tin\u0259 t\u0259sir ed\u0259 bil\u0259c\u0259k \u015firk\u0259tl\u0259r var. Fransan\u0131n \u201cAlstom Transportation S.A.\u201d \u015firk\u0259ti il\u0259 \u201cAz\u0259rbaycan D\u0259mir Yollar\u0131\u201d QSC aras\u0131nda 12 may 2014-c\u00fc il tarixd\u0259 m\u00fcqavil\u0259 imzalan\u0131b. H\u0259min m\u00fcqavil\u0259nin t\u0259rkib hiss\u0259si kimi \u201cAlstom\u201d \u015firk\u0259ti ADY \u00fc\u00e7\u00fcn 10 \u0259d\u0259d Prima M4 (AZ4A) s\u0259rni\u015fin lokomotivi istehsal etm\u0259li idi. \u0130lk lokomotiv 2017-ci ild\u0259 ADY-y\u0259 t\u0259qdim olunub. 2018-ci ild\u0259 1, 2019-cu ild\u0259 is\u0259 qalan 8 lokomotiv Az\u0259rbaycana g\u0259tirilib. Onlar\u0131n \u00fcmumi d\u0259y\u0259ri 54 milyon 460,33 min dollar t\u0259\u015fkil edib.<\/p>\n<p>Fransa biznesi siyas\u0259t\u00e7il\u0259rd\u0259n f\u0259rqli olaraq, Az\u0259rbaycanla \u0259laq\u0259l\u0259rin \u00fcz\u00fclm\u0259sind\u0259 deyil, daha da inki\u015faf\u0131nda maraql\u0131d\u0131r. Bu mara\u011f\u0131 2022-ci ilin aprelind\u0259 7 mind\u0259n yuxar\u0131 iri Fransa \u015firk\u0259tini birl\u0259\u015fdir\u0259n Fransa Sahibkarlar T\u0259\u015fkilat\u0131 \u2013 \u201cMEDEF International\u201d\u0131n direktoru Filip Qotyenin r\u0259hb\u0259rlik etdiyi, m\u00fcxt\u0259lif sah\u0259l\u0259rd\u0259 f\u0259aliyy\u0259t g\u00f6st\u0259r\u0259n 15-d\u0259n \u00e7ox frans\u0131z \u015firk\u0259tinin t\u0259msil olundu\u011fu n\u00fcmay\u0259nd\u0259 hey\u0259tinin Az\u0259rbaycana s\u0259f\u0259ri d\u0259 ortaya qoyur.<\/p>\n<p>Bundan \u0259lav\u0259, Fransan\u0131n \u0130nki\u015faf Agentliyi olan AFD Az\u0259rbaycana kredit ay\u0131r\u0131b, ondan g\u0259lir \u0259ld\u0259 edir. AFD \u201cAz\u0259rbaycan 2030: g\u0259l\u0259c\u0259y\u0259 bax\u0131\u015f konsepsiyas\u0131\u201dna d\u0259st\u0259k olaraq, iqlim d\u0259yi\u015fikliyi, \u015f\u0259h\u0259rl\u0259rin dayan\u0131ql\u0131 inki\u015faf\u0131, regional inki\u015faf v\u0259 su ehtiyatlar\u0131n\u0131n idar\u0259 edilm\u0259si m\u00f6vzular\u0131 \u0259traf\u0131nda \u00e7oxillik proqram\u0131 \u00e7\u0259r\u00e7iv\u0259sind\u0259 2015-ci ild\u0259n b\u0259ri Az\u0259rbaycanda m\u00fcxt\u0259lif layih\u0259l\u0259r\u0259 276 milyon avro ay\u0131r\u0131b.<\/p>\n<p>Asiya \u0130nki\u015faf Bank\u0131 il\u0259 \u0259m\u0259kda\u015fl\u0131q \u00e7\u0259r\u00e7iv\u0259sind\u0259 AFD 2018-ci ild\u0259n Sumqay\u0131t-Yalama d\u0259mir yolu x\u0259ttinin yenil\u0259nm\u0259sin\u0259 d\u0259st\u0259k verir. \u0130\u015fl\u0259r y\u00fckl\u0259rin v\u0259 s\u0259rni\u015finl\u0259rin s\u00fcr\u0259tli v\u0259 t\u0259hl\u00fck\u0259siz da\u015f\u0131nmas\u0131n\u0131 t\u0259min etm\u0259k m\u0259qs\u0259di il\u0259 166,5 km ikix\u0259tli d\u0259mir yolu x\u0259ttinin yenil\u0259nm\u0259sini n\u0259z\u0259rd\u0259 tutur. Bu layih\u0259nin maliyy\u0259l\u0259\u015fm\u0259sin\u0259 AFD 175 milyon dollar ay\u0131r\u0131b. Ayd\u0131n m\u0259s\u0259l\u0259dir ki, bu v\u0259saitl\u0259ri he\u00e7 biri faizsiz verilmir, Fransa t\u0259r\u0259finin g\u0259liri olmasayd\u0131, Az\u0259rbaycana kredit ay\u0131rmaq a\u011fl\u0131na bel\u0259 g\u0259lm\u0259zdi.<\/p>\n<p>Prosesl\u0259rin gedi\u015fi g\u00f6st\u0259rir ki, Fransan\u0131n d\u00fc\u015fm\u0259n\u00e7ilik siyas\u0259tinin davam etdirm\u0259si qar\u015f\u0131l\u0131ql\u0131 iqtisadi \u0259laq\u0259l\u0259rin daha da z\u0259ifl\u0259m\u0259sin\u0259 s\u0259b\u0259b olacaq. N\u0259z\u0259r\u0259 alsaq ki, qar\u015f\u0131l\u0131ql\u0131 ticar\u0259t d\u00f6vriyy\u0259sind\u0259 \u0259sas paya Az\u0259rbaycan\u0131n idxal\u0131 malikdir, onda rahatl\u0131qla dem\u0259k olar ki, ticar\u0259tin z\u0259ifl\u0259m\u0259sind\u0259n Fransan\u0131n \u00f6z\u00fc, \u00f6z biznesi daha \u00e7ox z\u0259r\u0259r g\u00f6r\u00fcr. \u00c7\u00fcnki ticar\u0259tin \u0259sas\u0131nda Az\u0259rbaycan\u0131n bu \u00f6lk\u0259d\u0259n idxal\u0131 dayan\u0131r. Bu g\u00fcn Fransadan al\u0131nan mallar\u0131n dig\u0259r \u00f6lk\u0259l\u0259rd\u0259n t\u0259dar\u00fck\u00fcn\u00fc yoluna qoymaq el\u0259 b\u00f6y\u00fck vaxt, h\u0259r hans\u0131 \u0259lav\u0259 resurs t\u0259l\u0259b etmir.<\/p>\n","protected":false},"excerpt":{"rendered":"<p>Paris Az\u0259rbaycandan neft al\u0131\u015f\u0131n\u0131 azaltsa da, onun enerji \u015firk\u0259ti qaz yata\u011f\u0131 \u201cAb\u015feron\u201dda, h\u0259m\u00e7inin Bak\u0131-Tiflis-Ceyhan \u0259sas ixrac boru k\u0259m\u0259rind\u0259 i\u015ftirak\u0131n\u0131 davam etdirir Az\u0259rbaycan\u0131n ona qar\u015f\u0131 q\u0259r\u0259zli v\u0259 d\u00fc\u015fm\u0259n\u00e7ilik m\u00fcnasib\u0259ti il\u0259 \u00f6nd\u0259 ged\u0259n Fransa il\u0259 iqtisadi \u0259laq\u0259l\u0259rind\u0259 ciddi azalma m\u00fc\u015fahid\u0259 olunmaqdad\u0131r. D\u00f6vl\u0259t G\u00f6mr\u00fck Komit\u0259sinin xarici ticar\u0259t statistikas\u0131na \u0259sas\u0259n bu ilin 10 ay\u0131nda Fransadan idxal 199 milyon 405.06 min dollar, ixrac is\u0259 64 milyon 312.35 min dollar olmaqla qar\u015f\u0131l\u0131ql\u0131 ticar\u0259t d\u00f6vriyy\u0259si 263 milyon 717,41 min dollar t\u0259\u015fkil edib. \u00d6t\u0259n ilin eyni d\u00f6vr\u00fcnd\u0259 368 milyon 16.02 min dollarl\u0131q idxal, 128 milyon 785 min dollarl\u0131q&hellip;<\/p>\n","protected":false},"author":2,"featured_media":772669,"comment_status":"closed","ping_status":"closed","sticky":false,"template":"","format":"standard","meta":{"om_disable_all_campaigns":false,"_monsterinsights_skip_tracking":false,"_monsterinsights_sitenote_active":false,"_monsterinsights_sitenote_note":"","_monsterinsights_sitenote_category":0},"categories":[19],"tags":[],"aioseo_notices":[],"gutentor_comment":0,"rttpg_featured_image_url":{"full":["https:\/\/arantv.az\/wp-content\/uploads\/2024\/12\/7c7b494e5c1c379fdc33fc291deeee1b.jpg",870,500,false],"landscape":["https:\/\/arantv.az\/wp-content\/uploads\/2024\/12\/7c7b494e5c1c379fdc33fc291deeee1b.jpg",870,500,false],"portraits":["https:\/\/arantv.az\/wp-content\/uploads\/2024\/12\/7c7b494e5c1c379fdc33fc291deeee1b.jpg",870,500,false],"thumbnail":["https:\/\/arantv.az\/wp-content\/uploads\/2024\/12\/7c7b494e5c1c379fdc33fc291deeee1b-500x280.jpg",500,280,true],"medium":["https:\/\/arantv.az\/wp-content\/uploads\/2024\/12\/7c7b494e5c1c379fdc33fc291deeee1b-635x365.jpg",635,365,true],"large":["https:\/\/arantv.az\/wp-content\/uploads\/2024\/12\/7c7b494e5c1c379fdc33fc291deeee1b-840x483.jpg",640,368,true],"1536x1536":["https:\/\/arantv.az\/wp-content\/uploads\/2024\/12\/7c7b494e5c1c379fdc33fc291deeee1b.jpg",870,500,false],"2048x2048":["https:\/\/arantv.az\/wp-content\/uploads\/2024\/12\/7c7b494e5c1c379fdc33fc291deeee1b.jpg",870,500,false],"post-thumbnail":["https:\/\/arantv.az\/wp-content\/uploads\/2024\/12\/7c7b494e5c1c379fdc33fc291deeee1b-240x172.jpg",240,172,true],"advps-thumb-one":["https:\/\/arantv.az\/wp-content\/uploads\/2024\/12\/7c7b494e5c1c379fdc33fc291deeee1b.jpg",870,500,false]},"rttpg_author":{"display_name":"V\u00fcsal Rafiqo\u011flu","author_link":"https:\/\/arantv.az\/?author=2"},"rttpg_comment":0,"rttpg_category":"<a href=\"https:\/\/arantv.az\/?cat=19\" rel=\"category\">G\u00fcnd\u0259m<\/a>","rttpg_excerpt":"Paris Az\u0259rbaycandan neft al\u0131\u015f\u0131n\u0131 azaltsa da, onun enerji \u015firk\u0259ti qaz yata\u011f\u0131 \u201cAb\u015feron\u201dda, h\u0259m\u00e7inin Bak\u0131-Tiflis-Ceyhan \u0259sas ixrac boru k\u0259m\u0259rind\u0259 i\u015ftirak\u0131n\u0131 davam etdirir Az\u0259rbaycan\u0131n ona qar\u015f\u0131 q\u0259r\u0259zli v\u0259 d\u00fc\u015fm\u0259n\u00e7ilik m\u00fcnasib\u0259ti il\u0259 \u00f6nd\u0259 ged\u0259n Fransa il\u0259 iqtisadi \u0259laq\u0259l\u0259rind\u0259 ciddi azalma m\u00fc\u015fahid\u0259 olunmaqdad\u0131r. D\u00f6vl\u0259t G\u00f6mr\u00fck Komit\u0259sinin xarici ticar\u0259t statistikas\u0131na \u0259sas\u0259n bu ilin 10 ay\u0131nda Fransadan idxal 199 milyon 405.06&hellip;","_links":{"self":[{"href":"https:\/\/arantv.az\/index.php?rest_route=\/wp\/v2\/posts\/772641"}],"collection":[{"href":"https:\/\/arantv.az\/index.php?rest_route=\/wp\/v2\/posts"}],"about":[{"href":"https:\/\/arantv.az\/index.php?rest_route=\/wp\/v2\/types\/post"}],"author":[{"embeddable":true,"href":"https:\/\/arantv.az\/index.php?rest_route=\/wp\/v2\/users\/2"}],"replies":[{"embeddable":true,"href":"https:\/\/arantv.az\/index.php?rest_route=%2Fwp%2Fv2%2Fcomments&post=772641"}],"version-history":[{"count":1,"href":"https:\/\/arantv.az\/index.php?rest_route=\/wp\/v2\/posts\/772641\/revisions"}],"predecessor-version":[{"id":772670,"href":"https:\/\/arantv.az\/index.php?rest_route=\/wp\/v2\/posts\/772641\/revisions\/772670"}],"wp:featuredmedia":[{"embeddable":true,"href":"https:\/\/arantv.az\/index.php?rest_route=\/wp\/v2\/media\/772669"}],"wp:attachment":[{"href":"https:\/\/arantv.az\/index.php?rest_route=%2Fwp%2Fv2%2Fmedia&parent=772641"}],"wp:term":[{"taxonomy":"category","embeddable":true,"href":"https:\/\/arantv.az\/index.php?rest_route=%2Fwp%2Fv2%2Fcategories&post=772641"},{"taxonomy":"post_tag","embeddable":true,"href":"https:\/\/arantv.az\/index.php?rest_route=%2Fwp%2Fv2%2Ftags&post=772641"}],"curies":[{"name":"wp","href":"https:\/\/api.w.org\/{rel}","templated":true}]}}