{"id":772642,"date":"2024-12-03T10:13:54","date_gmt":"2024-12-03T06:13:54","guid":{"rendered":"https:\/\/arantv.az\/?p=772642"},"modified":"2024-12-03T10:13:54","modified_gmt":"2024-12-03T06:13:54","slug":"ceyhun-bayramov-irana-getdi","status":"publish","type":"post","link":"https:\/\/arantv.az\/?p=772642","title":{"rendered":"Ceyhun Bayramov \u0130rana GETD\u0130"},"content":{"rendered":"<p>Dekabr\u0131n 3-d\u0259 Az\u0259rbaycan\u0131n xarici i\u015fl\u0259r naziri Ceyhun Bayramov \u0130qtisadi \u018fm\u0259kda\u015fl\u0131q T\u0259\u015fkilat\u0131n\u0131n Xarici \u0130\u015fl\u0259r Nazirl\u0259ri \u015euras\u0131n\u0131n 28-ci iclas\u0131nda i\u015ftirak etm\u0259k m\u0259qs\u0259dil\u0259 \u0130ran \u0130slam Respublikas\u0131n\u0131n M\u0259\u015fh\u0259d \u015f\u0259h\u0259rin\u0259 i\u015fg\u00fczar s\u0259f\u0259r\u0259 yola d\u00fc\u015f\u00fcb.<\/p>\n<p>&nbsp;<\/p>\n<p>Bu bar\u0259d\u0259 Musavat.com-a Xarici \u0130\u015fl\u0259r Nazirliyind\u0259n bildirilib.<\/p>\n<p>&nbsp;<\/p>\n<p>S\u0259f\u0259r \u00e7\u0259r\u00e7iv\u0259sind\u0259 nazir Ceyhun Bayramovun Xarici \u0130\u015fl\u0259r Nazirl\u0259ri \u015euras\u0131n\u0131n iclas\u0131nda \u00e7\u0131x\u0131\u015f\u0131 v\u0259 ikit\u0259r\u0259fli g\u00f6r\u00fc\u015fl\u0259rinin ke\u00e7irilm\u0259si n\u0259z\u0259rd\u0259 tutulub.<\/p>\n","protected":false},"excerpt":{"rendered":"<p>Dekabr\u0131n 3-d\u0259 Az\u0259rbaycan\u0131n xarici i\u015fl\u0259r naziri Ceyhun Bayramov \u0130qtisadi \u018fm\u0259kda\u015fl\u0131q T\u0259\u015fkilat\u0131n\u0131n Xarici \u0130\u015fl\u0259r Nazirl\u0259ri \u015euras\u0131n\u0131n 28-ci iclas\u0131nda i\u015ftirak etm\u0259k m\u0259qs\u0259dil\u0259 \u0130ran \u0130slam Respublikas\u0131n\u0131n M\u0259\u015fh\u0259d \u015f\u0259h\u0259rin\u0259 i\u015fg\u00fczar s\u0259f\u0259r\u0259 yola d\u00fc\u015f\u00fcb. &nbsp; Bu bar\u0259d\u0259 Musavat.com-a Xarici \u0130\u015fl\u0259r Nazirliyind\u0259n bildirilib. &nbsp; S\u0259f\u0259r \u00e7\u0259r\u00e7iv\u0259sind\u0259 nazir Ceyhun Bayramovun Xarici \u0130\u015fl\u0259r Nazirl\u0259ri \u015euras\u0131n\u0131n iclas\u0131nda \u00e7\u0131x\u0131\u015f\u0131 v\u0259 ikit\u0259r\u0259fli g\u00f6r\u00fc\u015fl\u0259rinin ke\u00e7irilm\u0259si n\u0259z\u0259rd\u0259 tutulub.<\/p>\n","protected":false},"author":2,"featured_media":772643,"comment_status":"closed","ping_status":"closed","sticky":false,"template":"","format":"standard","meta":{"om_disable_all_campaigns":false,"_monsterinsights_skip_tracking":false,"_monsterinsights_sitenote_active":false,"_monsterinsights_sitenote_note":"","_monsterinsights_sitenote_category":0},"categories":[4],"tags":[],"aioseo_notices":[],"gutentor_comment":0,"rttpg_featured_image_url":{"full":["https:\/\/arantv.az\/wp-content\/uploads\/2024\/12\/c8ea38147c289b46732dd4eccfcccf58.jpg",850,500,false],"landscape":["https:\/\/arantv.az\/wp-content\/uploads\/2024\/12\/c8ea38147c289b46732dd4eccfcccf58.jpg",850,500,false],"portraits":["https:\/\/arantv.az\/wp-content\/uploads\/2024\/12\/c8ea38147c289b46732dd4eccfcccf58.jpg",850,500,false],"thumbnail":["https:\/\/arantv.az\/wp-content\/uploads\/2024\/12\/c8ea38147c289b46732dd4eccfcccf58-500x280.jpg",500,280,true],"medium":["https:\/\/arantv.az\/wp-content\/uploads\/2024\/12\/c8ea38147c289b46732dd4eccfcccf58-621x365.jpg",621,365,true],"large":["https:\/\/arantv.az\/wp-content\/uploads\/2024\/12\/c8ea38147c289b46732dd4eccfcccf58-840x494.jpg",640,376,true],"1536x1536":["https:\/\/arantv.az\/wp-content\/uploads\/2024\/12\/c8ea38147c289b46732dd4eccfcccf58.jpg",850,500,false],"2048x2048":["https:\/\/arantv.az\/wp-content\/uploads\/2024\/12\/c8ea38147c289b46732dd4eccfcccf58.jpg",850,500,false],"post-thumbnail":["https:\/\/arantv.az\/wp-content\/uploads\/2024\/12\/c8ea38147c289b46732dd4eccfcccf58-240x172.jpg",240,172,true],"advps-thumb-one":["https:\/\/arantv.az\/wp-content\/uploads\/2024\/12\/c8ea38147c289b46732dd4eccfcccf58.jpg",850,500,false]},"rttpg_author":{"display_name":"V\u00fcsal Rafiqo\u011flu","author_link":"https:\/\/arantv.az\/?author=2"},"rttpg_comment":0,"rttpg_category":"<a href=\"https:\/\/arantv.az\/?cat=4\" rel=\"category\">Siyas\u0259t<\/a>","rttpg_excerpt":"Dekabr\u0131n 3-d\u0259 Az\u0259rbaycan\u0131n xarici i\u015fl\u0259r naziri Ceyhun Bayramov \u0130qtisadi \u018fm\u0259kda\u015fl\u0131q T\u0259\u015fkilat\u0131n\u0131n Xarici \u0130\u015fl\u0259r Nazirl\u0259ri \u015euras\u0131n\u0131n 28-ci iclas\u0131nda i\u015ftirak etm\u0259k m\u0259qs\u0259dil\u0259 \u0130ran \u0130slam Respublikas\u0131n\u0131n M\u0259\u015fh\u0259d \u015f\u0259h\u0259rin\u0259 i\u015fg\u00fczar s\u0259f\u0259r\u0259 yola d\u00fc\u015f\u00fcb. &nbsp; Bu bar\u0259d\u0259 Musavat.com-a Xarici \u0130\u015fl\u0259r Nazirliyind\u0259n bildirilib. &nbsp; S\u0259f\u0259r \u00e7\u0259r\u00e7iv\u0259sind\u0259 nazir Ceyhun Bayramovun Xarici \u0130\u015fl\u0259r Nazirl\u0259ri \u015euras\u0131n\u0131n iclas\u0131nda \u00e7\u0131x\u0131\u015f\u0131 v\u0259 ikit\u0259r\u0259fli g\u00f6r\u00fc\u015fl\u0259rinin ke\u00e7irilm\u0259si n\u0259z\u0259rd\u0259 tutulub.","_links":{"self":[{"href":"https:\/\/arantv.az\/index.php?rest_route=\/wp\/v2\/posts\/772642"}],"collection":[{"href":"https:\/\/arantv.az\/index.php?rest_route=\/wp\/v2\/posts"}],"about":[{"href":"https:\/\/arantv.az\/index.php?rest_route=\/wp\/v2\/types\/post"}],"author":[{"embeddable":true,"href":"https:\/\/arantv.az\/index.php?rest_route=\/wp\/v2\/users\/2"}],"replies":[{"embeddable":true,"href":"https:\/\/arantv.az\/index.php?rest_route=%2Fwp%2Fv2%2Fcomments&post=772642"}],"version-history":[{"count":1,"href":"https:\/\/arantv.az\/index.php?rest_route=\/wp\/v2\/posts\/772642\/revisions"}],"predecessor-version":[{"id":772644,"href":"https:\/\/arantv.az\/index.php?rest_route=\/wp\/v2\/posts\/772642\/revisions\/772644"}],"wp:featuredmedia":[{"embeddable":true,"href":"https:\/\/arantv.az\/index.php?rest_route=\/wp\/v2\/media\/772643"}],"wp:attachment":[{"href":"https:\/\/arantv.az\/index.php?rest_route=%2Fwp%2Fv2%2Fmedia&parent=772642"}],"wp:term":[{"taxonomy":"category","embeddable":true,"href":"https:\/\/arantv.az\/index.php?rest_route=%2Fwp%2Fv2%2Fcategories&post=772642"},{"taxonomy":"post_tag","embeddable":true,"href":"https:\/\/arantv.az\/index.php?rest_route=%2Fwp%2Fv2%2Ftags&post=772642"}],"curies":[{"name":"wp","href":"https:\/\/api.w.org\/{rel}","templated":true}]}}