{"id":772653,"date":"2024-12-03T14:00:44","date_gmt":"2024-12-03T10:00:44","guid":{"rendered":"https:\/\/arantv.az\/?p=772653"},"modified":"2024-12-03T14:00:44","modified_gmt":"2024-12-03T10:00:44","slug":"pensiya-v%c9%99-muavin%c9%99tl%c9%99rin-od%c9%99nisi-il%c9%99-bagli-vacib-x%c9%99b%c9%99r","status":"publish","type":"post","link":"https:\/\/arantv.az\/?p=772653","title":{"rendered":"Pensiya v\u0259 m\u00fcavin\u0259tl\u0259rin \u00f6d\u0259ni\u015fi il\u0259 ba\u011fl\u0131 VAC\u0130B X\u018fB\u018fR"},"content":{"rendered":"<p>\u018fm\u0259k v\u0259 \u018fhalinin Sosial M\u00fcdafi\u0259si Nazirliyinin tabeliyind\u0259 D\u00f6vl\u0259t Sosial M\u00fcdafi\u0259 Fondu bu g\u00fcn noyabr ay\u0131n\u0131n m\u00fcavin\u0259t, t\u0259qa\u00fcd v\u0259 \u00fcnvanl\u0131 d\u00f6vl\u0259t sosial yard\u0131mlar\u0131n\u0131n \u00f6d\u0259ni\u015fini d\u0259 yekunla\u015fd\u0131r\u0131b.<\/p>\n<p>&nbsp;<\/p>\n<p>ARABTV.AZ\u00a0 x\u0259b\u0259r verir ki, bu bar\u0259d\u0259 nazirlik m\u0259lumat yay\u0131b.<\/p>\n<p>&nbsp;<\/p>\n<p>Bildirilib ki, noyabr\u0131n 7-d\u0259 Bak\u0131 v\u0259 Sumqay\u0131t \u015f\u0259h\u0259rl\u0259ri, Ab\u015feron rayonunda, 23-d\u0259 is\u0259 b\u00f6lg\u0259l\u0259rd\u0259 ya\u015fayan \u015f\u0259xsl\u0259rin pensiyalar\u0131, habel\u0259 g\u00fcz\u0259\u015ftli \u015f\u0259rtl\u0259rl\u0259 t\u0259yin edilmi\u015f pensiyalar \u00f6d\u0259nilib.<\/p>\n<p>&nbsp;<\/p>\n<p>Bel\u0259likl\u0259, noyabr ay\u0131 \u00fczr\u0259 b\u00fct\u00fcn sosial \u00f6d\u0259ni\u015fl\u0259rin verilm\u0259si prosesi yekunla\u015f\u0131b.<\/p>\n","protected":false},"excerpt":{"rendered":"<p>\u018fm\u0259k v\u0259 \u018fhalinin Sosial M\u00fcdafi\u0259si Nazirliyinin tabeliyind\u0259 D\u00f6vl\u0259t Sosial M\u00fcdafi\u0259 Fondu bu g\u00fcn noyabr ay\u0131n\u0131n m\u00fcavin\u0259t, t\u0259qa\u00fcd v\u0259 \u00fcnvanl\u0131 d\u00f6vl\u0259t sosial yard\u0131mlar\u0131n\u0131n \u00f6d\u0259ni\u015fini d\u0259 yekunla\u015fd\u0131r\u0131b. &nbsp; ARABTV.AZ\u00a0 x\u0259b\u0259r verir ki, bu bar\u0259d\u0259 nazirlik m\u0259lumat yay\u0131b. &nbsp; Bildirilib ki, noyabr\u0131n 7-d\u0259 Bak\u0131 v\u0259 Sumqay\u0131t \u015f\u0259h\u0259rl\u0259ri, Ab\u015feron rayonunda, 23-d\u0259 is\u0259 b\u00f6lg\u0259l\u0259rd\u0259 ya\u015fayan \u015f\u0259xsl\u0259rin pensiyalar\u0131, habel\u0259 g\u00fcz\u0259\u015ftli \u015f\u0259rtl\u0259rl\u0259 t\u0259yin edilmi\u015f pensiyalar \u00f6d\u0259nilib. &nbsp; Bel\u0259likl\u0259, noyabr ay\u0131 \u00fczr\u0259 b\u00fct\u00fcn sosial \u00f6d\u0259ni\u015fl\u0259rin verilm\u0259si prosesi yekunla\u015f\u0131b.<\/p>\n","protected":false},"author":2,"featured_media":772654,"comment_status":"closed","ping_status":"closed","sticky":false,"template":"","format":"standard","meta":{"om_disable_all_campaigns":false,"_monsterinsights_skip_tracking":false,"_monsterinsights_sitenote_active":false,"_monsterinsights_sitenote_note":"","_monsterinsights_sitenote_category":0},"categories":[1],"tags":[],"aioseo_notices":[],"gutentor_comment":0,"rttpg_featured_image_url":{"full":["https:\/\/arantv.az\/wp-content\/uploads\/2024\/12\/8bef949addb29ed52973b5213cde54c2.jpg",734,425,false],"landscape":["https:\/\/arantv.az\/wp-content\/uploads\/2024\/12\/8bef949addb29ed52973b5213cde54c2.jpg",734,425,false],"portraits":["https:\/\/arantv.az\/wp-content\/uploads\/2024\/12\/8bef949addb29ed52973b5213cde54c2.jpg",734,425,false],"thumbnail":["https:\/\/arantv.az\/wp-content\/uploads\/2024\/12\/8bef949addb29ed52973b5213cde54c2-500x280.jpg",500,280,true],"medium":["https:\/\/arantv.az\/wp-content\/uploads\/2024\/12\/8bef949addb29ed52973b5213cde54c2-630x365.jpg",630,365,true],"large":["https:\/\/arantv.az\/wp-content\/uploads\/2024\/12\/8bef949addb29ed52973b5213cde54c2.jpg",640,371,false],"1536x1536":["https:\/\/arantv.az\/wp-content\/uploads\/2024\/12\/8bef949addb29ed52973b5213cde54c2.jpg",734,425,false],"2048x2048":["https:\/\/arantv.az\/wp-content\/uploads\/2024\/12\/8bef949addb29ed52973b5213cde54c2.jpg",734,425,false],"post-thumbnail":["https:\/\/arantv.az\/wp-content\/uploads\/2024\/12\/8bef949addb29ed52973b5213cde54c2-240x172.jpg",240,172,true],"advps-thumb-one":["https:\/\/arantv.az\/wp-content\/uploads\/2024\/12\/8bef949addb29ed52973b5213cde54c2.jpg",734,425,false]},"rttpg_author":{"display_name":"V\u00fcsal Rafiqo\u011flu","author_link":"https:\/\/arantv.az\/?author=2"},"rttpg_comment":0,"rttpg_category":"<a href=\"https:\/\/arantv.az\/?cat=1\" rel=\"category\">C\u0259miyy\u0259t<\/a>","rttpg_excerpt":"\u018fm\u0259k v\u0259 \u018fhalinin Sosial M\u00fcdafi\u0259si Nazirliyinin tabeliyind\u0259 D\u00f6vl\u0259t Sosial M\u00fcdafi\u0259 Fondu bu g\u00fcn noyabr ay\u0131n\u0131n m\u00fcavin\u0259t, t\u0259qa\u00fcd v\u0259 \u00fcnvanl\u0131 d\u00f6vl\u0259t sosial yard\u0131mlar\u0131n\u0131n \u00f6d\u0259ni\u015fini d\u0259 yekunla\u015fd\u0131r\u0131b. &nbsp; ARABTV.AZ\u00a0 x\u0259b\u0259r verir ki, bu bar\u0259d\u0259 nazirlik m\u0259lumat yay\u0131b. &nbsp; Bildirilib ki, noyabr\u0131n 7-d\u0259 Bak\u0131 v\u0259 Sumqay\u0131t \u015f\u0259h\u0259rl\u0259ri, Ab\u015feron rayonunda, 23-d\u0259 is\u0259 b\u00f6lg\u0259l\u0259rd\u0259 ya\u015fayan \u015f\u0259xsl\u0259rin pensiyalar\u0131, habel\u0259 g\u00fcz\u0259\u015ftli \u015f\u0259rtl\u0259rl\u0259&hellip;","_links":{"self":[{"href":"https:\/\/arantv.az\/index.php?rest_route=\/wp\/v2\/posts\/772653"}],"collection":[{"href":"https:\/\/arantv.az\/index.php?rest_route=\/wp\/v2\/posts"}],"about":[{"href":"https:\/\/arantv.az\/index.php?rest_route=\/wp\/v2\/types\/post"}],"author":[{"embeddable":true,"href":"https:\/\/arantv.az\/index.php?rest_route=\/wp\/v2\/users\/2"}],"replies":[{"embeddable":true,"href":"https:\/\/arantv.az\/index.php?rest_route=%2Fwp%2Fv2%2Fcomments&post=772653"}],"version-history":[{"count":1,"href":"https:\/\/arantv.az\/index.php?rest_route=\/wp\/v2\/posts\/772653\/revisions"}],"predecessor-version":[{"id":772655,"href":"https:\/\/arantv.az\/index.php?rest_route=\/wp\/v2\/posts\/772653\/revisions\/772655"}],"wp:featuredmedia":[{"embeddable":true,"href":"https:\/\/arantv.az\/index.php?rest_route=\/wp\/v2\/media\/772654"}],"wp:attachment":[{"href":"https:\/\/arantv.az\/index.php?rest_route=%2Fwp%2Fv2%2Fmedia&parent=772653"}],"wp:term":[{"taxonomy":"category","embeddable":true,"href":"https:\/\/arantv.az\/index.php?rest_route=%2Fwp%2Fv2%2Fcategories&post=772653"},{"taxonomy":"post_tag","embeddable":true,"href":"https:\/\/arantv.az\/index.php?rest_route=%2Fwp%2Fv2%2Ftags&post=772653"}],"curies":[{"name":"wp","href":"https:\/\/api.w.org\/{rel}","templated":true}]}}