{"id":772671,"date":"2024-12-03T17:59:29","date_gmt":"2024-12-03T13:59:29","guid":{"rendered":"https:\/\/arantv.az\/?p=772671"},"modified":"2024-12-03T17:59:29","modified_gmt":"2024-12-03T13:59:29","slug":"jal%c9%99-%c9%99hm%c9%99dova-sahil-babayevin-musaviri-oldu","status":"publish","type":"post","link":"https:\/\/arantv.az\/?p=772671","title":{"rendered":"Jal\u0259 \u018fhm\u0259dova Sahil Babayevin m\u00fc\u015faviri oldu"},"content":{"rendered":"<p><strong>Sabiq deputat Jal\u0259 \u018fhm\u0259dovaya yeni v\u0259zif\u0259 verilib.<\/strong><\/p>\n<p>Bununla ba\u011fl\u0131 \u0259m\u0259k v\u0259 \u0259halinin sosial m\u00fcdafi\u0259si naziri Sahil Babayev \u0259mr imzalay\u0131b.<\/p>\n<p>\u018fmr\u0259 \u0259sas\u0259n, Jal\u0259 \u018fhm\u0259dova \u0259m\u0259k v\u0259 \u0259halinin sosial m\u00fcdafi\u0259si nazirinin m\u00fc\u015faviri v\u0259zif\u0259sin\u0259 t\u0259yinat al\u0131b.<\/p>\n<p>Qeyd ed\u0259k ki, J.\u018fhm\u0259dova Milli M\u0259clisin VI \u00e7a\u011f\u0131r\u0131\u015f deputat\u0131 olub. O, h\u0259m\u00e7inin D\u00fcnya Alpaqut Federasiyas\u0131n\u0131n Prezidentidir.\/\/Unikal<\/p>\n","protected":false},"excerpt":{"rendered":"<p>Sabiq deputat Jal\u0259 \u018fhm\u0259dovaya yeni v\u0259zif\u0259 verilib. Bununla ba\u011fl\u0131 \u0259m\u0259k v\u0259 \u0259halinin sosial m\u00fcdafi\u0259si naziri Sahil Babayev \u0259mr imzalay\u0131b. \u018fmr\u0259 \u0259sas\u0259n, Jal\u0259 \u018fhm\u0259dova \u0259m\u0259k v\u0259 \u0259halinin sosial m\u00fcdafi\u0259si nazirinin m\u00fc\u015faviri v\u0259zif\u0259sin\u0259 t\u0259yinat al\u0131b. Qeyd ed\u0259k ki, J.\u018fhm\u0259dova Milli M\u0259clisin VI \u00e7a\u011f\u0131r\u0131\u015f deputat\u0131 olub. O, h\u0259m\u00e7inin D\u00fcnya Alpaqut Federasiyas\u0131n\u0131n Prezidentidir.\/\/Unikal<\/p>\n","protected":false},"author":2,"featured_media":772673,"comment_status":"closed","ping_status":"closed","sticky":false,"template":"","format":"standard","meta":{"om_disable_all_campaigns":false,"_monsterinsights_skip_tracking":false,"_monsterinsights_sitenote_active":false,"_monsterinsights_sitenote_note":"","_monsterinsights_sitenote_category":0},"categories":[1],"tags":[],"aioseo_notices":[],"gutentor_comment":0,"rttpg_featured_image_url":{"full":["https:\/\/arantv.az\/wp-content\/uploads\/2024\/12\/b4cc1bbb64d7beffd2097e21bdae1aa2-1.png",637,400,false],"landscape":["https:\/\/arantv.az\/wp-content\/uploads\/2024\/12\/b4cc1bbb64d7beffd2097e21bdae1aa2-1.png",637,400,false],"portraits":["https:\/\/arantv.az\/wp-content\/uploads\/2024\/12\/b4cc1bbb64d7beffd2097e21bdae1aa2-1.png",637,400,false],"thumbnail":["https:\/\/arantv.az\/wp-content\/uploads\/2024\/12\/b4cc1bbb64d7beffd2097e21bdae1aa2-1-500x280.png",500,280,true],"medium":["https:\/\/arantv.az\/wp-content\/uploads\/2024\/12\/b4cc1bbb64d7beffd2097e21bdae1aa2-1-581x365.png",581,365,true],"large":["https:\/\/arantv.az\/wp-content\/uploads\/2024\/12\/b4cc1bbb64d7beffd2097e21bdae1aa2-1.png",637,400,false],"1536x1536":["https:\/\/arantv.az\/wp-content\/uploads\/2024\/12\/b4cc1bbb64d7beffd2097e21bdae1aa2-1.png",637,400,false],"2048x2048":["https:\/\/arantv.az\/wp-content\/uploads\/2024\/12\/b4cc1bbb64d7beffd2097e21bdae1aa2-1.png",637,400,false],"post-thumbnail":["https:\/\/arantv.az\/wp-content\/uploads\/2024\/12\/b4cc1bbb64d7beffd2097e21bdae1aa2-1-240x172.png",240,172,true],"advps-thumb-one":["https:\/\/arantv.az\/wp-content\/uploads\/2024\/12\/b4cc1bbb64d7beffd2097e21bdae1aa2-1.png",637,400,false]},"rttpg_author":{"display_name":"V\u00fcsal Rafiqo\u011flu","author_link":"https:\/\/arantv.az\/?author=2"},"rttpg_comment":0,"rttpg_category":"<a href=\"https:\/\/arantv.az\/?cat=1\" rel=\"category\">C\u0259miyy\u0259t<\/a>","rttpg_excerpt":"Sabiq deputat Jal\u0259 \u018fhm\u0259dovaya yeni v\u0259zif\u0259 verilib. Bununla ba\u011fl\u0131 \u0259m\u0259k v\u0259 \u0259halinin sosial m\u00fcdafi\u0259si naziri Sahil Babayev \u0259mr imzalay\u0131b. \u018fmr\u0259 \u0259sas\u0259n, Jal\u0259 \u018fhm\u0259dova \u0259m\u0259k v\u0259 \u0259halinin sosial m\u00fcdafi\u0259si nazirinin m\u00fc\u015faviri v\u0259zif\u0259sin\u0259 t\u0259yinat al\u0131b. Qeyd ed\u0259k ki, J.\u018fhm\u0259dova Milli M\u0259clisin VI \u00e7a\u011f\u0131r\u0131\u015f deputat\u0131 olub. O, h\u0259m\u00e7inin D\u00fcnya Alpaqut Federasiyas\u0131n\u0131n Prezidentidir.\/\/Unikal","_links":{"self":[{"href":"https:\/\/arantv.az\/index.php?rest_route=\/wp\/v2\/posts\/772671"}],"collection":[{"href":"https:\/\/arantv.az\/index.php?rest_route=\/wp\/v2\/posts"}],"about":[{"href":"https:\/\/arantv.az\/index.php?rest_route=\/wp\/v2\/types\/post"}],"author":[{"embeddable":true,"href":"https:\/\/arantv.az\/index.php?rest_route=\/wp\/v2\/users\/2"}],"replies":[{"embeddable":true,"href":"https:\/\/arantv.az\/index.php?rest_route=%2Fwp%2Fv2%2Fcomments&post=772671"}],"version-history":[{"count":2,"href":"https:\/\/arantv.az\/index.php?rest_route=\/wp\/v2\/posts\/772671\/revisions"}],"predecessor-version":[{"id":772675,"href":"https:\/\/arantv.az\/index.php?rest_route=\/wp\/v2\/posts\/772671\/revisions\/772675"}],"wp:featuredmedia":[{"embeddable":true,"href":"https:\/\/arantv.az\/index.php?rest_route=\/wp\/v2\/media\/772673"}],"wp:attachment":[{"href":"https:\/\/arantv.az\/index.php?rest_route=%2Fwp%2Fv2%2Fmedia&parent=772671"}],"wp:term":[{"taxonomy":"category","embeddable":true,"href":"https:\/\/arantv.az\/index.php?rest_route=%2Fwp%2Fv2%2Fcategories&post=772671"},{"taxonomy":"post_tag","embeddable":true,"href":"https:\/\/arantv.az\/index.php?rest_route=%2Fwp%2Fv2%2Ftags&post=772671"}],"curies":[{"name":"wp","href":"https:\/\/api.w.org\/{rel}","templated":true}]}}