{"id":772676,"date":"2024-12-03T18:00:43","date_gmt":"2024-12-03T14:00:43","guid":{"rendered":"https:\/\/arantv.az\/?p=772676"},"modified":"2024-12-03T18:00:43","modified_gmt":"2024-12-03T14:00:43","slug":"cop16-da-baki-iqlim-v%c9%99-sulh-m%c9%99rk%c9%99zinin-t%c9%99qdimati-kecirildi","status":"publish","type":"post","link":"https:\/\/arantv.az\/?p=772676","title":{"rendered":"COP16-da Bak\u0131 \u0130qlim v\u0259 S\u00fclh M\u0259rk\u0259zinin t\u0259qdimat\u0131 ke\u00e7irildi"},"content":{"rendered":"<div class=\"text-content\" data-id=\"\" data-url=\"\">\n<p><strong>S\u0259udiyy\u0259 \u018fr\u0259bistan\u0131n\u0131n paytaxt\u0131 \u018fr-Riyadda ke\u00e7iril\u0259n s\u0259hrala\u015fma \u00fczr\u0259 COP16-da COP29-da t\u0259sis edilmi\u015f Bak\u0131 \u0130qlim v\u0259 S\u00fclh M\u0259rk\u0259zinin t\u0259qdimat\u0131 ke\u00e7irilib.<\/strong><\/p>\n<p>T\u0259dbir Beyn\u0259lxalq Miqrasiya T\u0259\u015fkilat\u0131 il\u0259 birg\u0259 t\u0259\u015fkilat\u00e7\u0131l\u0131\u011f\u0131 il\u0259 ba\u015f tutub.<\/p>\n<p>T\u0259dbird\u0259 \u00e7\u0131x\u0131\u015f ed\u0259n Az\u0259rbaycan Xarici \u0130\u015fl\u0259r Nazirliyinin X\u00fcsusi tap\u015f\u0131r\u0131qlar \u00fczr\u0259 s\u0259firi El\u015fad \u0130sk\u0259nd\u0259rov \u00f6z \u00e7\u0131x\u0131\u015f\u0131nda u\u011furla ba\u015fa \u00e7atm\u0131\u015f COP29 &#8211; da beyn\u0259lxalq s\u00fclh\u0259 x\u00fcsusi diqq\u0259t ayr\u0131ld\u0131\u011f\u0131n\u0131 qeyd edib.<\/p>\n<p>COP29-un Az\u0259rbaycan s\u0259drliyinin noyabr\u0131n 15-d\u0259 x\u00fcsusi S\u00fclh Yard\u0131m v\u0259 B\u0259rpa G\u00fcn\u00fc ke\u00e7irdiyini xat\u0131rladan s\u0259fir m\u00f6vzu il\u0259 \u0259laq\u0259dar Bak\u0131 \u00c7a\u011f\u0131r\u0131\u015f\u0131n\u0131n q\u0259bul edilm\u0259sinin \u0259h\u0259miyy\u0259tini d\u0259 toxunub.<\/p>\n<p>\u201c\u018fvv\u0259lki COP-larda da iqlim-s\u00fclh qov\u015fa\u011f\u0131 m\u00fczakir\u0259 olunsa da, m\u0259hz COP29-da vacib t\u0259\u015f\u0259bb\u00fcsl\u0259ri bir araya g\u0259tir\u0259n Bak\u0131 \u0130qlim v\u0259 S\u00fclh M\u0259rk\u0259zinin t\u0259sis edilm\u0259si h\u0259m iqlim f\u0259aliyy\u0259tinin, h\u0259m d\u0259 beyn\u0259lxalq s\u00fclh\u00fcn ir\u0259lil\u0259m\u0259si sah\u0259sind\u0259 beyn\u0259lxalq al\u0259min Az\u0259rbaycana g\u00f6st\u0259rdiyi etimad\u0131n n\u00fcmun\u0259sidir. Bu m\u0259rk\u0259z \u00fcmumi \u0259halisinin say\u0131 450 milyondan art\u0131q olan, iqlim b\u00f6hran\u0131 v\u0259 m\u00fcnaqi\u015f\u0259l\u0259rin da\u011f\u0131d\u0131c\u0131 n\u0259tic\u0259l\u0259rin\u0259 m\u0259ruz qalan, x\u00fcsusil\u0259 h\u0259ssas \u00f6lk\u0259l\u0259r\u0259 beyn\u0259lxalq d\u0259st\u0259k v\u0259 yard\u0131m\u0131n g\u00f6st\u0259rilm\u0259sind\u0259 apar\u0131c\u0131 rol oynayacaq\u201d, &#8211; E.\u0130sk\u0259nd\u0259rov bildirib.<\/p>\n<p>O, Bak\u0131 M\u0259rk\u0259zinin bir s\u0131ra BMT institutlar\u0131 v\u0259 beyn\u0259lxalq yard\u0131m qurumlar\u0131 il\u0259 \u0259m\u0259kda\u015fl\u0131q haqq\u0131nda raz\u0131l\u0131qlar \u0259ld\u0259 etdiyini qeyd edib: \u201cB\u00fct\u00fcn bu n\u0259tic\u0259l\u0259r COP29-un \u201cS\u00fclh COP-u\u201d kimi tarixd\u0259 qalaca\u011f\u0131n\u0131 dem\u0259y\u0259 \u0259sas verir\u201d.<\/p>\n<p>Qeyd ed\u0259k ki, COP29-da yarad\u0131lm\u0131\u015f Bak\u0131 \u0130qlim v\u0259 S\u00fclh M\u0259rk\u0259zind\u0259 Az\u0259rbaycan, \u0130ngilt\u0259r\u0259, Almaniya, \u0130taliya, Misir, B\u018f\u018f v\u0259 Uqanda il\u0259 \u0259m\u0259kda\u015fl\u0131q edir. COP29-da q\u0259bul edilmi\u015f Bak\u0131 \u0130qlim v\u0259 S\u00fclh \u00c7ag\u0131r\u0131\u015f\u0131na \u0259sas\u0259n, M\u0259rk\u0259zin daimi katibliyi Az\u0259rbaycan\u0131n ev sahibliyi il\u0259 Bak\u0131da f\u0259aliyy\u0259t g\u00f6st\u0259r\u0259c\u0259k.\/\/Report<\/p>\n<div class=\"news-image\"><\/div>\n<\/div>\n<div>\n<div class=\"form-group\"><img class=\"img-responsive\" src=\"https:\/\/cdn.musavat.com\/news\/images\/GUGU\/ae8662e7-0a8c-3b8c-a29a-1e853bdd.png\" \/><\/div>\n<\/div>\n","protected":false},"excerpt":{"rendered":"<p>S\u0259udiyy\u0259 \u018fr\u0259bistan\u0131n\u0131n paytaxt\u0131 \u018fr-Riyadda ke\u00e7iril\u0259n s\u0259hrala\u015fma \u00fczr\u0259 COP16-da COP29-da t\u0259sis edilmi\u015f Bak\u0131 \u0130qlim v\u0259 S\u00fclh M\u0259rk\u0259zinin t\u0259qdimat\u0131 ke\u00e7irilib. T\u0259dbir Beyn\u0259lxalq Miqrasiya T\u0259\u015fkilat\u0131 il\u0259 birg\u0259 t\u0259\u015fkilat\u00e7\u0131l\u0131\u011f\u0131 il\u0259 ba\u015f tutub. T\u0259dbird\u0259 \u00e7\u0131x\u0131\u015f ed\u0259n Az\u0259rbaycan Xarici \u0130\u015fl\u0259r Nazirliyinin X\u00fcsusi tap\u015f\u0131r\u0131qlar \u00fczr\u0259 s\u0259firi El\u015fad \u0130sk\u0259nd\u0259rov \u00f6z \u00e7\u0131x\u0131\u015f\u0131nda u\u011furla ba\u015fa \u00e7atm\u0131\u015f COP29 &#8211; da beyn\u0259lxalq s\u00fclh\u0259 x\u00fcsusi diqq\u0259t ayr\u0131ld\u0131\u011f\u0131n\u0131 qeyd edib. COP29-un Az\u0259rbaycan s\u0259drliyinin noyabr\u0131n 15-d\u0259 x\u00fcsusi S\u00fclh Yard\u0131m v\u0259 B\u0259rpa G\u00fcn\u00fc ke\u00e7irdiyini xat\u0131rladan s\u0259fir m\u00f6vzu il\u0259 \u0259laq\u0259dar Bak\u0131 \u00c7a\u011f\u0131r\u0131\u015f\u0131n\u0131n q\u0259bul edilm\u0259sinin \u0259h\u0259miyy\u0259tini d\u0259 toxunub. \u201c\u018fvv\u0259lki COP-larda da iqlim-s\u00fclh qov\u015fa\u011f\u0131 m\u00fczakir\u0259 olunsa da, m\u0259hz COP29-da&hellip;<\/p>\n","protected":false},"author":2,"featured_media":772677,"comment_status":"closed","ping_status":"closed","sticky":false,"template":"","format":"standard","meta":{"om_disable_all_campaigns":false,"_monsterinsights_skip_tracking":false,"_monsterinsights_sitenote_active":false,"_monsterinsights_sitenote_note":"","_monsterinsights_sitenote_category":0},"categories":[1],"tags":[],"aioseo_notices":[],"gutentor_comment":0,"rttpg_featured_image_url":{"full":["https:\/\/arantv.az\/wp-content\/uploads\/2024\/12\/3147ecb8752b323ee5b8b8576ebdb795.jpg",850,500,false],"landscape":["https:\/\/arantv.az\/wp-content\/uploads\/2024\/12\/3147ecb8752b323ee5b8b8576ebdb795.jpg",850,500,false],"portraits":["https:\/\/arantv.az\/wp-content\/uploads\/2024\/12\/3147ecb8752b323ee5b8b8576ebdb795.jpg",850,500,false],"thumbnail":["https:\/\/arantv.az\/wp-content\/uploads\/2024\/12\/3147ecb8752b323ee5b8b8576ebdb795-500x280.jpg",500,280,true],"medium":["https:\/\/arantv.az\/wp-content\/uploads\/2024\/12\/3147ecb8752b323ee5b8b8576ebdb795-621x365.jpg",621,365,true],"large":["https:\/\/arantv.az\/wp-content\/uploads\/2024\/12\/3147ecb8752b323ee5b8b8576ebdb795-840x494.jpg",640,376,true],"1536x1536":["https:\/\/arantv.az\/wp-content\/uploads\/2024\/12\/3147ecb8752b323ee5b8b8576ebdb795.jpg",850,500,false],"2048x2048":["https:\/\/arantv.az\/wp-content\/uploads\/2024\/12\/3147ecb8752b323ee5b8b8576ebdb795.jpg",850,500,false],"post-thumbnail":["https:\/\/arantv.az\/wp-content\/uploads\/2024\/12\/3147ecb8752b323ee5b8b8576ebdb795-240x172.jpg",240,172,true],"advps-thumb-one":["https:\/\/arantv.az\/wp-content\/uploads\/2024\/12\/3147ecb8752b323ee5b8b8576ebdb795.jpg",850,500,false]},"rttpg_author":{"display_name":"V\u00fcsal Rafiqo\u011flu","author_link":"https:\/\/arantv.az\/?author=2"},"rttpg_comment":0,"rttpg_category":"<a href=\"https:\/\/arantv.az\/?cat=1\" rel=\"category\">C\u0259miyy\u0259t<\/a>","rttpg_excerpt":"S\u0259udiyy\u0259 \u018fr\u0259bistan\u0131n\u0131n paytaxt\u0131 \u018fr-Riyadda ke\u00e7iril\u0259n s\u0259hrala\u015fma \u00fczr\u0259 COP16-da COP29-da t\u0259sis edilmi\u015f Bak\u0131 \u0130qlim v\u0259 S\u00fclh M\u0259rk\u0259zinin t\u0259qdimat\u0131 ke\u00e7irilib. T\u0259dbir Beyn\u0259lxalq Miqrasiya T\u0259\u015fkilat\u0131 il\u0259 birg\u0259 t\u0259\u015fkilat\u00e7\u0131l\u0131\u011f\u0131 il\u0259 ba\u015f tutub. T\u0259dbird\u0259 \u00e7\u0131x\u0131\u015f ed\u0259n Az\u0259rbaycan Xarici \u0130\u015fl\u0259r Nazirliyinin X\u00fcsusi tap\u015f\u0131r\u0131qlar \u00fczr\u0259 s\u0259firi El\u015fad \u0130sk\u0259nd\u0259rov \u00f6z \u00e7\u0131x\u0131\u015f\u0131nda u\u011furla ba\u015fa \u00e7atm\u0131\u015f COP29 &#8211; da beyn\u0259lxalq s\u00fclh\u0259 x\u00fcsusi diqq\u0259t ayr\u0131ld\u0131\u011f\u0131n\u0131 qeyd&hellip;","_links":{"self":[{"href":"https:\/\/arantv.az\/index.php?rest_route=\/wp\/v2\/posts\/772676"}],"collection":[{"href":"https:\/\/arantv.az\/index.php?rest_route=\/wp\/v2\/posts"}],"about":[{"href":"https:\/\/arantv.az\/index.php?rest_route=\/wp\/v2\/types\/post"}],"author":[{"embeddable":true,"href":"https:\/\/arantv.az\/index.php?rest_route=\/wp\/v2\/users\/2"}],"replies":[{"embeddable":true,"href":"https:\/\/arantv.az\/index.php?rest_route=%2Fwp%2Fv2%2Fcomments&post=772676"}],"version-history":[{"count":1,"href":"https:\/\/arantv.az\/index.php?rest_route=\/wp\/v2\/posts\/772676\/revisions"}],"predecessor-version":[{"id":772678,"href":"https:\/\/arantv.az\/index.php?rest_route=\/wp\/v2\/posts\/772676\/revisions\/772678"}],"wp:featuredmedia":[{"embeddable":true,"href":"https:\/\/arantv.az\/index.php?rest_route=\/wp\/v2\/media\/772677"}],"wp:attachment":[{"href":"https:\/\/arantv.az\/index.php?rest_route=%2Fwp%2Fv2%2Fmedia&parent=772676"}],"wp:term":[{"taxonomy":"category","embeddable":true,"href":"https:\/\/arantv.az\/index.php?rest_route=%2Fwp%2Fv2%2Fcategories&post=772676"},{"taxonomy":"post_tag","embeddable":true,"href":"https:\/\/arantv.az\/index.php?rest_route=%2Fwp%2Fv2%2Ftags&post=772676"}],"curies":[{"name":"wp","href":"https:\/\/api.w.org\/{rel}","templated":true}]}}