{"id":772680,"date":"2024-12-03T18:01:35","date_gmt":"2024-12-03T14:01:35","guid":{"rendered":"https:\/\/arantv.az\/?p=772680"},"modified":"2024-12-03T18:01:35","modified_gmt":"2024-12-03T14:01:35","slug":"lal%c9%99-sovk%c9%99tin-v%c9%99ziyy%c9%99ti-pisl%c9%99sdi","status":"publish","type":"post","link":"https:\/\/arantv.az\/?p=772680","title":{"rendered":"Lal\u0259 \u015e\u00f6vk\u0259tin v\u0259ziyy\u0259ti pisl\u0259\u015fdi"},"content":{"rendered":"<p><strong>\u201cLal\u0259 xan\u0131m xroniki \u00fcr\u0259k x\u0259st\u0259liyind\u0259n \u0259ziyy\u0259t \u00e7\u0259kir. Haz\u0131rda Bak\u0131da ev \u015f\u0259raitind\u0259 h\u0259kim n\u0259zar\u0259tind\u0259dir. S\u0259hh\u0259tind\u0259 m\u00fcsb\u0259t\u0259 do\u011fru ciddi bir ir\u0259lil\u0259yi\u015f yoxdur\u201d.<\/strong><\/p>\n<p>Bu s\u00f6zl\u0259ri \u201cTeleqraf.com\u201da l\u0259\u011fv edilmi\u015f Az\u0259rbaycan Liberal Partiyas\u0131n\u0131n (ALP) sabiq lideri, ke\u00e7mi\u015f d\u00f6vl\u0259t katibi Lal\u0259 \u015e\u00f6vk\u0259tin o\u011flu Sidqi \u015e\u00f6vk\u0259t deyib.<\/p>\n<p>\u201cLal\u0259 xan\u0131m 2020-ci ild\u0259 \u00fcr\u0259k \u0259m\u0259liyyat\u0131 ke\u00e7irib. O vaxtdan s\u0259hh\u0259tind\u0259 probleml\u0259r daha da art\u0131b. Daimi konsultasiya olunur. H\u0259kim n\u0259zar\u0259ti olmasa s\u0259hh\u0259ti daha da pisl\u0259\u015f\u0259r\u201d, &#8211; dey\u0259 o \u0259lav\u0259 edib.<\/p>\n<p>Sidqi \u015e\u00f6vk\u0259t anas\u0131n\u0131n k\u0259nar yard\u0131m olmadan s\u0259rb\u0259st h\u0259r\u0259k\u0259t ed\u0259 bilm\u0259diyini bildirib: \u201cS\u0259hh\u0259tin\u0259 g\u00f6r\u0259 m\u00fctl\u0259q ona k\u0259nardan k\u00f6m\u0259k edilir ki, o, ev \u015f\u0259raitind\u0259 g\u0259z\u0259 bilsin\u201d.<\/p>\n<p>Qeyd ed\u0259k ki, Lal\u0259 \u015e\u00f6vk\u0259tin 73 ya\u015f\u0131 var. O, 1993-1994-c\u00fc ill\u0259rd\u0259 Az\u0259rbaycan\u0131n d\u00f6vl\u0259t katibi olub. \u0130stefa verdikd\u0259n sonra Liberal Partiyas\u0131n\u0131 yarad\u0131b.<\/p>\n<p>Xat\u0131rladaq ki, Az\u0259rbaycan Liberal Partiyas\u0131 2023-c\u00fc ild\u0259 f\u0259aliyy\u0259tin\u0259 son verdiyi bar\u0259d\u0259 b\u0259yanat yay\u0131b.<\/p>\n","protected":false},"excerpt":{"rendered":"<p>\u201cLal\u0259 xan\u0131m xroniki \u00fcr\u0259k x\u0259st\u0259liyind\u0259n \u0259ziyy\u0259t \u00e7\u0259kir. Haz\u0131rda Bak\u0131da ev \u015f\u0259raitind\u0259 h\u0259kim n\u0259zar\u0259tind\u0259dir. S\u0259hh\u0259tind\u0259 m\u00fcsb\u0259t\u0259 do\u011fru ciddi bir ir\u0259lil\u0259yi\u015f yoxdur\u201d. Bu s\u00f6zl\u0259ri \u201cTeleqraf.com\u201da l\u0259\u011fv edilmi\u015f Az\u0259rbaycan Liberal Partiyas\u0131n\u0131n (ALP) sabiq lideri, ke\u00e7mi\u015f d\u00f6vl\u0259t katibi Lal\u0259 \u015e\u00f6vk\u0259tin o\u011flu Sidqi \u015e\u00f6vk\u0259t deyib. \u201cLal\u0259 xan\u0131m 2020-ci ild\u0259 \u00fcr\u0259k \u0259m\u0259liyyat\u0131 ke\u00e7irib. O vaxtdan s\u0259hh\u0259tind\u0259 probleml\u0259r daha da art\u0131b. Daimi konsultasiya olunur. H\u0259kim n\u0259zar\u0259ti olmasa s\u0259hh\u0259ti daha da pisl\u0259\u015f\u0259r\u201d, &#8211; dey\u0259 o \u0259lav\u0259 edib. Sidqi \u015e\u00f6vk\u0259t anas\u0131n\u0131n k\u0259nar yard\u0131m olmadan s\u0259rb\u0259st h\u0259r\u0259k\u0259t ed\u0259 bilm\u0259diyini bildirib: \u201cS\u0259hh\u0259tin\u0259 g\u00f6r\u0259 m\u00fctl\u0259q ona k\u0259nardan k\u00f6m\u0259k edilir ki, o, ev&hellip;<\/p>\n","protected":false},"author":2,"featured_media":772681,"comment_status":"closed","ping_status":"closed","sticky":false,"template":"","format":"standard","meta":{"om_disable_all_campaigns":false,"_monsterinsights_skip_tracking":false,"_monsterinsights_sitenote_active":false,"_monsterinsights_sitenote_note":"","_monsterinsights_sitenote_category":0},"categories":[1],"tags":[],"aioseo_notices":[],"gutentor_comment":0,"rttpg_featured_image_url":{"full":["https:\/\/arantv.az\/wp-content\/uploads\/2024\/12\/04702d4a10b72d96d70b659db607d959.jpg",734,461,false],"landscape":["https:\/\/arantv.az\/wp-content\/uploads\/2024\/12\/04702d4a10b72d96d70b659db607d959.jpg",734,461,false],"portraits":["https:\/\/arantv.az\/wp-content\/uploads\/2024\/12\/04702d4a10b72d96d70b659db607d959.jpg",734,461,false],"thumbnail":["https:\/\/arantv.az\/wp-content\/uploads\/2024\/12\/04702d4a10b72d96d70b659db607d959-500x280.jpg",500,280,true],"medium":["https:\/\/arantv.az\/wp-content\/uploads\/2024\/12\/04702d4a10b72d96d70b659db607d959-581x365.jpg",581,365,true],"large":["https:\/\/arantv.az\/wp-content\/uploads\/2024\/12\/04702d4a10b72d96d70b659db607d959.jpg",640,402,false],"1536x1536":["https:\/\/arantv.az\/wp-content\/uploads\/2024\/12\/04702d4a10b72d96d70b659db607d959.jpg",734,461,false],"2048x2048":["https:\/\/arantv.az\/wp-content\/uploads\/2024\/12\/04702d4a10b72d96d70b659db607d959.jpg",734,461,false],"post-thumbnail":["https:\/\/arantv.az\/wp-content\/uploads\/2024\/12\/04702d4a10b72d96d70b659db607d959-240x172.jpg",240,172,true],"advps-thumb-one":["https:\/\/arantv.az\/wp-content\/uploads\/2024\/12\/04702d4a10b72d96d70b659db607d959.jpg",734,461,false]},"rttpg_author":{"display_name":"V\u00fcsal Rafiqo\u011flu","author_link":"https:\/\/arantv.az\/?author=2"},"rttpg_comment":0,"rttpg_category":"<a href=\"https:\/\/arantv.az\/?cat=1\" rel=\"category\">C\u0259miyy\u0259t<\/a>","rttpg_excerpt":"\u201cLal\u0259 xan\u0131m xroniki \u00fcr\u0259k x\u0259st\u0259liyind\u0259n \u0259ziyy\u0259t \u00e7\u0259kir. Haz\u0131rda Bak\u0131da ev \u015f\u0259raitind\u0259 h\u0259kim n\u0259zar\u0259tind\u0259dir. S\u0259hh\u0259tind\u0259 m\u00fcsb\u0259t\u0259 do\u011fru ciddi bir ir\u0259lil\u0259yi\u015f yoxdur\u201d. Bu s\u00f6zl\u0259ri \u201cTeleqraf.com\u201da l\u0259\u011fv edilmi\u015f Az\u0259rbaycan Liberal Partiyas\u0131n\u0131n (ALP) sabiq lideri, ke\u00e7mi\u015f d\u00f6vl\u0259t katibi Lal\u0259 \u015e\u00f6vk\u0259tin o\u011flu Sidqi \u015e\u00f6vk\u0259t deyib. \u201cLal\u0259 xan\u0131m 2020-ci ild\u0259 \u00fcr\u0259k \u0259m\u0259liyyat\u0131 ke\u00e7irib. O vaxtdan s\u0259hh\u0259tind\u0259 probleml\u0259r daha da art\u0131b. Daimi&hellip;","_links":{"self":[{"href":"https:\/\/arantv.az\/index.php?rest_route=\/wp\/v2\/posts\/772680"}],"collection":[{"href":"https:\/\/arantv.az\/index.php?rest_route=\/wp\/v2\/posts"}],"about":[{"href":"https:\/\/arantv.az\/index.php?rest_route=\/wp\/v2\/types\/post"}],"author":[{"embeddable":true,"href":"https:\/\/arantv.az\/index.php?rest_route=\/wp\/v2\/users\/2"}],"replies":[{"embeddable":true,"href":"https:\/\/arantv.az\/index.php?rest_route=%2Fwp%2Fv2%2Fcomments&post=772680"}],"version-history":[{"count":1,"href":"https:\/\/arantv.az\/index.php?rest_route=\/wp\/v2\/posts\/772680\/revisions"}],"predecessor-version":[{"id":772682,"href":"https:\/\/arantv.az\/index.php?rest_route=\/wp\/v2\/posts\/772680\/revisions\/772682"}],"wp:featuredmedia":[{"embeddable":true,"href":"https:\/\/arantv.az\/index.php?rest_route=\/wp\/v2\/media\/772681"}],"wp:attachment":[{"href":"https:\/\/arantv.az\/index.php?rest_route=%2Fwp%2Fv2%2Fmedia&parent=772680"}],"wp:term":[{"taxonomy":"category","embeddable":true,"href":"https:\/\/arantv.az\/index.php?rest_route=%2Fwp%2Fv2%2Fcategories&post=772680"},{"taxonomy":"post_tag","embeddable":true,"href":"https:\/\/arantv.az\/index.php?rest_route=%2Fwp%2Fv2%2Ftags&post=772680"}],"curies":[{"name":"wp","href":"https:\/\/api.w.org\/{rel}","templated":true}]}}