{"id":772701,"date":"2024-12-03T18:10:17","date_gmt":"2024-12-03T14:10:17","guid":{"rendered":"https:\/\/arantv.az\/?p=772701"},"modified":"2024-12-03T18:10:17","modified_gmt":"2024-12-03T14:10:17","slug":"prezident-yeni-s%c9%99firl%c9%99ri-q%c9%99bul-etdi-fotolaryenil%c9%99nib","status":"publish","type":"post","link":"https:\/\/arantv.az\/?p=772701","title":{"rendered":"Prezident yeni s\u0259firl\u0259ri q\u0259bul etdi &#8211; FOTOLARYEN\u0130L\u018fN\u0130B"},"content":{"rendered":"<div class=\"text-content\" data-id=\"\" data-url=\"\">\n<p><strong>Az\u0259rbaycan Respublikas\u0131n\u0131n Prezidenti \u0130lham \u018fliyev dekabr\u0131n 3-d\u0259 Y\u0259m\u0259n Respublikas\u0131n\u0131n \u00f6lk\u0259mizd\u0259 yeni t\u0259yin olunmu\u015f f\u00f6vq\u0259lad\u0259 v\u0259 s\u0259lahiyy\u0259tli s\u0259firi M\u0259h\u0259mm\u0259d Saleh \u018fhm\u0259d Turiqin etimadnam\u0259sini q\u0259bul edib.<\/strong><\/p>\n<p><strong>ARANTV.AZ <\/strong>\u00a0x\u0259b\u0259r verir ki, s\u0259fir etimadnam\u0259sini d\u00f6vl\u0259t ba\u015f\u00e7\u0131s\u0131na t\u0259qdim edib.<\/p>\n<p>Prezident \u0130lham \u018fliyev s\u0259firl\u0259 s\u00f6hb\u0259t edib.<\/p>\n<p>D\u00f6vl\u0259t ba\u015f\u00e7\u0131s\u0131 COP29 zaman\u0131 Y\u0259m\u0259nin vitse-prezidenti il\u0259 g\u00f6r\u00fc\u015f\u00fcn\u00fc xat\u0131rladaraq, bunun \u0259laq\u0259l\u0259rimizin tarixind\u0259 bu s\u0259viyy\u0259d\u0259 ilk g\u00f6r\u00fc\u015f oldu\u011funu qeyd etdi v\u0259 orada m\u00fczakir\u0259 olunan m\u0259s\u0259l\u0259l\u0259rin h\u0259yata ke\u00e7irilm\u0259sinin \u0259h\u0259miyy\u0259tini vur\u011fulay\u0131b.<\/p>\n<p>Prezident \u0130lham \u018fliyev ilk n\u00f6vb\u0259d\u0259 beyn\u0259lxalq m\u00fcst\u0259vid\u0259 qar\u015f\u0131l\u0131ql\u0131 d\u0259st\u0259yin davam etdirilm\u0259sinin, iqtisadi sah\u0259d\u0259, o c\u00fcml\u0259d\u0259n ticar\u0259t, s\u0259rmay\u0259 qoyulu\u015fu v\u0259 dig\u0259r istiqam\u0259tl\u0259rd\u0259 imkanlar\u0131n ara\u015fd\u0131r\u0131lmas\u0131n\u0131n z\u0259ruriliyini bildirib.<\/p>\n<p>S\u0259fir \u0259vv\u0259lc\u0259 Y\u0259m\u0259n Prezident \u015euras\u0131n\u0131n s\u0259dri R\u0259\u015fad M\u0259h\u0259mm\u0259d \u0259l-Aliminin salamlar\u0131n\u0131 v\u0259 Az\u0259rbaycan xalq\u0131n\u0131n rifah\u0131 il\u0259 ba\u011fl\u0131 yeni u\u011furlar arzusunu Prezident \u0130lham \u018fliyev\u0259, h\u0259m\u00e7inin Y\u0259m\u0259n xalq\u0131n\u0131n salamlar\u0131n\u0131 Az\u0259rbaycan xalq\u0131na \u00e7atd\u0131r\u0131b. D\u00f6vl\u0259timizin ba\u015f\u00e7\u0131s\u0131 salamlara g\u00f6r\u0259 minn\u0259tdarl\u0131\u011f\u0131n\u0131 bildirdi, onun da salamlar\u0131n\u0131 Y\u0259m\u0259n Prezident \u015euras\u0131n\u0131n s\u0259drin\u0259 \u00e7atd\u0131rma\u011f\u0131 xahi\u015f edib.<\/p>\n<p>M\u0259h\u0259mm\u0259d Saleh \u018fhm\u0259d Turiq, eyni zamanda, bu g\u00fcn\u0259 q\u0259d\u0259r beyn\u0259lxalq t\u0259\u015fkilatlar \u00e7\u0259r\u00e7iv\u0259sind\u0259 Y\u0259m\u0259n\u0259 g\u00f6st\u0259ril\u0259n d\u0259st\u0259y\u0259 g\u00f6r\u0259 Prezident \u0130lham \u018fliyev\u0259 minn\u0259tdarl\u0131\u011f\u0131n\u0131 bildirdi v\u0259 bunu y\u00fcks\u0259k qiym\u0259tl\u0259ndirdikl\u0259rini deyib.<\/p>\n<p>S\u0259fir COP29-un \u00e7ox yax\u015f\u0131 s\u0259viyy\u0259d\u0259 t\u0259\u015fkili il\u0259 ba\u011fl\u0131 t\u0259brikl\u0259rini ifad\u0259 ed\u0259r\u0259k vur\u011fulay\u0131b ki, bu t\u0259dbir d\u00f6vl\u0259timizin ba\u015f\u00e7\u0131s\u0131n\u0131n m\u00fcdrik r\u0259hb\u0259rliyini b\u00fct\u00fcn d\u00fcnyaya g\u00f6st\u0259rib, COP29-da i\u015ftirak ed\u0259nl\u0259r Prezident \u0130lham \u018fliyevin r\u0259hb\u0259rliyi il\u0259 Az\u0259rbaycan\u0131n g\u00fcc\u00fcn\u00fcn, q\u00fcdr\u0259tinin bir daha \u015fahidi olublar.<\/p>\n<p>M\u0259h\u0259mm\u0259d Saleh \u018fhm\u0259d Turiq Az\u0259rbaycan \u0259razil\u0259rinin i\u015f\u011faldan azad edilm\u0259si m\u00fcnasib\u0259til\u0259 Prezident \u0130lham \u018fliyevi t\u0259brik ed\u0259r\u0259k, bu yax\u0131nlarda Qaraba\u011fa s\u0259f\u0259rini m\u0259mnunluqla xat\u0131rlay\u0131b v\u0259 bundan \u015f\u0259r\u0259f duydu\u011funu deyib. S\u0259fir d\u00f6vl\u0259t ba\u015f\u00e7\u0131s\u0131n\u0131n r\u0259hb\u0259rliyi il\u0259 orada apar\u0131lan b\u0259rpa v\u0259 quruculuq i\u015fl\u0259rinin b\u00f6y\u00fck heyranl\u0131q do\u011furdu\u011funu vur\u011fulay\u0131b, q\u0131sa m\u00fcdd\u0259td\u0259 \u015f\u0259h\u0259rl\u0259rin sal\u0131nmas\u0131n\u0131n, yol-n\u0259qliyyat qov\u015faqlar\u0131n\u0131n, tunell\u0259rin \u0259rs\u0259y\u0259 g\u0259tirilm\u0259sinin Az\u0259rbaycan d\u00f6vl\u0259tinin g\u00fcc\u00fcn\u00fcn bir daha t\u0259zah\u00fcr\u00fc oldu\u011funu qeyd edib.<\/p>\n<p>Diplomat Y\u0259m\u0259nin h\u0259r zaman Az\u0259rbaycan\u0131n yan\u0131nda oldu\u011funu dey\u0259r\u0259k, iki qarda\u015f \u00f6lk\u0259 aras\u0131nda \u0259laq\u0259l\u0259rin m\u00f6hk\u0259ml\u0259ndirilm\u0259si il\u0259 ba\u011fl\u0131 s\u0259yl\u0259rini \u0259sirg\u0259m\u0259y\u0259c\u0259yini bildirib. S\u0259fir Y\u0259m\u0259nin iqtisadi sah\u0259d\u0259 d\u0259 Az\u0259rbaycanla \u0259m\u0259kda\u015fl\u0131q etm\u0259kd\u0259 maraql\u0131 oldu\u011funu vur\u011fulay\u0131b v\u0259 bununla ba\u011fl\u0131 \u00f6lk\u0259sinin i\u015f adamlar\u0131n\u0131n Az\u0259rbaycana s\u0259f\u0259rinin t\u0259\u015fkilinin \u00f6n\u0259mini qeyd edib.<\/p>\n<p>H\u0259l\u0259 sovet d\u00f6vr\u00fcnd\u0259 Az\u0259rbaycanda Y\u0259m\u0259nd\u0259n \u00e7oxsayl\u0131 t\u0259l\u0259b\u0259nin t\u0259hsil ald\u0131\u011f\u0131n\u0131 v\u0259 h\u0259min m\u00fct\u0259x\u0259ssisl\u0259rin m\u00fcxt\u0259lif sah\u0259l\u0259rd\u0259 Y\u0259m\u0259nin inki\u015faf\u0131na t\u00f6hf\u0259 verdikl\u0259rini dey\u0259n s\u0259fir y\u0259m\u0259nli t\u0259l\u0259b\u0259l\u0259rin \u00f6lk\u0259mizd\u0259 t\u0259hsil almas\u0131 \u0259n\u0259n\u0259l\u0259rinin davam etdirilm\u0259sinin vacibliyin\u0259 toxunub.<\/p>\n<p>S\u00f6hb\u0259t zaman\u0131 Az\u0259rbaycan\u0131n v\u0259 Y\u0259m\u0259nin beyn\u0259lxalq t\u0259\u015fkilatlar \u00e7\u0259r\u00e7iv\u0259sind\u0259 u\u011furlu \u0259m\u0259kda\u015fl\u0131\u011f\u0131 qeyd olundu, iqtisadiyyat, ticar\u0259t, t\u0259hsil, s\u0259hiyy\u0259, m\u0259d\u0259niyy\u0259t v\u0259 dig\u0259r sah\u0259l\u0259rd\u0259 i\u015fbirliyi imkanlar\u0131n\u0131n ara\u015fd\u0131r\u0131lmas\u0131n\u0131n vacibliyi bildirilib.<\/p>\n<p><strong>***<\/strong><\/p>\n<p><strong>14:08<\/strong><\/p>\n<p><strong>Az\u0259rbaycan Prezidenti \u0130lham \u018fliyev dekabr\u0131n 3-d\u0259 El-Salvador Respublikas\u0131n\u0131n \u00f6lk\u0259mizd\u0259 yeni t\u0259yin olunmu\u015f f\u00f6vq\u0259lad\u0259 v\u0259 s\u0259lahiyy\u0259tli s\u0259firi Enrike Haime Kalderonun etimadnam\u0259sini q\u0259bul edib.<\/strong><\/p>\n<p><strong>ARANTV.AZ <\/strong>\u00a0x\u0259b\u0259r verir ki, s\u0259fir etimadnam\u0259sini d\u00f6vl\u0259timizin ba\u015f\u00e7\u0131s\u0131na t\u0259qdim edib.<\/p>\n<p>Prezident \u0130lham \u018fliyev s\u0259firl\u0259 s\u00f6hb\u0259t edib.<\/p>\n<p>D\u00f6vl\u0259t ba\u015f\u00e7\u0131s\u0131 \u0259m\u0259kda\u015fl\u0131\u011f\u0131n qurulmas\u0131 istiqam\u0259tind\u0259 s\u0259firin \u00f6z s\u0259yl\u0259rini \u0259sirg\u0259m\u0259y\u0259c\u0259yin\u0259, bu bax\u0131mdan onun Az\u0259rbaycan\u0131n r\u0259smi qurumlar\u0131 il\u0259 s\u0259m\u0259r\u0259li \u0259laq\u0259l\u0259r quraca\u011f\u0131na \u00fcmidvar oldu\u011funu bildir\u0259r\u0259k, bir s\u0131ra sah\u0259l\u0259rd\u0259, o c\u00fcml\u0259d\u0259n iqtisadi \u0259m\u0259kda\u015fl\u0131qla ba\u011fl\u0131 imkanlar\u0131n m\u00fc\u0259yy\u0259nl\u0259\u015fdirilm\u0259sinin z\u0259ruriliyini vur\u011fulay\u0131b.<\/p>\n<p>S\u0259fir ilk n\u00f6vb\u0259d\u0259 COP29-da \u00f6lk\u0259sinin i\u015ftirak\u0131n\u0131 m\u0259mnunluqla xat\u0131rlayaraq, bu t\u0259dbirin y\u00fcks\u0259k s\u0259viyy\u0259d\u0259 t\u0259\u015fkil edilm\u0259si il\u0259 ba\u011fl\u0131 Az\u0259rbaycan Prezidentini t\u0259brik edib. O vur\u011fulay\u0131b ki, COP29-un t\u0259\u015fkili, \u00f6lk\u0259mizin inki\u015faf\u0131 v\u0259 \u0259ld\u0259 etdiyi nailiyy\u0259tl\u0259r, Bak\u0131 \u015f\u0259h\u0259rinin g\u00f6z\u0259lliyi bu t\u0259dbir zaman\u0131 El-Salvadordan Az\u0259rbaycana s\u0259f\u0259r\u0259 g\u0259lmi\u015f n\u00fcmay\u0259nd\u0259 hey\u0259tin\u0259 d\u0259rin t\u0259\u0259s\u00fcrat ba\u011f\u0131\u015flay\u0131b.<\/p>\n<p>Bu il Az\u0259rbaycanla El-Salvador aras\u0131nda diplomatik m\u00fcnasib\u0259tl\u0259rin yarad\u0131lmas\u0131n\u0131n 25 illiyinin qeyd edildiyini dey\u0259n Enrike Haime Kalderon m\u00fcxt\u0259lif istiqam\u0259tl\u0259rd\u0259 \u0259m\u0259kda\u015fl\u0131\u011f\u0131n qurulmas\u0131n\u0131n vacibliyin\u0259, o c\u00fcml\u0259d\u0259n infrastruktur, n\u0259qliyyat, energetika sah\u0259l\u0259ri \u00fczr\u0259 \u00f6lk\u0259sin\u0259 investisiya qoyulu\u015fu imkanlar\u0131n\u0131n m\u00fc\u0259yy\u0259n edilm\u0259sinin \u00f6n\u0259min\u0259 toxunub.<\/p>\n<p>S\u0259fir Az\u0259rbaycan\u0131n energetika sah\u0259sind\u0259 b\u00f6y\u00fck u\u011furlar qazand\u0131\u011f\u0131n\u0131 vur\u011fulayaraq, bu istiqam\u0259td\u0259 \u00f6lk\u0259mizin t\u0259cr\u00fcb\u0259sinin \u00f6yr\u0259nilm\u0259sind\u0259 maraql\u0131 olduqlar\u0131n\u0131 bildirib.<\/p>\n<p>D\u00f6vl\u0259timizin ba\u015f\u00e7\u0131s\u0131 \u0259laq\u0259l\u0259rimizin ir\u0259li apar\u0131lmas\u0131 \u00fc\u00e7\u00fcn ilk n\u00f6vb\u0259d\u0259 adi insanlar\u0131n v\u0259 biznes dair\u0259l\u0259rinin \u00f6lk\u0259l\u0259rimiz bar\u0259d\u0259 daha \u00e7ox m\u0259lumatlanmalar\u0131n\u0131n vacibliyin\u0259 toxunub.<\/p>\n<p>S\u00f6hb\u0259t zaman\u0131 Az\u0259rbaycanla El-Salvador aras\u0131nda iqtisadiyyat, ticar\u0259t, turizm, t\u0259hsil v\u0259 dig\u0259r sah\u0259l\u0259rd\u0259 \u0259m\u0259kda\u015fl\u0131q \u00fc\u00e7\u00fcn b\u00f6y\u00fck perspektivl\u0259rin oldu\u011fu qeyd edilib.<\/p>\n<p><strong>***<\/strong><\/p>\n<div class=\"time-divider\"><strong>13:29<\/strong><\/p>\n<p><strong>Az\u0259rbaycan Respublikas\u0131n\u0131n Prezidenti \u0130lham \u018fliyev dekabr\u0131n 3-d\u0259 Mavritaniya \u0130slam Respublikas\u0131n\u0131n \u00f6lk\u0259mizd\u0259 yeni t\u0259yin olunmu\u015f f\u00f6vq\u0259lad\u0259 v\u0259 s\u0259lahiyy\u0259tli s\u0259firi Sid \u018fhm\u0259d \u0259l-Bekaye Hamadinin etimadnam\u0259sini q\u0259bul edib.<\/strong><\/div>\n<p><strong>ARANTV.AZ <\/strong>\u00a0x\u0259b\u0259r verir ki, s\u0259fir etimadnam\u0259sini d\u00f6vl\u0259timizin ba\u015f\u00e7\u0131s\u0131na t\u0259qdim etdi.<\/p>\n<p>Prezident \u0130lham \u018fliyev s\u0259firl\u0259 s\u00f6hb\u0259t etdi.<\/p>\n<p>Az\u0259rbaycan\u0131n v\u0259 Mavritaniyan\u0131n \u0259n\u0259n\u0259vi olaraq dostluq \u015f\u0259raitind\u0259 \u0259m\u0259kda\u015fl\u0131q etm\u0259sind\u0259n m\u0259mnunlu\u011funu bildir\u0259n d\u00f6vl\u0259timizin ba\u015f\u00e7\u0131s\u0131 bunun beyn\u0259lxalq t\u0259\u015fkilatlarda, x\u00fcsusil\u0259 BMT-d\u0259 qar\u015f\u0131l\u0131ql\u0131 d\u0259st\u0259k v\u0259 birg\u0259 f\u0259aliyy\u0259td\u0259 d\u0259 \u00f6z\u00fcn\u00fc b\u00fcruz\u0259 verdiyini dedi. Prezident \u0130lham \u018fliyev m\u00fcxt\u0259lif sah\u0259l\u0259rd\u0259 m\u00fcnasib\u0259tl\u0259rimizin m\u00f6hk\u0259ml\u0259ndirilm\u0259sinin \u00f6n\u0259min\u0259 toxunaraq, siyasi \u0259laq\u0259l\u0259rimizin geni\u015fl\u0259ndirilm\u0259sinin, ikit\u0259r\u0259fli \u0259m\u0259kda\u015fl\u0131\u011f\u0131n inki\u015faf\u0131nda qar\u015f\u0131l\u0131ql\u0131 s\u0259f\u0259rl\u0259rin t\u0259\u015fkilinin, iqtisadi-ticari \u0259laq\u0259l\u0259rin inki\u015faf etdirilm\u0259sinin z\u0259ruriliyini qeyd etdi.<\/p>\n<p>Xo\u015f s\u00f6zl\u0259r\u0259 g\u00f6r\u0259 minn\u0259tdarl\u0131\u011f\u0131n\u0131 bildir\u0259n s\u0259fir ilk n\u00f6vb\u0259d\u0259 Mavritaniya Prezidenti M\u0259h\u0259mm\u0259d uld \u015eeyx \u0259l-Qazuaninin salamlar\u0131n\u0131 v\u0259 \u0259n xo\u015f arzular\u0131n\u0131 d\u00f6vl\u0259timizin ba\u015f\u00e7\u0131s\u0131na \u00e7atd\u0131rd\u0131. Sid \u018fhm\u0259d \u0259l-Bekaye Hamadi vur\u011fulad\u0131 ki, Mavritaniya Prezidenti dost \u00f6lk\u0259l\u0259rimiz aras\u0131nda \u0259laq\u0259l\u0259rin daha da geni\u015fl\u0259ndirilm\u0259si v\u0259 m\u00f6hk\u0259ml\u0259ndirilm\u0259si il\u0259 ba\u011fl\u0131 ona tap\u015f\u0131r\u0131qlar verib.<\/p>\n<p>D\u00f6vl\u0259timizin ba\u015f\u00e7\u0131s\u0131 salamlara g\u00f6r\u0259 minn\u0259tdarl\u0131\u011f\u0131n\u0131 bildirdi, onun da salamlar\u0131n\u0131 Mavritaniya Prezidentin\u0259 \u00e7atd\u0131rma\u011f\u0131 xahi\u015f etdi.<\/p>\n<p>Sid \u018fhm\u0259d \u0259l-Bekaye Hamadi COP29-un \u00e7ox u\u011furla ke\u00e7irilm\u0259si v\u0259 Az\u0259rbaycan Prezidentinin m\u00fcdrik r\u0259hb\u0259rliyi il\u0259 \u00f6lk\u0259mizin b\u00f6y\u00fck nailiyy\u0259tl\u0259r qazanmas\u0131 v\u0259 s\u00fcr\u0259tli inki\u015faf\u0131 m\u00fcnasib\u0259til\u0259 t\u0259brikl\u0259rini \u00e7atd\u0131rd\u0131.<\/p>\n<p>\u00d6lk\u0259l\u0259rimiz aras\u0131nda \u0259m\u0259kda\u015fl\u0131\u011f\u0131n inki\u015faf\u0131 \u00fc\u00e7\u00fcn b\u00f6y\u00fck potensial\u0131n oldu\u011funu dey\u0259n s\u0259fir s\u0259hiyy\u0259, t\u0259hsil, k\u0259nd t\u0259s\u0259rr\u00fcfat\u0131, bal\u0131q\u00e7\u0131l\u0131q v\u0259 m\u0259d\u0259n\u00e7ilik sah\u0259l\u0259rind\u0259ki geni\u015f imkanlar\u0131 qeyd etdi. O, h\u0259m\u00e7inin Mavritaniyadan olan t\u0259l\u0259b\u0259l\u0259r \u00fc\u00e7\u00fcn Az\u0259rbaycanda t\u0259hsil t\u0259qa\u00fcdl\u0259rinin verilm\u0259si imkanlar\u0131na bax\u0131lmas\u0131n\u0131 xahi\u015f etdi.<\/p>\n<p>G\u00f6r\u00fc\u015fd\u0259 ikit\u0259r\u0259fli iqtisadi-ticari \u0259laq\u0259l\u0259rin potensial\u0131n\u0131n ara\u015fd\u0131r\u0131lmas\u0131 \u00fc\u00e7\u00fcn m\u00fcvafiq i\u015f\u00e7i qruplar\u0131n\u0131n yarad\u0131lmas\u0131 v\u0259 s\u0259f\u0259rl\u0259rin t\u0259\u015fkil edilm\u0259si m\u0259s\u0259l\u0259si qeyd olundu.<\/p>\n<p>S\u00f6hb\u0259t zaman\u0131 elm v\u0259 t\u0259hsil sah\u0259l\u0259rind\u0259 \u0259m\u0259kda\u015fl\u0131qla ba\u011fl\u0131 da fikir m\u00fcbadil\u0259si apar\u0131ld\u0131.<\/p>\n<p><strong>***<\/strong><\/p>\n<p><strong>11:09<\/strong><\/p>\n<p><strong>Az\u0259rbaycan Respublikas\u0131n\u0131n Prezidenti \u0130lham \u018fliyev dekabr\u0131n 3-d\u0259 Y\u0259m\u0259n Respublikas\u0131n\u0131n \u00f6lk\u0259mizd\u0259 yeni t\u0259yin olunmu\u015f f\u00f6vq\u0259lad\u0259 v\u0259 s\u0259lahiyy\u0259tli s\u0259firi M\u0259h\u0259mm\u0259d Saleh \u018fhm\u0259d Turiqin etimadnam\u0259sini q\u0259bul edib.<\/strong><\/p>\n<p><strong>ARANTV.AZ <\/strong>\u00a0x\u0259b\u0259r verir ki, bu bar\u0259d\u0259 Prezidentin M\u0259tbuat Xidm\u0259ti m\u0259lumat\u0131 yay\u0131b.<\/p>\n<p><strong>***<\/strong><\/p>\n<p><strong>Prezident \u0130lham \u018fliyev Mavritaniyan\u0131n \u00f6lk\u0259mizd\u0259 yeni t\u0259yin olunmu\u015f f\u00f6vq\u0259lad\u0259 v\u0259 s\u0259lahiyy\u0259tli s\u0259firi Sid \u018fhm\u0259d \u0259l-Bekaye Hamadinin etimadnam\u0259sini q\u0259bul edib.<\/strong><\/p>\n<p><b>ARANTV.AZ <\/b>x\u0259b\u0259r verir ki, bununla ba\u011fl\u0131 Prezidentin M\u0259tbuat Xidm\u0259ti m\u0259lumat yay\u0131b.<\/p>\n<p><strong>***<\/strong><\/p>\n<p><strong>Prezident \u0130lham \u018fliyev El-Salvadorun \u00f6lk\u0259mizd\u0259 yeni t\u0259yin olunmu\u015f f\u00f6vq\u0259lad\u0259 v\u0259 s\u0259lahiyy\u0259tli s\u0259firi Enrike Haime Kalderonun etimadnam\u0259sini q\u0259bul edib.<\/strong><\/p>\n<div><\/div>\n<div><img class=\"img-responsive\" title=\"\" src=\"https:\/\/qafqazinfo.az\/uploads\/1733208477\/17332084052405036863_1200x630.jpg\" alt=\"\" \/><br \/>\n<img class=\"img-responsive\" title=\"\" src=\"https:\/\/qafqazinfo.az\/uploads\/1733208477\/1733208405104669057_1200x630.jpg\" alt=\"\" \/><br \/>\n<img class=\"img-responsive\" title=\"\" src=\"https:\/\/qafqazinfo.az\/uploads\/1733208477\/17332084053271133380_1200x630.jpg\" alt=\"\" \/><br \/>\n<img class=\"img-responsive\" title=\"\" src=\"https:\/\/qafqazinfo.az\/uploads\/1733208890\/17332087802905231352_1200x630.jpg\" alt=\"\" \/><br \/>\n<img class=\"img-responsive\" title=\"\" src=\"https:\/\/qafqazinfo.az\/uploads\/1733208890\/17332087802407310960_1200x630.jpg\" alt=\"\" \/><\/div>\n<\/div>\n<div>\n<div class=\"form-group\"><img class=\"img-responsive\" src=\"https:\/\/cdn.musavat.com\/news\/images\/Ayten\/YAMAN%201.jpg\" \/><\/div>\n<div class=\"form-group\"><img class=\"img-responsive\" src=\"https:\/\/cdn.musavat.com\/news\/images\/Ayten\/YAMAN%202.jpg\" \/><\/div>\n<div class=\"form-group\"><img class=\"img-responsive\" src=\"https:\/\/cdn.musavat.com\/news\/images\/Ayten\/YAMAN%203.jpg\" \/><\/div>\n<div class=\"form-group\"><img class=\"img-responsive\" src=\"https:\/\/cdn.musavat.com\/news\/images\/Ayten\/YAMAN%205.jpg\" \/><\/div>\n<div class=\"form-group\"><img class=\"img-responsive\" src=\"https:\/\/cdn.musavat.com\/news\/images\/Ayten\/YAMAN%206.jpg\" \/><\/div>\n<div class=\"form-group\"><img class=\"img-responsive\" src=\"https:\/\/cdn.musavat.com\/news\/images\/Ayten\/YAMAN.jpg\" \/><\/div>\n<\/div>\n<div><\/div>\n<div class=\"inner-social-box\">\n<div class=\"subs-in-social subs-whatsapp\"><\/div>\n<\/div>\n","protected":false},"excerpt":{"rendered":"<p>Az\u0259rbaycan Respublikas\u0131n\u0131n Prezidenti \u0130lham \u018fliyev dekabr\u0131n 3-d\u0259 Y\u0259m\u0259n Respublikas\u0131n\u0131n \u00f6lk\u0259mizd\u0259 yeni t\u0259yin olunmu\u015f f\u00f6vq\u0259lad\u0259 v\u0259 s\u0259lahiyy\u0259tli s\u0259firi M\u0259h\u0259mm\u0259d Saleh \u018fhm\u0259d Turiqin etimadnam\u0259sini q\u0259bul edib. ARANTV.AZ \u00a0x\u0259b\u0259r verir ki, s\u0259fir etimadnam\u0259sini d\u00f6vl\u0259t ba\u015f\u00e7\u0131s\u0131na t\u0259qdim edib. Prezident \u0130lham \u018fliyev s\u0259firl\u0259 s\u00f6hb\u0259t edib. D\u00f6vl\u0259t ba\u015f\u00e7\u0131s\u0131 COP29 zaman\u0131 Y\u0259m\u0259nin vitse-prezidenti il\u0259 g\u00f6r\u00fc\u015f\u00fcn\u00fc xat\u0131rladaraq, bunun \u0259laq\u0259l\u0259rimizin tarixind\u0259 bu s\u0259viyy\u0259d\u0259 ilk g\u00f6r\u00fc\u015f oldu\u011funu qeyd etdi v\u0259 orada m\u00fczakir\u0259 olunan m\u0259s\u0259l\u0259l\u0259rin h\u0259yata ke\u00e7irilm\u0259sinin \u0259h\u0259miyy\u0259tini vur\u011fulay\u0131b. Prezident \u0130lham \u018fliyev ilk n\u00f6vb\u0259d\u0259 beyn\u0259lxalq m\u00fcst\u0259vid\u0259 qar\u015f\u0131l\u0131ql\u0131 d\u0259st\u0259yin davam etdirilm\u0259sinin, iqtisadi sah\u0259d\u0259, o c\u00fcml\u0259d\u0259n ticar\u0259t, s\u0259rmay\u0259 qoyulu\u015fu v\u0259 dig\u0259r istiqam\u0259tl\u0259rd\u0259 imkanlar\u0131n&hellip;<\/p>\n","protected":false},"author":2,"featured_media":772702,"comment_status":"closed","ping_status":"closed","sticky":false,"template":"","format":"standard","meta":{"om_disable_all_campaigns":false,"_monsterinsights_skip_tracking":false,"_monsterinsights_sitenote_active":false,"_monsterinsights_sitenote_note":"","_monsterinsights_sitenote_category":0},"categories":[4],"tags":[],"aioseo_notices":[],"gutentor_comment":0,"rttpg_featured_image_url":{"full":["https:\/\/arantv.az\/wp-content\/uploads\/2024\/12\/c2ffd8cdfd0f95367e4b7e28b8feb586.jpg",870,500,false],"landscape":["https:\/\/arantv.az\/wp-content\/uploads\/2024\/12\/c2ffd8cdfd0f95367e4b7e28b8feb586.jpg",870,500,false],"portraits":["https:\/\/arantv.az\/wp-content\/uploads\/2024\/12\/c2ffd8cdfd0f95367e4b7e28b8feb586.jpg",870,500,false],"thumbnail":["https:\/\/arantv.az\/wp-content\/uploads\/2024\/12\/c2ffd8cdfd0f95367e4b7e28b8feb586-500x280.jpg",500,280,true],"medium":["https:\/\/arantv.az\/wp-content\/uploads\/2024\/12\/c2ffd8cdfd0f95367e4b7e28b8feb586-635x365.jpg",635,365,true],"large":["https:\/\/arantv.az\/wp-content\/uploads\/2024\/12\/c2ffd8cdfd0f95367e4b7e28b8feb586-840x483.jpg",640,368,true],"1536x1536":["https:\/\/arantv.az\/wp-content\/uploads\/2024\/12\/c2ffd8cdfd0f95367e4b7e28b8feb586.jpg",870,500,false],"2048x2048":["https:\/\/arantv.az\/wp-content\/uploads\/2024\/12\/c2ffd8cdfd0f95367e4b7e28b8feb586.jpg",870,500,false],"post-thumbnail":["https:\/\/arantv.az\/wp-content\/uploads\/2024\/12\/c2ffd8cdfd0f95367e4b7e28b8feb586-240x172.jpg",240,172,true],"advps-thumb-one":["https:\/\/arantv.az\/wp-content\/uploads\/2024\/12\/c2ffd8cdfd0f95367e4b7e28b8feb586.jpg",870,500,false]},"rttpg_author":{"display_name":"V\u00fcsal Rafiqo\u011flu","author_link":"https:\/\/arantv.az\/?author=2"},"rttpg_comment":0,"rttpg_category":"<a href=\"https:\/\/arantv.az\/?cat=4\" rel=\"category\">Siyas\u0259t<\/a>","rttpg_excerpt":"Az\u0259rbaycan Respublikas\u0131n\u0131n Prezidenti \u0130lham \u018fliyev dekabr\u0131n 3-d\u0259 Y\u0259m\u0259n Respublikas\u0131n\u0131n \u00f6lk\u0259mizd\u0259 yeni t\u0259yin olunmu\u015f f\u00f6vq\u0259lad\u0259 v\u0259 s\u0259lahiyy\u0259tli s\u0259firi M\u0259h\u0259mm\u0259d Saleh \u018fhm\u0259d Turiqin etimadnam\u0259sini q\u0259bul edib. ARANTV.AZ \u00a0x\u0259b\u0259r verir ki, s\u0259fir etimadnam\u0259sini d\u00f6vl\u0259t ba\u015f\u00e7\u0131s\u0131na t\u0259qdim edib. Prezident \u0130lham \u018fliyev s\u0259firl\u0259 s\u00f6hb\u0259t edib. D\u00f6vl\u0259t ba\u015f\u00e7\u0131s\u0131 COP29 zaman\u0131 Y\u0259m\u0259nin vitse-prezidenti il\u0259 g\u00f6r\u00fc\u015f\u00fcn\u00fc xat\u0131rladaraq, bunun \u0259laq\u0259l\u0259rimizin tarixind\u0259 bu s\u0259viyy\u0259d\u0259 ilk&hellip;","_links":{"self":[{"href":"https:\/\/arantv.az\/index.php?rest_route=\/wp\/v2\/posts\/772701"}],"collection":[{"href":"https:\/\/arantv.az\/index.php?rest_route=\/wp\/v2\/posts"}],"about":[{"href":"https:\/\/arantv.az\/index.php?rest_route=\/wp\/v2\/types\/post"}],"author":[{"embeddable":true,"href":"https:\/\/arantv.az\/index.php?rest_route=\/wp\/v2\/users\/2"}],"replies":[{"embeddable":true,"href":"https:\/\/arantv.az\/index.php?rest_route=%2Fwp%2Fv2%2Fcomments&post=772701"}],"version-history":[{"count":1,"href":"https:\/\/arantv.az\/index.php?rest_route=\/wp\/v2\/posts\/772701\/revisions"}],"predecessor-version":[{"id":772703,"href":"https:\/\/arantv.az\/index.php?rest_route=\/wp\/v2\/posts\/772701\/revisions\/772703"}],"wp:featuredmedia":[{"embeddable":true,"href":"https:\/\/arantv.az\/index.php?rest_route=\/wp\/v2\/media\/772702"}],"wp:attachment":[{"href":"https:\/\/arantv.az\/index.php?rest_route=%2Fwp%2Fv2%2Fmedia&parent=772701"}],"wp:term":[{"taxonomy":"category","embeddable":true,"href":"https:\/\/arantv.az\/index.php?rest_route=%2Fwp%2Fv2%2Fcategories&post=772701"},{"taxonomy":"post_tag","embeddable":true,"href":"https:\/\/arantv.az\/index.php?rest_route=%2Fwp%2Fv2%2Ftags&post=772701"}],"curies":[{"name":"wp","href":"https:\/\/api.w.org\/{rel}","templated":true}]}}