{"id":772710,"date":"2024-12-03T18:14:00","date_gmt":"2024-12-03T14:14:00","guid":{"rendered":"https:\/\/arantv.az\/?p=772710"},"modified":"2024-12-03T18:14:00","modified_gmt":"2024-12-03T14:14:00","slug":"vuqarin-fotosu","status":"publish","type":"post","link":"https:\/\/arantv.az\/?p=772710","title":{"rendered":"V\u00fcqar\u0131n fotosu&#8230;"},"content":{"rendered":"<p><a title=\"xeberler son xeberler 2024\" href=\"https:\/\/big.az\/\" target=\"_blank\" rel=\"noopener\">X\u0259b\u0259r<\/a>\u00a0verdiyimiz kimi, Ab\u015feron rayonu, Novxan\u0131 k\u0259ndind\u0259 f\u0259rdi ya\u015fay\u0131\u015f evind\u0259 partlay\u0131\u015f ba\u015f verib.<\/p>\n<p>&#8220;Qafqazinfo&#8221;nun m\u0259lumat\u0131na g\u00f6r\u0259, hadis\u0259 m\u0259rhum \u015fahmat\u00e7\u0131 V\u00fcqar H\u0259\u015fimovun ail\u0259sinin ya\u015fad\u0131\u011f\u0131 evd\u0259 olub.<\/p>\n<p>Hadis\u0259 n\u0259tic\u0259sind\u0259 V.H\u0259\u015fimovun h\u0259min evd\u0259 olan fotosu da z\u0259r\u0259r g\u00f6r\u00fcb.<\/p>\n<div class=\"AdviadNativeVideo\"><\/div>\n<p>Qeyd ed\u0259k ki, V\u00fcqar H\u0259\u015fimov Az\u0259rbaycan \u015fahmat millisinin \u00fczv\u00fc olub. O, 2009-cu ild\u0259 y\u0131\u011fmam\u0131zla Avropa \u00e7empionu ad\u0131n\u0131 qazan\u0131b. Qrossmeyster millimiz\u0259 qit\u0259 \u00e7empionlu\u011fu titulunu g\u0259tir\u0259n q\u0259l\u0259b\u0259y\u0259 imza at\u0131b. O, 2014-c\u00fc ild\u0259, 28 ya\u015f\u0131nda beyin x\u0259r\u00e7\u0259ngind\u0259n d\u00fcnyas\u0131n\u0131 d\u0259yi\u015fib.<\/p>\n<p>Foto: Report<br \/>\n<img class=\"imgbcode\" src=\"https:\/\/upload.az\/foto\/arxiv\/veveveveve.jpg\" alt=\"V\u00fcqar\u0131n fotosu...\" \/><img class=\"imgbcode\" src=\"https:\/\/upload.az\/foto\/arxiv\/v4.jpeg\" alt=\"V\u00fcqar\u0131n fotosu...\" \/><img class=\"imgbcode\" src=\"https:\/\/upload.az\/foto\/arxiv\/v5.jpeg\" alt=\"V\u00fcqar\u0131n fotosu...\" \/><img class=\"imgbcode\" src=\"https:\/\/upload.az\/foto\/arxiv\/v3.jpeg\" alt=\"V\u00fcqar\u0131n fotosu...\" \/><img class=\"imgbcode\" src=\"https:\/\/upload.az\/foto\/arxiv\/v1_41733217040.jpeg\" alt=\"V\u00fcqar\u0131n fotosu...\" \/><img class=\"imgbcode\" src=\"https:\/\/upload.az\/foto\/arxiv\/v2_71733217040.jpeg\" alt=\"V\u00fcqar\u0131n fotosu...\" \/><\/p>\n","protected":false},"excerpt":{"rendered":"<p>X\u0259b\u0259r\u00a0verdiyimiz kimi, Ab\u015feron rayonu, Novxan\u0131 k\u0259ndind\u0259 f\u0259rdi ya\u015fay\u0131\u015f evind\u0259 partlay\u0131\u015f ba\u015f verib. &#8220;Qafqazinfo&#8221;nun m\u0259lumat\u0131na g\u00f6r\u0259, hadis\u0259 m\u0259rhum \u015fahmat\u00e7\u0131 V\u00fcqar H\u0259\u015fimovun ail\u0259sinin ya\u015fad\u0131\u011f\u0131 evd\u0259 olub. Hadis\u0259 n\u0259tic\u0259sind\u0259 V.H\u0259\u015fimovun h\u0259min evd\u0259 olan fotosu da z\u0259r\u0259r g\u00f6r\u00fcb. Qeyd ed\u0259k ki, V\u00fcqar H\u0259\u015fimov Az\u0259rbaycan \u015fahmat millisinin \u00fczv\u00fc olub. O, 2009-cu ild\u0259 y\u0131\u011fmam\u0131zla Avropa \u00e7empionu ad\u0131n\u0131 qazan\u0131b. Qrossmeyster millimiz\u0259 qit\u0259 \u00e7empionlu\u011fu titulunu g\u0259tir\u0259n q\u0259l\u0259b\u0259y\u0259 imza at\u0131b. O, 2014-c\u00fc ild\u0259, 28 ya\u015f\u0131nda beyin x\u0259r\u00e7\u0259ngind\u0259n d\u00fcnyas\u0131n\u0131 d\u0259yi\u015fib. Foto: Report<\/p>\n","protected":false},"author":2,"featured_media":772711,"comment_status":"closed","ping_status":"closed","sticky":false,"template":"","format":"standard","meta":{"om_disable_all_campaigns":false,"_monsterinsights_skip_tracking":false,"_monsterinsights_sitenote_active":false,"_monsterinsights_sitenote_note":"","_monsterinsights_sitenote_category":0},"categories":[1],"tags":[],"aioseo_notices":[],"gutentor_comment":0,"rttpg_featured_image_url":{"full":["https:\/\/arantv.az\/wp-content\/uploads\/2024\/12\/vuqarrrrrrrrrrrrrr.jpg",637,400,false],"landscape":["https:\/\/arantv.az\/wp-content\/uploads\/2024\/12\/vuqarrrrrrrrrrrrrr.jpg",637,400,false],"portraits":["https:\/\/arantv.az\/wp-content\/uploads\/2024\/12\/vuqarrrrrrrrrrrrrr.jpg",637,400,false],"thumbnail":["https:\/\/arantv.az\/wp-content\/uploads\/2024\/12\/vuqarrrrrrrrrrrrrr-500x280.jpg",500,280,true],"medium":["https:\/\/arantv.az\/wp-content\/uploads\/2024\/12\/vuqarrrrrrrrrrrrrr-581x365.jpg",581,365,true],"large":["https:\/\/arantv.az\/wp-content\/uploads\/2024\/12\/vuqarrrrrrrrrrrrrr.jpg",637,400,false],"1536x1536":["https:\/\/arantv.az\/wp-content\/uploads\/2024\/12\/vuqarrrrrrrrrrrrrr.jpg",637,400,false],"2048x2048":["https:\/\/arantv.az\/wp-content\/uploads\/2024\/12\/vuqarrrrrrrrrrrrrr.jpg",637,400,false],"post-thumbnail":["https:\/\/arantv.az\/wp-content\/uploads\/2024\/12\/vuqarrrrrrrrrrrrrr-240x172.jpg",240,172,true],"advps-thumb-one":["https:\/\/arantv.az\/wp-content\/uploads\/2024\/12\/vuqarrrrrrrrrrrrrr.jpg",637,400,false]},"rttpg_author":{"display_name":"V\u00fcsal Rafiqo\u011flu","author_link":"https:\/\/arantv.az\/?author=2"},"rttpg_comment":0,"rttpg_category":"<a href=\"https:\/\/arantv.az\/?cat=1\" rel=\"category\">C\u0259miyy\u0259t<\/a>","rttpg_excerpt":"X\u0259b\u0259r\u00a0verdiyimiz kimi, Ab\u015feron rayonu, Novxan\u0131 k\u0259ndind\u0259 f\u0259rdi ya\u015fay\u0131\u015f evind\u0259 partlay\u0131\u015f ba\u015f verib. &#8220;Qafqazinfo&#8221;nun m\u0259lumat\u0131na g\u00f6r\u0259, hadis\u0259 m\u0259rhum \u015fahmat\u00e7\u0131 V\u00fcqar H\u0259\u015fimovun ail\u0259sinin ya\u015fad\u0131\u011f\u0131 evd\u0259 olub. Hadis\u0259 n\u0259tic\u0259sind\u0259 V.H\u0259\u015fimovun h\u0259min evd\u0259 olan fotosu da z\u0259r\u0259r g\u00f6r\u00fcb. Qeyd ed\u0259k ki, V\u00fcqar H\u0259\u015fimov Az\u0259rbaycan \u015fahmat millisinin \u00fczv\u00fc olub. O, 2009-cu ild\u0259 y\u0131\u011fmam\u0131zla Avropa \u00e7empionu ad\u0131n\u0131 qazan\u0131b. Qrossmeyster millimiz\u0259 qit\u0259&hellip;","_links":{"self":[{"href":"https:\/\/arantv.az\/index.php?rest_route=\/wp\/v2\/posts\/772710"}],"collection":[{"href":"https:\/\/arantv.az\/index.php?rest_route=\/wp\/v2\/posts"}],"about":[{"href":"https:\/\/arantv.az\/index.php?rest_route=\/wp\/v2\/types\/post"}],"author":[{"embeddable":true,"href":"https:\/\/arantv.az\/index.php?rest_route=\/wp\/v2\/users\/2"}],"replies":[{"embeddable":true,"href":"https:\/\/arantv.az\/index.php?rest_route=%2Fwp%2Fv2%2Fcomments&post=772710"}],"version-history":[{"count":2,"href":"https:\/\/arantv.az\/index.php?rest_route=\/wp\/v2\/posts\/772710\/revisions"}],"predecessor-version":[{"id":772713,"href":"https:\/\/arantv.az\/index.php?rest_route=\/wp\/v2\/posts\/772710\/revisions\/772713"}],"wp:featuredmedia":[{"embeddable":true,"href":"https:\/\/arantv.az\/index.php?rest_route=\/wp\/v2\/media\/772711"}],"wp:attachment":[{"href":"https:\/\/arantv.az\/index.php?rest_route=%2Fwp%2Fv2%2Fmedia&parent=772710"}],"wp:term":[{"taxonomy":"category","embeddable":true,"href":"https:\/\/arantv.az\/index.php?rest_route=%2Fwp%2Fv2%2Fcategories&post=772710"},{"taxonomy":"post_tag","embeddable":true,"href":"https:\/\/arantv.az\/index.php?rest_route=%2Fwp%2Fv2%2Ftags&post=772710"}],"curies":[{"name":"wp","href":"https:\/\/api.w.org\/{rel}","templated":true}]}}