{"id":772714,"date":"2024-12-03T18:16:17","date_gmt":"2024-12-03T14:16:17","guid":{"rendered":"https:\/\/arantv.az\/?p=772714"},"modified":"2024-12-03T18:16:17","modified_gmt":"2024-12-03T14:16:17","slug":"qvineya-bisaunun-naziri-asan-xidm%c9%99td%c9%99-olub","status":"publish","type":"post","link":"https:\/\/arantv.az\/?p=772714","title":{"rendered":"Qvineya-Bisaunun naziri \u201cASAN xidm\u0259t\u201dd\u0259 olub"},"content":{"rendered":"<div class=\"content lead font-weight-normal\">\n<p>Qvineya-Bisau Respublikas\u0131n\u0131n xarici i\u015fl\u0259r, beyn\u0259lxalq \u0259m\u0259kda\u015fl\u0131q v\u0259 xaricd\u0259ki icmalar naziri Karlos Pinto Pereiran\u0131n r\u0259hb\u0259rlik etdiyi n\u00fcmay\u0259nd\u0259 hey\u0259ti Az\u0259rbaycana s\u0259f\u0259r \u00e7\u0259r\u00e7iv\u0259sind\u0259 \u201cASAN xidm\u0259t\u201d m\u0259rk\u0259zinin f\u0259aliyy\u0259ti il\u0259 tan\u0131\u015f olub.<\/p>\n<p>Az\u0259rbaycan Respublikas\u0131n\u0131n Prezidenti yan\u0131nda V\u0259t\u0259nda\u015flara Xidm\u0259t v\u0259 Sosial \u0130nnovasiyalar \u00fczr\u0259 D\u00f6vl\u0259t Agentliyind\u0259n &#8220;\u0130ki sahil&#8221;\u0259 veril\u0259n m\u0259lumata g\u00f6r\u0259, D\u00f6vl\u0259t Agentliyinin s\u0259dri \u00dclvi Mehdiyev qona\u011fa r\u0259hb\u0259rlik etdiyi qurumun m\u00fcxt\u0259lif f\u0259aliyy\u0259t istiqam\u0259tl\u0259ri, o c\u00fcml\u0259d\u0259n Prezident \u0130lham \u018fliyevin t\u0259\u015f\u0259bb\u00fcs\u00fc \u0259sas\u0131nda yarad\u0131lm\u0131\u015f \u201cASAN xidm\u0259t\u201d m\u0259rk\u0259zl\u0259ri v\u0259 sosial innovasiyalar istiqam\u0259tind\u0259 h\u0259yata ke\u00e7iril\u0259n layih\u0259l\u0259r bar\u0259d\u0259 \u0259trafl\u0131 m\u0259lumat verib.<\/p>\n<p>H\u0259m\u00e7inin, D\u00f6vl\u0259t Agentliyinin 2015-ci ild\u0259 BMT-nin D\u00f6vl\u0259t Xidm\u0259tl\u0259ri M\u00fckafat\u0131na, 2019-cu ild\u0259 BMT-nin r\u0259q\u0259msal idar\u0259etm\u0259nin t\u0259tbiqi il\u0259 d\u00f6vl\u0259t xidm\u0259tl\u0259rinin inki\u015faf\u0131 sah\u0259sind\u0259 x\u00fcsusi m\u00fckafat\u0131na v\u0259 2023-c\u00fc ild\u0259 \u201cQlobal H\u00f6kum\u0259t M\u00fck\u0259mm\u0259lliyi M\u00fckafat\u0131\u201d Proqram\u0131 \u00e7\u0259r\u00e7iv\u0259sind\u0259 \u201cD\u00fcnyan\u0131n \u018fn Qabaqc\u0131l D\u00f6vl\u0259t Xidm\u0259ti\u201d se\u00e7il\u0259r\u0259k x\u00fcsusi m\u00fckafata layiq g\u00f6r\u00fclm\u0259si, o c\u00fcml\u0259d\u0259n \u201cASAN xidm\u0259t\u201d modelinin m\u00fcxt\u0259lif \u00f6lk\u0259l\u0259rd\u0259 u\u011furla t\u0259tbiq olundu\u011fu vur\u011fulan\u0131b.<\/p>\n<p>Qonaqlar \u201cASAN xidm\u0259t\u201d m\u0259rk\u0259zl\u0259rinin f\u0259aliyy\u0259tinin, buradak\u0131 innovativ yenilikl\u0259rin onlarda y\u00fcks\u0259k t\u0259\u0259ss\u00fcrat yaratd\u0131\u011f\u0131n\u0131 v\u0259 h\u0259min t\u0259cr\u00fcb\u0259nin \u00f6yr\u0259nilm\u0259sind\u0259 v\u0259 t\u0259tbiqind\u0259 maraql\u0131 olduqlar\u0131n\u0131 bildiribl\u0259r.<\/p>\n<p>G\u00f6r\u00fc\u015f \u00e7\u0259r\u00e7iv\u0259sind\u0259 n\u00fcmay\u0259nd\u0259 hey\u0259ti \u201cINNOLAND\u201d \u0130nkubasiya v\u0259 Akselerasiya M\u0259rk\u0259zinin, S\u0259yyar ASAN xidm\u0259tin, &#8220;ABAD&#8221; publik h\u00fcquqi \u015f\u0259xsin f\u0259aliyy\u0259ti il\u0259 tan\u0131\u015f olub.<\/p>\n<div class=\"clearfix\"><\/div>\n<\/div>\n<div class=\"fotorama--hidden\"><\/div>\n<div id=\"galleryList\" class=\"fotorama fotorama1733235325448\" data-nav=\"thumbs\" data-width=\"100%\" data-thumbwidth=\"90\" data-thumbheight=\"60\" data-allowfullscreen=\"true\" data-autoplay=\"3000\" data-ratio=\"1.5\" data-keyboard=\"true\" data-fit=\"contain\">\n<div class=\"fotorama__wrap fotorama__wrap--css3 fotorama__wrap--slide fotorama__wrap--toggle-arrows fotorama__wrap--no-controls\">\n<div class=\"fotorama__stage fotorama__pointer\">\n<div class=\"fotorama__fullscreen-icon\" tabindex=\"0\" role=\"button\"><\/div>\n<div class=\"fotorama__stage__shaft\">\n<div class=\"fotorama__stage__frame fotorama__loaded fotorama__loaded--img fotorama__active\"><img class=\"fotorama__img\" src=\"https:\/\/ikisahil.az\/photo\/0x0_2\/upload\/gallery\/2024\/12\/03\/-d2e9dd9d173322695090546144210209061.jpg\" \/><\/div>\n<div class=\"fotorama__stage__frame fotorama__loaded fotorama__loaded--img\"><img class=\"fotorama__img\" src=\"https:\/\/ikisahil.az\/photo\/0x0_2\/upload\/gallery\/2024\/12\/03\/-d148c06217332269509889975671088899.jpg\" \/><\/div>\n<\/div>\n<div class=\"fotorama__arr fotorama__arr--prev fotorama__arr--disabled\" tabindex=\"-1\" role=\"button\"><\/div>\n<div class=\"fotorama__arr fotorama__arr--next\" tabindex=\"0\" role=\"button\"><\/div>\n<div class=\"fotorama__video-close\"><\/div>\n<\/div>\n<div class=\"fotorama__nav-wrap\">\n<div class=\"fotorama__nav fotorama__nav--thumbs\">\n<div class=\"fotorama__nav__shaft\">\n<div class=\"fotorama__thumb-border\"><\/div>\n<div class=\"fotorama__nav__frame fotorama__nav__frame--thumb fotorama__active\" tabindex=\"0\" role=\"button\">\n<div class=\"fotorama__thumb fotorama__loaded fotorama__loaded--img\"><img class=\"fotorama__img\" src=\"https:\/\/ikisahil.az\/photo\/150x100_2\/upload\/gallery\/2024\/12\/03\/-d2e9dd9d173322695090546144210209061.jpg\" \/><\/div>\n<\/div>\n<div class=\"fotorama__nav__frame fotorama__nav__frame--thumb\" tabindex=\"0\" role=\"button\">\n<div class=\"fotorama__thumb fotorama__loaded fotorama__loaded--img\"><img class=\"fotorama__img\" src=\"https:\/\/ikisahil.az\/photo\/150x100_2\/upload\/gallery\/2024\/12\/03\/-d148c06217332269509889975671088899.jpg\" \/><\/div>\n<\/div>\n<\/div>\n<\/div>\n<\/div>\n<\/div>\n<\/div>\n<div class=\"sharing my-2 row no-gutters d-print-none\"><\/div>\n<div class=\"d-none d-sm-block\"><\/div>\n","protected":false},"excerpt":{"rendered":"<p>Qvineya-Bisau Respublikas\u0131n\u0131n xarici i\u015fl\u0259r, beyn\u0259lxalq \u0259m\u0259kda\u015fl\u0131q v\u0259 xaricd\u0259ki icmalar naziri Karlos Pinto Pereiran\u0131n r\u0259hb\u0259rlik etdiyi n\u00fcmay\u0259nd\u0259 hey\u0259ti Az\u0259rbaycana s\u0259f\u0259r \u00e7\u0259r\u00e7iv\u0259sind\u0259 \u201cASAN xidm\u0259t\u201d m\u0259rk\u0259zinin f\u0259aliyy\u0259ti il\u0259 tan\u0131\u015f olub. Az\u0259rbaycan Respublikas\u0131n\u0131n Prezidenti yan\u0131nda V\u0259t\u0259nda\u015flara Xidm\u0259t v\u0259 Sosial \u0130nnovasiyalar \u00fczr\u0259 D\u00f6vl\u0259t Agentliyind\u0259n &#8220;\u0130ki sahil&#8221;\u0259 veril\u0259n m\u0259lumata g\u00f6r\u0259, D\u00f6vl\u0259t Agentliyinin s\u0259dri \u00dclvi Mehdiyev qona\u011fa r\u0259hb\u0259rlik etdiyi qurumun m\u00fcxt\u0259lif f\u0259aliyy\u0259t istiqam\u0259tl\u0259ri, o c\u00fcml\u0259d\u0259n Prezident \u0130lham \u018fliyevin t\u0259\u015f\u0259bb\u00fcs\u00fc \u0259sas\u0131nda yarad\u0131lm\u0131\u015f \u201cASAN xidm\u0259t\u201d m\u0259rk\u0259zl\u0259ri v\u0259 sosial innovasiyalar istiqam\u0259tind\u0259 h\u0259yata ke\u00e7iril\u0259n layih\u0259l\u0259r bar\u0259d\u0259 \u0259trafl\u0131 m\u0259lumat verib. H\u0259m\u00e7inin, D\u00f6vl\u0259t Agentliyinin 2015-ci ild\u0259 BMT-nin D\u00f6vl\u0259t Xidm\u0259tl\u0259ri M\u00fckafat\u0131na, 2019-cu ild\u0259 BMT-nin&hellip;<\/p>\n","protected":false},"author":2,"featured_media":772715,"comment_status":"closed","ping_status":"closed","sticky":false,"template":"","format":"standard","meta":{"om_disable_all_campaigns":false,"_monsterinsights_skip_tracking":false,"_monsterinsights_sitenote_active":false,"_monsterinsights_sitenote_note":"","_monsterinsights_sitenote_category":0},"categories":[26],"tags":[],"aioseo_notices":[],"gutentor_comment":0,"rttpg_featured_image_url":{"full":["https:\/\/arantv.az\/wp-content\/uploads\/2024\/12\/6fab6e3a173322691169671569510305882.jpg",975,540,false],"landscape":["https:\/\/arantv.az\/wp-content\/uploads\/2024\/12\/6fab6e3a173322691169671569510305882.jpg",975,540,false],"portraits":["https:\/\/arantv.az\/wp-content\/uploads\/2024\/12\/6fab6e3a173322691169671569510305882.jpg",975,540,false],"thumbnail":["https:\/\/arantv.az\/wp-content\/uploads\/2024\/12\/6fab6e3a173322691169671569510305882-500x280.jpg",500,280,true],"medium":["https:\/\/arantv.az\/wp-content\/uploads\/2024\/12\/6fab6e3a173322691169671569510305882-660x365.jpg",660,365,true],"large":["https:\/\/arantv.az\/wp-content\/uploads\/2024\/12\/6fab6e3a173322691169671569510305882-840x465.jpg",640,354,true],"1536x1536":["https:\/\/arantv.az\/wp-content\/uploads\/2024\/12\/6fab6e3a173322691169671569510305882.jpg",975,540,false],"2048x2048":["https:\/\/arantv.az\/wp-content\/uploads\/2024\/12\/6fab6e3a173322691169671569510305882.jpg",975,540,false],"post-thumbnail":["https:\/\/arantv.az\/wp-content\/uploads\/2024\/12\/6fab6e3a173322691169671569510305882-240x172.jpg",240,172,true],"advps-thumb-one":["https:\/\/arantv.az\/wp-content\/uploads\/2024\/12\/6fab6e3a173322691169671569510305882.jpg",975,540,false]},"rttpg_author":{"display_name":"V\u00fcsal Rafiqo\u011flu","author_link":"https:\/\/arantv.az\/?author=2"},"rttpg_comment":0,"rttpg_category":"<a href=\"https:\/\/arantv.az\/?cat=26\" rel=\"category\">Sosial<\/a>","rttpg_excerpt":"Qvineya-Bisau Respublikas\u0131n\u0131n xarici i\u015fl\u0259r, beyn\u0259lxalq \u0259m\u0259kda\u015fl\u0131q v\u0259 xaricd\u0259ki icmalar naziri Karlos Pinto Pereiran\u0131n r\u0259hb\u0259rlik etdiyi n\u00fcmay\u0259nd\u0259 hey\u0259ti Az\u0259rbaycana s\u0259f\u0259r \u00e7\u0259r\u00e7iv\u0259sind\u0259 \u201cASAN xidm\u0259t\u201d m\u0259rk\u0259zinin f\u0259aliyy\u0259ti il\u0259 tan\u0131\u015f olub. Az\u0259rbaycan Respublikas\u0131n\u0131n Prezidenti yan\u0131nda V\u0259t\u0259nda\u015flara Xidm\u0259t v\u0259 Sosial \u0130nnovasiyalar \u00fczr\u0259 D\u00f6vl\u0259t Agentliyind\u0259n &#8220;\u0130ki sahil&#8221;\u0259 veril\u0259n m\u0259lumata g\u00f6r\u0259, D\u00f6vl\u0259t Agentliyinin s\u0259dri \u00dclvi Mehdiyev qona\u011fa r\u0259hb\u0259rlik etdiyi qurumun m\u00fcxt\u0259lif f\u0259aliyy\u0259t&hellip;","_links":{"self":[{"href":"https:\/\/arantv.az\/index.php?rest_route=\/wp\/v2\/posts\/772714"}],"collection":[{"href":"https:\/\/arantv.az\/index.php?rest_route=\/wp\/v2\/posts"}],"about":[{"href":"https:\/\/arantv.az\/index.php?rest_route=\/wp\/v2\/types\/post"}],"author":[{"embeddable":true,"href":"https:\/\/arantv.az\/index.php?rest_route=\/wp\/v2\/users\/2"}],"replies":[{"embeddable":true,"href":"https:\/\/arantv.az\/index.php?rest_route=%2Fwp%2Fv2%2Fcomments&post=772714"}],"version-history":[{"count":1,"href":"https:\/\/arantv.az\/index.php?rest_route=\/wp\/v2\/posts\/772714\/revisions"}],"predecessor-version":[{"id":772716,"href":"https:\/\/arantv.az\/index.php?rest_route=\/wp\/v2\/posts\/772714\/revisions\/772716"}],"wp:featuredmedia":[{"embeddable":true,"href":"https:\/\/arantv.az\/index.php?rest_route=\/wp\/v2\/media\/772715"}],"wp:attachment":[{"href":"https:\/\/arantv.az\/index.php?rest_route=%2Fwp%2Fv2%2Fmedia&parent=772714"}],"wp:term":[{"taxonomy":"category","embeddable":true,"href":"https:\/\/arantv.az\/index.php?rest_route=%2Fwp%2Fv2%2Fcategories&post=772714"},{"taxonomy":"post_tag","embeddable":true,"href":"https:\/\/arantv.az\/index.php?rest_route=%2Fwp%2Fv2%2Ftags&post=772714"}],"curies":[{"name":"wp","href":"https:\/\/api.w.org\/{rel}","templated":true}]}}