{"id":772717,"date":"2024-12-03T18:17:16","date_gmt":"2024-12-03T14:17:16","guid":{"rendered":"https:\/\/arantv.az\/?p=772717"},"modified":"2024-12-03T18:17:16","modified_gmt":"2024-12-03T14:17:16","slug":"cop29-az%c9%99rbaycanin-kecdiyi-inkisaf-yolunun-t%c9%99qdimatinda-novb%c9%99ti-platforma-oldu-t%c9%99hlil","status":"publish","type":"post","link":"https:\/\/arantv.az\/?p=772717","title":{"rendered":"COP29 Az\u0259rbaycan\u0131n ke\u00e7diyi inki\u015faf yolunun t\u0259qdimat\u0131nda n\u00f6vb\u0259ti platforma oldu &#8211; T\u018fHL\u0130L"},"content":{"rendered":"<p><em><strong>D\u00f6vl\u0259t ba\u015f\u00e7\u0131s\u0131 \u0130lham \u018fliyev daim bu fikri b\u00f6y\u00fck \u0259minlikl\u0259 qeyd edir ki, Az\u0259rbaycan \u0259n u\u011furlu \u00f6lk\u0259l\u0259rd\u0259n biridir<\/strong><\/em><\/p>\n<p>&#8220;Ya\u015f\u0131l d\u00fcnya namin\u0259 h\u0259mr\u0259ylik!&#8221;\u00a0\u015f\u00fcar\u0131n\u0131 r\u0259hb\u0259r tutan Az\u0259rbaycan bit\u0259r\u0259f vasit\u0259\u00e7i kimi \u00e7\u0131x\u0131\u015f ed\u0259r\u0259k dan\u0131\u015f\u0131qlar\u0131n q\u0259r\u0259zsiz apar\u0131lmas\u0131 \u00fc\u00e7\u00fcn b\u00fct\u00fcn imkanlar\u0131 yaratd\u0131. B\u00fct\u00fcn proses boyu biz inki\u015faf etm\u0259kd\u0259 olan \u00f6lk\u0259l\u0259rin, x\u00fcsusil\u0259 ki\u00e7ik ada d\u00f6vl\u0259tl\u0259rinin v\u0259 \u0259n az inki\u015faf etmi\u015f d\u00f6vl\u0259tl\u0259rin ehtiyaclar\u0131n\u0131 n\u0259z\u0259r\u0259 alan n\u0259tic\u0259 \u0259ld\u0259 etm\u0259y\u0259 \u00e7a\u011f\u0131r\u0131\u015f etdik, \u00e7\u00fcnki onlar iqlim d\u0259yi\u015fm\u0259l\u0259rinin a\u011f\u0131r y\u00fck\u00fcn\u00fc da\u015f\u0131y\u0131rlar v\u0259 ekzistensial t\u0259hl\u00fck\u0259 il\u0259 \u00fczl\u0259\u015firl\u0259r. Biz, h\u0259m\u00e7inin m\u00fcst\u0259ml\u0259k\u0259 idar\u0259\u00e7iliyi il\u0259 daha da a\u011f\u0131rla\u015fan ekoloji probleml\u0259rd\u0259n \u0259ziyy\u0259t \u00e7\u0259k\u0259n xalqlar v\u0259 regionlar il\u0259 h\u0259mr\u0259ylik n\u00fcmayi\u015f etdirdik.\u00bb D\u00f6vl\u0259t ba\u015f\u00e7\u0131s\u0131 \u0130lham \u018fliyev COP29 \u00e7\u0259r\u00e7iv\u0259sind\u0259 ke\u00e7iril\u0259n\u00a0 Liderl\u0259rin Sammitind\u0259 bu fikri d\u0259 x\u00fcsusi qeyd etdi ki,\u00a0 Az\u0259rbaycan inki\u015faf etmi\u015f v\u0259 inki\u015faf etm\u0259kd\u0259 olan \u00f6lk\u0259l\u0259r aras\u0131nda k\u00f6rp\u00fcl\u0259rin qurulmas\u0131 \u00fc\u00e7\u00fcn s\u0259yl\u0259rini \u0259sirg\u0259m\u0259di v\u0259 bunun n\u0259tic\u0259sind\u0259 d\u00fcnya tarixi Bak\u0131 nailiyy\u0259tin\u0259 \u015fahid oldu.<\/p>\n<p>Haz\u0131rda bu k\u00f6rp\u00fcl\u0259rin qurulmas\u0131nda i\u015f\u011faldan azad edilmi\u015f \u0259razil\u0259rimizd\u0259 apar\u0131lan b\u0259rpa-quruculuq i\u015fl\u0259ri d\u0259 \u00f6n\u0259mli rol oynay\u0131r. Az\u0259rbaycvana dost. qarda\u015f \u00f6lk\u0259l\u0259rin bu prosesd\u0259 i\u015ftirak etm\u0259k ist\u0259yi, atd\u0131clar\u0131 real add\u0131mlar, bu torpaqlar\u0131n malik olduqlar\u0131 iqtisadi imkanlardan g\u0259l\u0259c\u0259kd\u0259 istifad\u0259 etm\u0259k \u00fc\u00e7\u00fcn\u00a0 imzalanan s\u0259n\u0259dl\u0259r v\u0259 sair kimi m\u00fch\u00fcm i\u015fl\u0259r d\u0259 bunun bariz n\u00fcmun\u0259sidir.<\/p>\n<p>Bu g\u00fcn q\u00fcrurla qeyd etdiyimiz reall\u0131qlardan biri budur ki,\u00a0 Az\u0259rbaycan art\u0131q\u00a0 i\u015f\u011fal d\u00f6vr\u00fcn\u00fcn Az\u0259rbaycan\u0131 deyil. D\u00f6vl\u0259t ba\u015f\u00e7\u0131s\u0131 \u0130lham \u018fliyevin qeyd etdiyi kimi, Qaraba\u011f\u0131 v\u0259 \u015e\u0259rqi Z\u0259ng\u0259zuru yenid\u0259n qururuq. Bu, bizim milli ideyam\u0131zd\u0131r. \u018fvv\u0259ll\u0259r milli ideya torpaqlar\u0131m\u0131za qay\u0131tmaqdan, \u0259dal\u0259ti v\u0259 \u0259razi b\u00fct\u00f6vl\u00fcy\u00fcm\u00fcz\u00fc b\u0259rpa etm\u0259kd\u0259n ibar\u0259t idi v\u0259 b\u00fct\u00fcn Az\u0259rbaycan xalq\u0131 bu ideya \u0259traf\u0131nda birl\u0259\u015fmi\u015fdi. \u0130ndi art\u0131q i\u015f\u011faldan azad olunmu\u015f Az\u0259rbaycan y\u00fcks\u0259lm\u0259kd\u0259dir. Bu \u0259minlik d\u0259 ifad\u0259 edilir ki, Az\u0259rbaycan \u0259n u\u011furlu \u00f6lk\u0259l\u0259rd\u0259n biri olacaq.<\/p>\n<p><img src=\"https:\/\/ikisahil.az\/upload\/\/2024\/10\/04\/\/-87ba276e172804757028615466510412751.jpg\" alt=\"\" \/><\/p>\n<p>Bunu son d\u00f6rd ild\u0259 i\u015f\u011faldan azad edilmi\u015f \u0259razil\u0259rimizd\u0259 g\u00f6r\u00fcl\u0259n i\u015fl\u0259rin miqyas\u0131 bir daha s\u00fcbut edir.\u00a0 D\u00f6vl\u0259timizin ba\u015f\u00e7\u0131s\u0131 \u0130lham \u018fliyev bu ilin fevral\u0131nda\u00a0 prezident se\u00e7kil\u0259rind\u0259 inaml\u0131 q\u0259l\u0259b\u0259sind\u0259n sonra\u00a0 ke\u00e7iril\u0259n andi\u00e7m\u0259 m\u0259rasimind\u0259 diqq\u0259ti bu statistik r\u0259q\u0259ml\u0259r\u0259 y\u00f6n\u0259ltdi ki, bu g\u00fcn\u0259 q\u0259d\u0259r t\u0259xmin\u0259n 5400 ke\u00e7mi\u015f k\u00f6\u00e7k\u00fcn art\u0131q be\u015f ya\u015fay\u0131\u015f m\u0259nt\u0259q\u0259sin\u0259 g\u00f6nd\u0259rilib, orada yerl\u0259\u015fdirilib v\u0259 bu il \u0259n az\u0131 20 ya\u015fay\u0131\u015f m\u0259nt\u0259q\u0259sin\u0259 ke\u00e7mi\u015f k\u00f6\u00e7k\u00fcnl\u0259r qay\u0131dacaq. Bizim plan\u0131m\u0131z azad edilmi\u015f torpaqlarda ilin sonuna q\u0259d\u0259r 5 \u015f\u0259h\u0259r\u0259 v\u0259 15 k\u0259nd\u0259 20 min ke\u00e7mi\u015f k\u00f6\u00e7k\u00fcn\u00fc yerl\u0259\u015fdirm\u0259kdir. Y\u00fczd\u0259n \u00e7ox \u015f\u0259h\u0259rin v\u0259 k\u0259ndin Ba\u015f planlar\u0131 haz\u0131rlan\u0131b, t\u0259sdiql\u0259nib. Bir \u00e7ox \u015f\u0259h\u0259r v\u0259 k\u0259ndl\u0259rd\u0259 art\u0131q in\u015faat i\u015fl\u0259ri ba\u015flam\u0131\u015fd\u0131r.\u00a0 B\u00f6y\u00fck Qay\u0131d\u0131\u015f Proqram\u0131n\u0131n birinci m\u0259rh\u0259l\u0259sini 2026-c\u0131 ilin sonunda ba\u015fa \u00e7atd\u0131raca\u011f\u0131q v\u0259 o vaxt 140 min k\u00f6\u00e7k\u00fcn \u00f6z d\u0259d\u0259-baba torpaqlar\u0131na qay\u0131dacaq. Bununla paralel olaraq, b\u00fct\u00fcn sosial infrastruktur in\u015fa edilir. Bu,\u00a0 i\u015fin miqyas\u0131n\u0131 g\u00f6st\u0259rir. B\u00fct\u00fcn elektrik t\u0259s\u0259rr\u00fcfat\u0131 yenid\u0259n qurulub, d\u0259mir yollar\u0131 \u00e7\u0259kilir, iki beyn\u0259lxalq hava liman\u0131 istifad\u0259y\u0259 verilib, \u00fc\u00e7\u00fcnc\u00fcs\u00fc d\u0259 La\u00e7\u0131nda a\u00e7\u0131lacaq. Y\u0259ni, geni\u015f quruculuq i\u015fl\u0259ri g\u00f6r\u00fcl\u0259c\u0259k. \u018flb\u0259tt\u0259 ki, k\u00f6\u00e7k\u00fcnl\u0259r \u00fc\u00e7\u00fcn yeni evl\u0259r, b\u00fct\u00fcn m\u00fcasir \u015f\u0259h\u0259rsalma qaydalar\u0131na uy\u011fun olan ya\u015fay\u0131\u015f yerl\u0259ri qurulacaq v\u0259 tarixi \u015f\u0259h\u0259rl\u0259rimizin tarixi simas\u0131 b\u0259rpa edil\u0259c\u0259k.<\/p>\n<p>\u015eanl\u0131 Z\u0259f\u0259rimizd\u0259n \u00f6t\u0259n 4 il torpaqlar\u0131m\u0131z\u0131n azad edildikl\u0259ri tarixl\u0259rin qeyd edilm\u0259si, h\u0259m\u00e7inin onlar\u0131n m\u0259rh\u0259l\u0259-m\u0259rh\u0259l\u0259 sakinl\u0259rin\u0259 qovu\u015fmas\u0131 il\u0259\u00a0 yadda qal\u0131b. 1 dekabr La\u00e7\u0131n rayonunun i\u015f\u011faldan azad edildiyi g\u00fcnd\u00fcr.\u00a0 Az\u0259rbaycan\u0131n h\u0259rbi-siyasi Q\u0259l\u0259b\u0259sinin v\u0259 Erm\u0259nistan\u0131n kapitulyasiyas\u0131n\u0131n t\u0259sdiqi olan 10 noyabr 2020-ci il tarixli \u00fc\u00e7t\u0259r\u0259fli B\u0259yanata \u0259sas\u0259n, h\u0259min ilin 20 noyabr\u0131nda A\u011fdam, 25 noyabr\u0131nda K\u0259lb\u0259c\u0259r, 1 dekabr\u0131nda La\u00e7\u0131n rayonlar\u0131 bir g\u00fcll\u0259 at\u0131lmadan\u00a0 i\u015f\u011faldan azad edildi. Haz\u0131rda b\u00fct\u00fcn torpaqlar\u0131m\u0131z quruculuq meydan\u0131na \u00e7evrilib. Sakinl\u0259rin\u0259 qovu\u015fan \u0259razil\u0259rimiz s\u0131ras\u0131nda La\u00e7\u0131n da var.<\/p>\n<p>C\u0259nab \u0130lham \u018fliyevin ilin \u0259vv\u0259lind\u0259 qar\u015f\u0131ya qoyulan v\u0259zif\u0259l\u0259rin u\u011furlu icras\u0131, h\u0259d\u0259fl\u0259r\u0259 nail olmas\u0131 g\u00fcn\u00fcm\u00fcz\u00fcn reall\u0131qlar\u0131nda \u00f6z\u00fcn\u00fcn ayd\u0131n ifad\u0259sini tap\u0131r. Bu il \u015eu\u015fa, Xocal\u0131 v\u0259 C\u0259bray\u0131l \u015f\u0259h\u0259rl\u0259ri sakinl\u0259rin\u0259 qovu\u015fdu. \u0130lin sonuna q\u0259d\u0259r K\u0259lb\u0259c\u0259r v\u0259 Xank\u0259ndi \u015f\u0259h\u0259rl\u0259rinin d\u0259 sakinl\u0259rin\u0259 qovu\u015fmas\u0131 n\u0259z\u0259rd\u0259 tutulur.<\/p>\n<p>Bu u\u011furlara yol a\u00e7an m\u00fch\u00fcm amill\u0259rd\u0259n biri Az\u0259rbaycan\u0131n \u0259dal\u0259t\u0259 v\u0259 beyn\u0259lxalq h\u00fcquqa s\u00f6yk\u0259n\u0259n m\u00fcst\u0259qil siyas\u0259tidir. B\u00fct\u00fcn d\u00f6vrl\u0259r \u00fc\u00e7\u00fcn aktual olan, b\u00f6y\u00fck faci\u0259l\u0259rin, probleml\u0259rin yaranmas\u0131na s\u0259b\u0259b olan d\u00fcnyan\u0131n ikili standartlara \u0259saslanan siyas\u0259ti d\u00f6vl\u0259t ba\u015f\u00e7\u0131s\u0131 \u0130lham \u018fliyevin b\u00fct\u00fcn \u00e7\u0131x\u0131\u015flar\u0131nda \u00f6z \u0259ksini tap\u0131r. \u00d6lk\u0259 Prezidenti \u00abBeyn\u0259lxalq ictimaiyy\u0259t Az\u0259rbaycan xalq\u0131n\u0131n humanitar f\u0259lak\u0259tin\u0259 m\u00fc\u0259yy\u0259n m\u0259nada g\u00f6z yumma\u011fa q\u0259rar verdi\u00bb s\u00f6yl\u0259y\u0259r\u0259k bunun ard\u0131nca \u0259n \u00e7ox t\u0259\u0259ss\u00fcf do\u011furan hal\u0131n bu oldu\u011funu bildirir ki, AT\u018fT-d\u0259n mandat\u0131 olan Minsk qrupu adland\u0131r\u0131lan struktur v\u0259 onun h\u0259ms\u0259drl\u0259ri i\u015f\u011fal olunmu\u015f \u0259razil\u0259r\u0259 d\u0259f\u0259l\u0259rl\u0259 s\u0259f\u0259rl\u0259r edib, b\u00fct\u00fcn \u015f\u0259h\u0259r v\u0259 k\u0259ndl\u0259rin q\u0259ddarcas\u0131na da\u011f\u0131d\u0131lmas\u0131n\u0131n, erm\u0259nil\u0259rin bizim torpaqlar\u0131m\u0131zda qanunsuz m\u0259skunla\u015fd\u0131r\u0131lmas\u0131n\u0131n \u015fahidi olublar, lakin Erm\u0259nistan\u0131 q\u0131namay\u0131blar. Prezident \u0130lham \u018fliyev onu da bildirir ki, d\u00f6rd il \u00f6nc\u0259\u00a0 \u0130kinci Qaraba\u011f m\u00fcharib\u0259sind\u0259 tarixi Q\u0259l\u0259b\u0259ni qeyd etdik. Bir il \u0259vv\u0259l\u00a0 BMT-nin Nizamnam\u0259sin\u0259, beyn\u0259lxalq h\u00fcquqa v\u0259 BMT-nin T\u0259hl\u00fck\u0259sizlik \u015euras\u0131n\u0131n 30 il ka\u011f\u0131z \u00fcz\u0259rind\u0259 qalm\u0131\u015f q\u0259tnam\u0259l\u0259rin\u0259 uy\u011fun olaraq, suverenliyimizi tam b\u0259rpa etdik. Biz h\u0259min q\u0259tnam\u0259l\u0259ri \u00f6z\u00fcm\u00fcz icra etdik, beyn\u0259lxalq h\u00fcququ, \u0259dal\u0259ti b\u0259rpa etdik v\u0259 Erm\u0259nistan\u0131n i\u015f\u011fal\u0131na son qoyduq.<\/p>\n<p><img src=\"https:\/\/ikisahil.az\/upload\/\/2024\/11\/12\/\/-21f4c3b5173142192919108460610267633.jpg\" alt=\"\" \/><\/p>\n<p>COP29 Az\u0259rbaycan\u0131n ke\u00e7diyi inki\u015faf yolunun t\u0259qdimat\u0131nda n\u00f6vb\u0259ti platforma oldu. T\u0259dbir \u00e7\u0259r\u00e7iv\u0259sind\u0259 Liderl\u0259r Sammitind\u0259ki \u00e7\u0131x\u0131\u015f\u0131nda\u00a0 diqq\u0259t bu g\u00fcn Az\u0259rbaycan\u0131n azad edilmi\u015f \u0259razil\u0259rind\u0259 apar\u0131lan b\u0259rpa-quruculuq i\u015fl\u0259rin\u0259 y\u00f6n\u0259ld\u0259n c\u0259nab \u0130lham \u018fliyev bildirdi ki,\u00a0 \u00f6lk\u0259mizin Dayan\u0131ql\u0131 \u0130nki\u015faf M\u0259qs\u0259dl\u0259rin\u0259 verdiyi t\u00f6hf\u0259l\u0259ri t\u0259qdir edilir. \u00d6lk\u0259mizin azad edilmi\u015f \u0259razil\u0259rimizd\u0259 apard\u0131\u011f\u0131 geni\u015fmiqyasl\u0131 b\u0259rpa-quruculuq i\u015fl\u0259ri\u00a0 m\u0259hz \u00a0Dayan\u0131ql\u0131 \u0130nki\u015faf M\u0259qs\u0259dl\u0259rin\u0259 \u0259saslan\u0131r. COP29 \u00e7\u0259r\u00e7iv\u0259sind\u0259 ke\u00e7iril\u0259n g\u00f6r\u00fc\u015fl\u0259rd\u0259, Liderl\u0259r Sammitind\u0259 o da bildirildi ki, s\u00fclh olmadan dayan\u0131ql\u0131 inki\u015faf bar\u0259d\u0259 dan\u0131\u015fmaq m\u00fcmk\u00fcn deyil. Dayan\u0131ql\u0131 inki\u015faf olmadan da\u00a0 s\u00fclh\u00fc yarada bilm\u0259rik.<\/p>\n<p>Bu g\u00fcn Az\u0259rbaycan, s\u00f6z\u00fcn \u0259sl m\u0259nas\u0131nda, tam m\u00fcst\u0259qil siyas\u0259t y\u00fcr\u00fcd\u0259n \u00f6lk\u0259dir. 120 \u00f6lk\u0259nin t\u0259msil olundu\u011fu Qo\u015fulmama H\u0259r\u0259kat\u0131na\u00a0 4 il ard\u0131c\u0131l olaraq yekdillikl\u0259 s\u0259dr se\u00e7ilm\u0259si, \u0130slam \u018fm\u0259kda\u015fl\u0131q T\u0259\u015fkilat\u0131nda f\u0259al t\u0259msil olunmas\u0131, el\u0259c\u0259 d\u0259 \u00f6t\u0259n il 200 \u00f6lk\u0259nin yekdil q\u0259rar\u0131 il\u0259 COP29-un Bak\u0131da ke\u00e7irilm\u0259si Az\u0259rbaycan\u0131n beyn\u0259lxalq miqyasda n\u00fcfuz v\u0259 q\u00fcdr\u0259tinin g\u00f6st\u0259ricisidir. Az\u0259rbaycan\u0131n n\u00f6vb\u0259ti diplomatik u\u011furu kimi d\u0259y\u0259rl\u0259ndiril\u0259n COP29 uzun ill\u0259r \u0259rzind\u0259 qurulmu\u015f s\u0259m\u0259r\u0259li diplomatik m\u00fcnasib\u0259tl\u0259rin, Az\u0259rbaycan\u0131n \u00f6z\u00fcn\u00fc etibarl\u0131 t\u0259r\u0259fda\u015f kimi s\u00fcbut etm\u0259sinin n\u0259tic\u0259sidir. Az\u0259rbaycan\u0131n iqtisadi m\u00fcst\u0259qilliyi beyn\u0259lxalq m\u00fcnasib\u0259tl\u0259r sistemind\u0259 yeri v\u0259 rolunun daha da m\u00f6hk\u0259ml\u0259nm\u0259sind\u0259 \u0259h\u0259miyy\u0259tli rol oynay\u0131r. \u00d6lk\u0259miz t\u0259bii resurslarla\u00a0 z\u0259ngin \u00f6lk\u0259dir. Onlardan s\u0259m\u0259r\u0259li istifad\u0259\u00a0 etibarl\u0131, arzuolunan t\u0259r\u0259fda\u015f kimi tan\u0131nmas\u0131nda v\u0259 n\u00fcfuz qazanmas\u0131nda \u0259h\u0259miyy\u0259tli rol oynay\u0131r. Ya\u015f\u0131l enerji n\u00f6vl\u0259rinin yarad\u0131lmas\u0131 v\u0259 ya\u015f\u0131l enerjinin d\u00fcnya bazarlar\u0131na n\u0259qli Az\u0259rbaycan\u0131n enerji siyas\u0259tinin prioritetidir. Az\u0259rbaycan elektrik enerjisi istehsal\u0131n\u0131n qoyulu\u015f g\u00fcc\u00fcnd\u0259 b\u0259rpaolunan enerji m\u0259nb\u0259l\u0259rinin pay\u0131n\u0131n 2030-cu il\u0259 q\u0259d\u0259r 30 faiz\u0259 \u00e7atd\u0131r\u0131lmas\u0131n\u0131 h\u0259d\u0259fl\u0259yir. Az\u0259rbaycan b\u0259rpaolunan enerji m\u0259nb\u0259l\u0259ri \u00fczr\u0259 y\u00fcks\u0259k potensiala malik olan \u00f6lk\u0259l\u0259rd\u0259ndir. Bel\u0259 ki, \u00f6lk\u0259mizin b\u0259rpaolunan enerji m\u0259nb\u0259l\u0259rinin texniki potensial\u0131 quruda 135, d\u0259nizd\u0259 157 QVt-d\u0131r. B\u0259rpaolunan enerji m\u0259nb\u0259l\u0259rinin iqtisadi potensial\u0131 is\u0259 27 QVt, o c\u00fcml\u0259d\u0259n k\u00fcl\u0259k enerjisi \u00fczr\u0259 3000, g\u00fcn\u0259\u015f enerjisi \u00fczr\u0259 23000, bioenerji potensial\u0131 380, da\u011f \u00e7aylar\u0131n\u0131n potensial\u0131 520 MVt h\u0259cmind\u0259 qiym\u0259tl\u0259ndirilir.<\/p>\n<p>D\u00f6vl\u0259timizin ba\u015f\u00e7\u0131s\u0131 \u0130lham \u018fliyevin h\u0259yata ke\u00e7irdiyi sosial-iqtisadi v\u0259 siyasi islahatlara \u0259sas\u0259n D\u00fcnya Bank\u0131 \u00abDoing Business\u00bb hesabat\u0131nda Az\u0259rbaycan\u0131 \u0259n islahat\u00e7\u0131 \u00f6lk\u0259 kimi d\u0259y\u0259rl\u0259ndirir. D\u00f6vr\u00fcn, zaman\u0131n t\u0259l\u0259bl\u0259rin\u0259 uy\u011fun olaraq islahatlar prosesinin d\u0259rinl\u0259\u015fdirilm\u0259si Az\u0259rbaycan\u0131n h\u0259r bir \u00e7\u0259tinlikd\u0259n u\u011furla \u00e7\u0131xmas\u0131n\u0131 \u015f\u0259rtl\u0259ndirir.\u00a0 COP29 t\u0259dbirinin i\u015ftirak\u00e7\u0131lar\u0131 da \u00f6lk\u0259mizin dayan\u0131ql\u0131 iqtisadi inki\u015faf\u0131ndan heyr\u0259tl\u0259rini gizl\u0259tmirdil\u0259r. Az\u0259rbaycan\u0131n t\u0259kmil inki\u015faf modeli t\u0259dbir \u00e7\u0259r\u00e7iv\u0259sind\u0259 apar\u0131lan m\u00fczakir\u0259l\u0259rd\u0259 t\u0259qdir edildi.\u00a0 \u00dcmummilli Lider Heyd\u0259r \u018fliyevin iqtisadiyyat\u0131n inki\u015faf\u0131nda neft amilin\u0259 x\u00fcsusi \u00f6n\u0259m verm\u0259si bug\u00fcn\u00fcm\u00fcz\u0259 hesablanm\u0131\u015f m\u00fch\u00fcm add\u0131mlar\u0131ndand\u0131r. Yeni \u0259m\u0259kda\u015fl\u0131q formatlar\u0131\u00a0 yarad\u0131ld\u0131, enerji layih\u0259l\u0259ri g\u00fcnd\u0259m\u0259 g\u0259tirildi, icras\u0131n\u0131n u\u011furla ba\u015fa \u00e7atd\u0131r\u0131lmas\u0131 \u00fc\u00e7\u00fcn ciddi add\u0131mlar at\u0131ld\u0131. Bu reall\u0131q beyn\u0259lxalq s\u0259viyy\u0259d\u0259 d\u0259 x\u00fcsusi qeyd edilir ki, Az\u0259rbaycan\u0131n iq\u015ftirak\u00e7\u0131s\u0131 v\u0259 t\u0259\u015f\u0259bb\u00fcs\u00e7\u00fcs\u00fc oldu\u011fu enerji layihl\u0259rinin h\u0259r biri u\u011furlu sonluqla ba\u015fa \u00e7atd\u0131r\u0131l\u0131r. Koronavirus infeksiyas\u0131 il\u0259 m\u00fcbariz\u0259 t\u0259dbirl\u0259rinin g\u00fccl\u0259ndirildiyi, Az\u0259rbaycan\u0131n 44 g\u00fcnl\u00fck \u0130kinci Qaraba\u011f m\u00fcharib\u0259sini ya\u015fad\u0131\u011f\u0131 2020-ci ild\u0259 C\u0259nub Qaz D\u0259hlizinin \u0259sas t\u0259rkib hiss\u0259l\u0259rind\u0259n olan TAP istifad\u0259y\u0259 verildi. C\u0259nab \u0130lham \u018fliyev koronavirus infeksiyas\u0131 il\u0259 m\u00fcbariz\u0259 t\u0259dbirl\u0259rinin ba\u015fland\u0131\u011f\u0131 ilk g\u00fcnd\u0259n bu \u00e7a\u011f\u0131r\u0131\u015f\u0131 etdi ki, iqtisadi islahatlar d\u0259rinl\u0259\u015fdirilm\u0259li, he\u00e7 bir sosial layih\u0259 t\u0259xir\u0259 sal\u0131nmamal\u0131d\u0131r.\u00a0 Az\u0259rbaycan h\u0259min ill\u0259rd\u0259 iqtisadi art\u0131m\u0131 il\u0259 diqq\u0259td\u0259 oldu. \u0130slahatlar prosesi daha da d\u0259rinl\u0259\u015fdirildi. \u00d6z\u00fcn\u00fcm\u0259\u015f\u011fulluq proqram\u0131 u\u011furla icra edildi. \u018fhalinin sosial m\u00fcdafi\u0259sinin g\u00fccl\u0259ndirilm\u0259si \u00fc\u00e7\u00fcn\u00a0 m\u00fch\u00fcm add\u0131mlar at\u0131ld\u0131. B\u00fct\u00fcn bunlar \u00f6lk\u0259mizin dayan\u0131ql\u0131 iqtisadi inki\u015faf\u0131n\u0131n g\u00f6st\u0259ricisi kimi d\u0259y\u0259rl\u0259ndirildi.<\/p>\n<p>Haz\u0131rda Az\u0259rbaycan\u0131n iqtisadi inki\u015faf\u0131n\u0131n \u0259sas g\u00f6st\u0259ricil\u0259rind\u0259n biri\u00a0 azad edilmi\u015f \u0259razil\u0259rd\u0259 b\u0259rpa i\u015fl\u0259ridir. 4 ild\u0259 5 \u015f\u0259h\u0259rin, 4 k\u0259ndin sakinl\u0259rin\u0259 qovu\u015fmas\u0131, h\u0259m\u00e7inin ilin sonuna q\u0259d\u0259r Xank\u0259ndi v\u0259 K\u0259lb\u0259c\u0259r \u015f\u0259h\u0259rl\u0259rin\u0259 d\u0259 qay\u0131d\u0131\u015f\u0131n n\u0259z\u0259rd\u0259 tutulmas\u0131 iqtisadi imkanlar\u0131m\u0131z\u0131n t\u0259sdiqidir. C\u0259nab \u0130lham \u018fltyenv bildirir: \u00abAzad edilmi\u015f torpaqlarda apar\u0131lan i\u015fl\u0259r \u00f6z miqyas\u0131na g\u00f6r\u0259 x\u00fcsusi xarakter da\u015f\u0131y\u0131r. He\u00e7 bir ba\u015fqa yerd\u0259 i\u015f\u011faldan, m\u00fcharib\u0259l\u0259rd\u0259n \u0259ziyy\u0259t \u00e7\u0259kmi\u015f \u00f6lk\u0259l\u0259r bu s\u00fcr\u0259tl\u0259 v\u0259 bu keyfiyy\u0259tl\u0259 b\u0259rpa i\u015fl\u0259rini bu g\u00fcn\u0259 q\u0259d\u0259r aparmam\u0131\u015flar. \u00c7\u00fcnki bu i\u015fl\u0259r geni\u015fmiqyasl\u0131 v\u0259 \u00e7ox d\u0259qiq planlar \u0259sas\u0131nda g\u00f6r\u00fcl\u00fcr. H\u0259r bir \u015f\u0259h\u0259rin Ba\u015f planlar\u0131 t\u0259sdiq edilib. H\u0259r bir k\u0259ndin b\u00fct\u00fcn laz\u0131mi infrastrukturu n\u0259z\u0259rd\u0259 tutulur.\u00bb\u00a0 Bu \u0259razil\u0259rin z\u0259ngin iqtisadi potensial\u0131ndan, t\u0259bii s\u0259rv\u0259tl\u0259rind\u0259n v\u0259 geni\u015f turizm imkanlar\u0131ndan s\u0259m\u0259r\u0259li istifad\u0259 \u0259sas prioritetl\u0259r s\u0131ras\u0131ndad\u0131r. O da qeyd edilir ki,\u00a0 bu g\u00fcn Qaraba\u011f v\u0259 \u015e\u0259rqi Z\u0259ng\u0259zurda ya\u015fayan insanlar\u0131n say\u0131 oraya qay\u0131dan m\u0259cburi k\u00f6\u00e7k\u00fcnl\u0259rin say\u0131 il\u0259 m\u0259hdudla\u015fm\u0131r. Bel\u0259 ki, haz\u0131rda bu b\u00f6lg\u0259d\u0259 apar\u0131lan b\u0259rpa-quruculuq i\u015fl\u0259rinin miqyas\u0131 bu say\u0131n ondan qat-qat art\u0131q oldu\u011funu dem\u0259y\u0259 \u0259sas verir. \u00c7\u00fcnki tunell\u0259rin, aeroportlar\u0131n, aqroparklar\u0131n tikintisin\u0259, m\u00fcxt\u0259lif infrastruktur layih\u0259l\u0259rinin h\u0259yata ke\u00e7irilm\u0259sin\u0259 minl\u0259rl\u0259 i\u015f\u00e7i q\u00fcvv\u0259si c\u0259lb olunub.<\/p>\n<p>Azad edilmi\u015f \u0259razil\u0259rd\u0259 bu g\u00fcn geni\u015f yol-n\u0259qliyyat infrastrukturu yarad\u0131l\u0131r v\u0259 bu n\u0259h\u0259ng layih\u0259l\u0259rin icras\u0131nda dost \u00f6lk\u0259l\u0259rin b\u00f6y\u00fck d\u0259st\u0259yi var. T\u00fcrkiy\u0259d\u0259n olan \u015firk\u0259tl\u0259r bu prosesd\u0259\u00a0 f\u0259al i\u015ftirak edirl\u0259r. Azad edilmi\u015f torpaqlarda t\u00fcrk d\u00fcnyas\u0131n\u0131n birliyini \u0259yani \u015f\u0259kild\u0259 g\u00f6r\u00fcr\u00fck. Bu, h\u0259m bizi sevindirir, h\u0259m d\u0259 b\u00fct\u00fcn t\u00fcrk d\u00fcnyas\u0131 \u00f6lk\u0259l\u0259rinin bir-birin\u0259 n\u0259 q\u0259d\u0259r ba\u011fl\u0131 olmas\u0131ndan x\u0259b\u0259r verir.\u00a0Qeyd ed\u0259k ki, azad edilmi\u015f torpaqlarda t\u00fcrkdilli\u00a0 \u00f6lk\u0259l\u0259rin t\u0259\u015f\u0259bb\u00fcs\u00fc v\u0259 maliyy\u0259 d\u0259st\u0259yi il\u0259 art\u0131q bir m\u0259kt\u0259b v\u0259 bir inc\u0259s\u0259n\u0259t m\u0259rk\u0259zi f\u0259aliyy\u0259t\u0259 ba\u015flam\u0131\u015fd\u0131r. Bunlar \u00d6zb\u0259kistan v\u0259 Qazax\u0131stan t\u0259r\u0259find\u0259n F\u00fczuli rayonunda in\u015fa edilib. Bir m\u0259kt\u0259bin t\u0259m\u0259lini is\u0259 bu il\u00a0 Q\u0131r\u011f\u0131z\u0131stan Prezidenti il\u0259 c\u0259nab \u0130lham \u018fliyev\u00a0 A\u011fdam rayonunda qoydular. C\u0259bray\u0131l rayonundak\u0131 bir m\u0259nt\u0259q\u0259d\u0259 is\u0259 Macar\u0131stan\u0131n maliyy\u0259 d\u0259st\u0259yi il\u0259 bir m\u0259kt\u0259b in\u015fa edil\u0259c\u0259k. Y\u0259ni b\u00fct\u00fcn bunlar bir daha birliyimizi g\u00f6st\u0259rir.<\/p>\n<p><img src=\"https:\/\/ikisahil.az\/upload\/\/2024\/11\/25\/\/-51db672a17325374928134755681023635.jpg\" alt=\"\" \/><\/p>\n<p>COP29 bir daha t\u00fcrk d\u00fcnyas\u0131n\u0131n birliyinin t\u0259qdimat\u0131 oldu. C\u0259nab \u0130lham \u018fliyevin t\u00fcrk d\u00f6vl\u0259tl\u0259rinin liderl\u0259ri il\u0259 ikit\u0259r\u0259fli g\u00f6r\u00fc\u015fl\u0259ri, eyni zamanda, imzalanan s\u0259n\u0259dl\u0259r d\u0259 bunun bariz n\u00fcmun\u0259sidir. T\u0259dbir \u00e7\u0259r\u00e7iv\u0259sind\u0259 Az\u0259rbaycan Prezidenti \u0130lham \u018fliyev il\u0259 \u00d6zb\u0259kistan Prezidenti \u015eavkat Mirziyoyevin g\u00f6r\u00fc\u015f\u00fc zaman\u0131 Xank\u0259ndi \u015f\u0259h\u0259rind\u0259 tiki\u015f fabrikinin videoba\u011flant\u0131 vasit\u0259sil\u0259 a\u00e7\u0131l\u0131\u015f m\u0259rasimi oldu.\u00a0 D\u00f6vl\u0259timizin ba\u015f\u00e7\u0131s\u0131 \u0130lham \u018fliyev bildirdi ki, bu fabrik birliyimizin daha bir r\u0259mzidir: \u00abM\u0259n qarda\u015f\u0131m \u015eavkat Miromonovi\u00e7\u0259 minn\u0259tdarl\u0131\u011f\u0131m\u0131 bildirir\u0259m ki, bizim \u00f6zb\u0259k dostlar\u0131m\u0131z q\u0131sa m\u00fcdd\u0259td\u0259 Xank\u0259ndid\u0259 minl\u0259rl\u0259 insan\u0131n \u00e7al\u0131\u015faca\u011f\u0131 v\u0259 t\u0259bii ki, m\u00fctl\u0259q \u0259ks\u0259riyy\u0259ti qad\u0131nlardan ibar\u0259t g\u00f6z\u0259l m\u00fc\u0259ssis\u0259nin yarad\u0131lmas\u0131na k\u00f6m\u0259k g\u00f6st\u0259rdil\u0259r. Bu, m\u0259\u015f\u011fulluqdur, bu, istehsald\u0131r, bu, Qaraba\u011f\u0131n inki\u015faf\u0131d\u0131r. \u00d6zb\u0259k qarda\u015flar\u0131m\u0131z is\u0259 yen\u0259 burada birincidirl\u0259r. F\u00fczulid\u0259 m\u0259kt\u0259b tikm\u0259kd\u0259 biz\u0259 ilk yard\u0131m\u00e7\u0131 oldular, i\u015f\u011faldan azad edilmi\u015f \u0259razil\u0259rd\u0259 bel\u0259 b\u00f6y\u00fck bir m\u00fc\u0259ssis\u0259 yaratmaqda biz\u0259 ilk k\u00f6m\u0259yi g\u00f6st\u0259rdil\u0259r.\u00bb Qeyd ed\u0259k ki, bu tiki\u015f fabrikinin in\u015fas\u0131 Az\u0259rbaycan v\u0259 \u00d6zb\u0259kistan aras\u0131nda iqtisadi v\u0259 investisiya \u0259m\u0259kda\u015fl\u0131\u011f\u0131n\u0131n d\u0259rinl\u0259\u015fdirilm\u0259sin\u0259 dair iki \u00f6lk\u0259 prezidentl\u0259rinin tap\u015f\u0131r\u0131qlar\u0131na \u0259sas\u0259n h\u0259yata ke\u00e7irilib. Layih\u0259nin \u00fcmumi investisiya d\u0259y\u0259ri 11 milyon manat t\u0259\u015fkil edir. Fabrikin xammal t\u0259dar\u00fck\u00fc \u00fc\u00e7\u00fcn birg\u0259 s\u0259naye \u0259m\u0259kda\u015fl\u0131\u011f\u0131 h\u0259yata ke\u00e7irilir. M\u00fc\u0259ssis\u0259 h\u0259m yerli, h\u0259m d\u0259 \u00d6zb\u0259kistan xammal\u0131 \u0259sas\u0131nda f\u0259aliyy\u0259t g\u00f6st\u0259r\u0259c\u0259k. Regionda qeyri-neft ixrac\u0131n\u0131n art\u0131m\u0131na \u0259h\u0259miyy\u0259tli t\u00f6hf\u0259 ver\u0259c\u0259k fabrikd\u0259 istehsal olunacaq m\u0259hsullar\u0131n 80 faizi m\u00fcxt\u0259lif \u00f6lk\u0259l\u0259r\u0259 ixrac edil\u0259c\u0259k. \u018frazisi 1,2 hektar olan fabrikd\u0259 ild\u0259 3-5 milyon \u0259d\u0259d m\u00fcxt\u0259lif trikotaj m\u0259hsullar\u0131 istehsal edil\u0259c\u0259k. \u00dcmumilikd\u0259 burada 800 i\u015f yeri yarad\u0131lacaq. Layih\u0259nin ilkin m\u0259rh\u0259l\u0259si \u00fczr\u0259 pe\u015f\u0259kar t\u0259lim alm\u0131\u015f 250 n\u0259f\u0259r haz\u0131rda i\u015fl\u0259 t\u0259min olunub. M\u00fc\u0259ssis\u0259d\u0259 \u0259sas\u0259n i\u015f\u011faldan azad edilmi\u015f \u0259razil\u0259r\u0259 qay\u0131dan v\u0259 \u0259traf rayonlarda ya\u015fayan v\u0259t\u0259nda\u015flar\u0131n m\u0259\u015f\u011fullu\u011funa x\u00fcsusi diqq\u0259t yetirilib. Az\u0259rbaycan-\u00d6zb\u0259kistan birg\u0259 m\u00fc\u0259ssis\u0259si olan tiki\u015f fabriki iki \u00f6lk\u0259 aras\u0131nda u\u011furlu \u0259m\u0259kda\u015fl\u0131\u011f\u0131n r\u0259mzi olaraq \u00f6lk\u0259mizd\u0259 y\u00fcng\u00fcl s\u0259nayenin inki\u015faf\u0131 \u00fc\u00e7\u00fcn yeni imkanlar a\u00e7\u0131r v\u0259 \u0259n\u0259n\u0259vi dostluq, iqtisadi t\u0259r\u0259fda\u015fl\u0131q \u0259laq\u0259l\u0259rimizi m\u00f6hk\u0259ml\u0259ndirir.<\/p>\n<p>Az\u0259rbaycan\u0131n iqtisadi inki\u015faf strategiyas\u0131n\u0131 d\u00fczg\u00fcn m\u00fc\u0259yy\u0259nl\u0259\u015fdirm\u0259si h\u0259r d\u00f6vr\u00fcn \u00e7a\u011f\u0131r\u0131\u015flar\u0131n\u0131 y\u00fcks\u0259k s\u0259viyy\u0259d\u0259 yerin\u0259 yetirm\u0259yi \u015f\u0259rtl\u0259ndirir. \u00d6lk\u0259mizin ev sahibliyi etdiyi t\u0259dbirl\u0259rin h\u0259r biri\u00a0 bu imkanlar\u0131n t\u0259qdimat\u0131nda \u00f6z s\u00f6z\u00fcn\u00fc deyir. \u00abQaraba\u011f v\u0259 \u015e\u0259rqi Z\u0259ng\u0259zur bizim iqtisadi inki\u015faf\u0131m\u0131z\u0131n yeni bir dayaq n\u00f6qt\u0259si olacaqd\u0131r\u00bb s\u00f6yl\u0259y\u0259n c\u0259nab \u0130lham \u018fliyev bildirir ki, o b\u00f6lg\u0259l\u0259rd\u0259 h\u0259m k\u0259nd t\u0259s\u0259rr\u00fcfat\u0131, h\u0259m b\u0259rpaolunan enerji il\u0259 ba\u011fl\u0131 layih\u0259l\u0259r, turizm layih\u0259l\u0259ri qeyri-neft sektoruna b\u00f6y\u00fck d\u0259st\u0259k ver\u0259c\u0259k.<\/p>\n<p><em><strong>Yegan\u0259 \u018fliyeva, &#8220;\u0130ki sahil&#8221;<\/strong><\/em><\/p>\n","protected":false},"excerpt":{"rendered":"<p>D\u00f6vl\u0259t ba\u015f\u00e7\u0131s\u0131 \u0130lham \u018fliyev daim bu fikri b\u00f6y\u00fck \u0259minlikl\u0259 qeyd edir ki, Az\u0259rbaycan \u0259n u\u011furlu \u00f6lk\u0259l\u0259rd\u0259n biridir &#8220;Ya\u015f\u0131l d\u00fcnya namin\u0259 h\u0259mr\u0259ylik!&#8221;\u00a0\u015f\u00fcar\u0131n\u0131 r\u0259hb\u0259r tutan Az\u0259rbaycan bit\u0259r\u0259f vasit\u0259\u00e7i kimi \u00e7\u0131x\u0131\u015f ed\u0259r\u0259k dan\u0131\u015f\u0131qlar\u0131n q\u0259r\u0259zsiz apar\u0131lmas\u0131 \u00fc\u00e7\u00fcn b\u00fct\u00fcn imkanlar\u0131 yaratd\u0131. B\u00fct\u00fcn proses boyu biz inki\u015faf etm\u0259kd\u0259 olan \u00f6lk\u0259l\u0259rin, x\u00fcsusil\u0259 ki\u00e7ik ada d\u00f6vl\u0259tl\u0259rinin v\u0259 \u0259n az inki\u015faf etmi\u015f d\u00f6vl\u0259tl\u0259rin ehtiyaclar\u0131n\u0131 n\u0259z\u0259r\u0259 alan n\u0259tic\u0259 \u0259ld\u0259 etm\u0259y\u0259 \u00e7a\u011f\u0131r\u0131\u015f etdik, \u00e7\u00fcnki onlar iqlim d\u0259yi\u015fm\u0259l\u0259rinin a\u011f\u0131r y\u00fck\u00fcn\u00fc da\u015f\u0131y\u0131rlar v\u0259 ekzistensial t\u0259hl\u00fck\u0259 il\u0259 \u00fczl\u0259\u015firl\u0259r. Biz, h\u0259m\u00e7inin m\u00fcst\u0259ml\u0259k\u0259 idar\u0259\u00e7iliyi il\u0259 daha da a\u011f\u0131rla\u015fan ekoloji probleml\u0259rd\u0259n \u0259ziyy\u0259t \u00e7\u0259k\u0259n xalqlar v\u0259 regionlar il\u0259&hellip;<\/p>\n","protected":false},"author":2,"featured_media":772718,"comment_status":"closed","ping_status":"closed","sticky":false,"template":"","format":"standard","meta":{"om_disable_all_campaigns":false,"_monsterinsights_skip_tracking":false,"_monsterinsights_sitenote_active":false,"_monsterinsights_sitenote_note":"","_monsterinsights_sitenote_category":0},"categories":[19],"tags":[],"aioseo_notices":[],"gutentor_comment":0,"rttpg_featured_image_url":{"full":["https:\/\/arantv.az\/wp-content\/uploads\/2024\/12\/dcb8f45f173140125054128037210072906.jpg",975,540,false],"landscape":["https:\/\/arantv.az\/wp-content\/uploads\/2024\/12\/dcb8f45f173140125054128037210072906.jpg",975,540,false],"portraits":["https:\/\/arantv.az\/wp-content\/uploads\/2024\/12\/dcb8f45f173140125054128037210072906.jpg",975,540,false],"thumbnail":["https:\/\/arantv.az\/wp-content\/uploads\/2024\/12\/dcb8f45f173140125054128037210072906-500x280.jpg",500,280,true],"medium":["https:\/\/arantv.az\/wp-content\/uploads\/2024\/12\/dcb8f45f173140125054128037210072906-660x365.jpg",660,365,true],"large":["https:\/\/arantv.az\/wp-content\/uploads\/2024\/12\/dcb8f45f173140125054128037210072906-840x465.jpg",640,354,true],"1536x1536":["https:\/\/arantv.az\/wp-content\/uploads\/2024\/12\/dcb8f45f173140125054128037210072906.jpg",975,540,false],"2048x2048":["https:\/\/arantv.az\/wp-content\/uploads\/2024\/12\/dcb8f45f173140125054128037210072906.jpg",975,540,false],"post-thumbnail":["https:\/\/arantv.az\/wp-content\/uploads\/2024\/12\/dcb8f45f173140125054128037210072906-240x172.jpg",240,172,true],"advps-thumb-one":["https:\/\/arantv.az\/wp-content\/uploads\/2024\/12\/dcb8f45f173140125054128037210072906.jpg",975,540,false]},"rttpg_author":{"display_name":"V\u00fcsal Rafiqo\u011flu","author_link":"https:\/\/arantv.az\/?author=2"},"rttpg_comment":0,"rttpg_category":"<a href=\"https:\/\/arantv.az\/?cat=19\" rel=\"category\">G\u00fcnd\u0259m<\/a>","rttpg_excerpt":"D\u00f6vl\u0259t ba\u015f\u00e7\u0131s\u0131 \u0130lham \u018fliyev daim bu fikri b\u00f6y\u00fck \u0259minlikl\u0259 qeyd edir ki, Az\u0259rbaycan \u0259n u\u011furlu \u00f6lk\u0259l\u0259rd\u0259n biridir &#8220;Ya\u015f\u0131l d\u00fcnya namin\u0259 h\u0259mr\u0259ylik!&#8221;\u00a0\u015f\u00fcar\u0131n\u0131 r\u0259hb\u0259r tutan Az\u0259rbaycan bit\u0259r\u0259f vasit\u0259\u00e7i kimi \u00e7\u0131x\u0131\u015f ed\u0259r\u0259k dan\u0131\u015f\u0131qlar\u0131n q\u0259r\u0259zsiz apar\u0131lmas\u0131 \u00fc\u00e7\u00fcn b\u00fct\u00fcn imkanlar\u0131 yaratd\u0131. B\u00fct\u00fcn proses boyu biz inki\u015faf etm\u0259kd\u0259 olan \u00f6lk\u0259l\u0259rin, x\u00fcsusil\u0259 ki\u00e7ik ada d\u00f6vl\u0259tl\u0259rinin v\u0259 \u0259n az inki\u015faf etmi\u015f d\u00f6vl\u0259tl\u0259rin ehtiyaclar\u0131n\u0131&hellip;","_links":{"self":[{"href":"https:\/\/arantv.az\/index.php?rest_route=\/wp\/v2\/posts\/772717"}],"collection":[{"href":"https:\/\/arantv.az\/index.php?rest_route=\/wp\/v2\/posts"}],"about":[{"href":"https:\/\/arantv.az\/index.php?rest_route=\/wp\/v2\/types\/post"}],"author":[{"embeddable":true,"href":"https:\/\/arantv.az\/index.php?rest_route=\/wp\/v2\/users\/2"}],"replies":[{"embeddable":true,"href":"https:\/\/arantv.az\/index.php?rest_route=%2Fwp%2Fv2%2Fcomments&post=772717"}],"version-history":[{"count":1,"href":"https:\/\/arantv.az\/index.php?rest_route=\/wp\/v2\/posts\/772717\/revisions"}],"predecessor-version":[{"id":772719,"href":"https:\/\/arantv.az\/index.php?rest_route=\/wp\/v2\/posts\/772717\/revisions\/772719"}],"wp:featuredmedia":[{"embeddable":true,"href":"https:\/\/arantv.az\/index.php?rest_route=\/wp\/v2\/media\/772718"}],"wp:attachment":[{"href":"https:\/\/arantv.az\/index.php?rest_route=%2Fwp%2Fv2%2Fmedia&parent=772717"}],"wp:term":[{"taxonomy":"category","embeddable":true,"href":"https:\/\/arantv.az\/index.php?rest_route=%2Fwp%2Fv2%2Fcategories&post=772717"},{"taxonomy":"post_tag","embeddable":true,"href":"https:\/\/arantv.az\/index.php?rest_route=%2Fwp%2Fv2%2Ftags&post=772717"}],"curies":[{"name":"wp","href":"https:\/\/api.w.org\/{rel}","templated":true}]}}