{"id":772720,"date":"2024-12-03T18:18:32","date_gmt":"2024-12-03T14:18:32","guid":{"rendered":"https:\/\/arantv.az\/?p=772720"},"modified":"2024-12-03T18:18:32","modified_gmt":"2024-12-03T14:18:32","slug":"ilham-%c9%99liyev-el-salvadorun-olk%c9%99mizd%c9%99-yeni-t%c9%99yin-olunmus-s%c9%99firinin-etimadnam%c9%99sini-q%c9%99bul-edib-yenil%c9%99nib","status":"publish","type":"post","link":"https:\/\/arantv.az\/?p=772720","title":{"rendered":"\u0130lham \u018fliyev El-Salvadorun \u00f6lk\u0259mizd\u0259 yeni t\u0259yin olunmu\u015f s\u0259firinin etimadnam\u0259sini q\u0259bul edib &#8211; YEN\u0130L\u018fN\u0130B"},"content":{"rendered":"<div class=\"content lead font-weight-normal\">\n<p>Az\u0259rbaycan Respublikas\u0131n\u0131n Prezidenti \u0130lham \u018fliyev dekabr\u0131n 3-d\u0259 El-Salvador Respublikas\u0131n\u0131n \u00f6lk\u0259mizd\u0259 yeni t\u0259yin olunmu\u015f f\u00f6vq\u0259lad\u0259 v\u0259 s\u0259lahiyy\u0259tli s\u0259firi Enrike Haime Kalderonun etimadnam\u0259sini q\u0259bul edib.<\/p>\n<p><strong>ARANTV.AZ x\u0259b\u0259r verir ki,<\/strong>\u00a0s\u0259fir etimadnam\u0259sini d\u00f6vl\u0259timizin ba\u015f\u00e7\u0131s\u0131na t\u0259qdim etdi.<\/p>\n<p>Prezident \u0130lham \u018fliyev s\u0259firl\u0259 s\u00f6hb\u0259t etdi.<\/p>\n<p>D\u00f6vl\u0259timizin ba\u015f\u00e7\u0131s\u0131 \u0259m\u0259kda\u015fl\u0131\u011f\u0131m\u0131z\u0131n qurulmas\u0131 istiqam\u0259tind\u0259 s\u0259firin \u00f6z s\u0259yl\u0259rini \u0259sirg\u0259m\u0259y\u0259c\u0259yin\u0259, bu bax\u0131mdan onun Az\u0259rbaycan\u0131n r\u0259smi qurumlar\u0131 il\u0259 s\u0259m\u0259r\u0259li \u0259laq\u0259l\u0259r quraca\u011f\u0131na \u00fcmidvar oldu\u011funu bildir\u0259r\u0259k, bir s\u0131ra sah\u0259l\u0259rd\u0259, o c\u00fcml\u0259d\u0259n iqtisadi \u0259m\u0259kda\u015fl\u0131qla ba\u011fl\u0131 imkanlar\u0131n m\u00fc\u0259yy\u0259nl\u0259\u015fdirilm\u0259sinin z\u0259ruriliyini vur\u011fulad\u0131.<\/p>\n<p>S\u0259fir ilk n\u00f6vb\u0259d\u0259 COP29-da \u00f6lk\u0259sinin i\u015ftirak\u0131n\u0131 m\u0259mnunluqla xat\u0131rlayaraq, bu t\u0259dbirin y\u00fcks\u0259k s\u0259viyy\u0259d\u0259 t\u0259\u015fkil edilm\u0259si il\u0259 ba\u011fl\u0131 Az\u0259rbaycan Prezidentini t\u0259brik etdi. O vur\u011fulad\u0131 ki, COP29-un t\u0259\u015fkili, \u00f6lk\u0259mizin inki\u015faf\u0131 v\u0259 \u0259ld\u0259 etdiyi nailiyy\u0259tl\u0259r, Bak\u0131 \u015f\u0259h\u0259rinin g\u00f6z\u0259lliyi bu t\u0259dbir zaman\u0131 El-Salvadordan Az\u0259rbaycana s\u0259f\u0259r\u0259 g\u0259lmi\u015f n\u00fcmay\u0259nd\u0259 hey\u0259tin\u0259 d\u0259rin t\u0259\u0259s\u00fcrat ba\u011f\u0131\u015flay\u0131b.<\/p>\n<p>Bu il Az\u0259rbaycanla El-Salvador aras\u0131nda diplomatik m\u00fcnasib\u0259tl\u0259rin yarad\u0131lmas\u0131n\u0131n 25 illiyinin qeyd edildiyini dey\u0259n Enrike Haime Kalderon m\u00fcxt\u0259lif istiqam\u0259tl\u0259rd\u0259 \u0259m\u0259kda\u015fl\u0131\u011f\u0131n qurulmas\u0131n\u0131n vacibliyin\u0259, o c\u00fcml\u0259d\u0259n infrastruktur, n\u0259qliyyat, energetika sah\u0259l\u0259ri \u00fczr\u0259 \u00f6lk\u0259sin\u0259 investisiya qoyulu\u015fu imkanlar\u0131n\u0131n m\u00fc\u0259yy\u0259n edilm\u0259sinin \u00f6n\u0259min\u0259 toxundu.<\/p>\n<p>S\u0259fir Az\u0259rbaycan\u0131n energetika sah\u0259sind\u0259 b\u00f6y\u00fck u\u011furlar qazand\u0131\u011f\u0131n\u0131 vur\u011fulayaraq, bu istiqam\u0259td\u0259 \u00f6lk\u0259mizin t\u0259cr\u00fcb\u0259sinin \u00f6yr\u0259nilm\u0259sind\u0259 maraql\u0131 olduqlar\u0131n\u0131 bildirdi.<\/p>\n<p>D\u00f6vl\u0259timizin ba\u015f\u00e7\u0131s\u0131 \u0259laq\u0259l\u0259rimizin ir\u0259li apar\u0131lmas\u0131 \u00fc\u00e7\u00fcn ilk n\u00f6vb\u0259d\u0259 adi insanlar\u0131n v\u0259 biznes dair\u0259l\u0259rinin \u00f6lk\u0259l\u0259rimiz bar\u0259d\u0259 daha \u00e7ox m\u0259lumatlanmalar\u0131n\u0131n vacibliyin\u0259 toxundu.<\/p>\n<p>S\u00f6hb\u0259t zaman\u0131 Az\u0259rbaycanla El-Salvador aras\u0131nda iqtisadiyyat, ticar\u0259t, turizm, t\u0259hsil v\u0259 dig\u0259r sah\u0259l\u0259rd\u0259 \u0259m\u0259kda\u015fl\u0131q \u00fc\u00e7\u00fcn b\u00f6y\u00fck perspektivl\u0259rin oldu\u011fu qeyd edildi.<\/p>\n<p>***<\/p>\n<p>Prezident \u0130lham \u018fliyev dekabr\u0131n 3-d\u0259 El-Salvador Respublikas\u0131n\u0131n Az\u0259rbaycanda yeni t\u0259yin olunmu\u015f f\u00f6vq\u0259lad\u0259 v\u0259 s\u0259lahiyy\u0259tli s\u0259firi Enrike Haime Kalderonun etimadnam\u0259sini q\u0259bul edib.<\/p>\n<p><strong>ARANTV.AZ x\u0259b\u0259r verir ki,<\/strong>\u00a0bu bar\u0259d\u0259 Prezidentin M\u0259tbuat Xidm\u0259ti m\u0259lumat yay\u0131b.<\/p>\n<div class=\"clearfix\"><\/div>\n<\/div>\n<div class=\"fotorama--hidden\"><\/div>\n<div id=\"galleryList\" class=\"fotorama fotorama1733235450101\" data-nav=\"thumbs\" data-width=\"100%\" data-thumbwidth=\"90\" data-thumbheight=\"60\" data-allowfullscreen=\"true\" data-autoplay=\"3000\" data-ratio=\"1.5\" data-keyboard=\"true\" data-fit=\"contain\">\n<div class=\"fotorama__wrap fotorama__wrap--css3 fotorama__wrap--slide fotorama__wrap--toggle-arrows fotorama__wrap--no-controls\">\n<div class=\"fotorama__stage fotorama__pointer\">\n<div class=\"fotorama__fullscreen-icon\" tabindex=\"0\" role=\"button\"><\/div>\n<div class=\"fotorama__stage__shaft\">\n<div class=\"fotorama__stage__frame fotorama__loaded fotorama__loaded--img\"><img class=\"fotorama__img\" src=\"https:\/\/ikisahil.az\/photo\/0x0_2\/upload\/gallery\/2024\/12\/03\/-06cdc057173320903332842144610298289.jpg\" \/><\/div>\n<div class=\"fotorama__stage__frame fotorama__loaded fotorama__loaded--img fotorama__active\"><img class=\"fotorama__img\" src=\"https:\/\/ikisahil.az\/photo\/0x0_2\/upload\/gallery\/2024\/12\/03\/-d790c9e6173320903372598391111114027.jpg\" \/><\/div>\n<div class=\"fotorama__stage__frame fotorama__loaded fotorama__loaded--img\"><img class=\"fotorama__img\" src=\"https:\/\/ikisahil.az\/photo\/0x0_2\/upload\/gallery\/2024\/12\/03\/-2b296ab4173320903399032643210557282.jpg\" \/><\/div>\n<\/div>\n<div class=\"fotorama__arr fotorama__arr--prev\" tabindex=\"0\" role=\"button\"><\/div>\n<div class=\"fotorama__arr fotorama__arr--next\" tabindex=\"0\" role=\"button\"><\/div>\n<div class=\"fotorama__video-close\"><\/div>\n<\/div>\n<div class=\"fotorama__nav-wrap\">\n<div class=\"fotorama__nav fotorama__nav--thumbs\">\n<div class=\"fotorama__nav__shaft\">\n<div class=\"fotorama__thumb-border\"><\/div>\n<div class=\"fotorama__nav__frame fotorama__nav__frame--thumb\" tabindex=\"0\" role=\"button\">\n<div class=\"fotorama__thumb fotorama__loaded fotorama__loaded--img\"><img class=\"fotorama__img\" src=\"https:\/\/ikisahil.az\/photo\/150x100_2\/upload\/gallery\/2024\/12\/03\/-06cdc057173320903332842144610298289.jpg\" \/><\/div>\n<\/div>\n<div class=\"fotorama__nav__frame fotorama__nav__frame--thumb fotorama__active\" tabindex=\"0\" role=\"button\">\n<div class=\"fotorama__thumb fotorama__loaded fotorama__loaded--img\"><img class=\"fotorama__img\" src=\"https:\/\/ikisahil.az\/photo\/150x100_2\/upload\/gallery\/2024\/12\/03\/-d790c9e6173320903372598391111114027.jpg\" \/><\/div>\n<\/div>\n<div class=\"fotorama__nav__frame fotorama__nav__frame--thumb\" tabindex=\"0\" role=\"button\">\n<div class=\"fotorama__thumb fotorama__loaded fotorama__loaded--img\"><img class=\"fotorama__img\" src=\"https:\/\/ikisahil.az\/photo\/150x100_2\/upload\/gallery\/2024\/12\/03\/-2b296ab4173320903399032643210557282.jpg\" \/><\/div>\n<\/div>\n<div class=\"fotorama__nav__frame fotorama__nav__frame--thumb\" tabindex=\"0\" role=\"button\">\n<div class=\"fotorama__thumb fotorama__loaded fotorama__loaded--img\"><img class=\"fotorama__img\" src=\"https:\/\/ikisahil.az\/photo\/150x100_2\/upload\/gallery\/2024\/12\/03\/-26310c70173320903394432856210673716.jpg\" \/><\/div>\n<\/div>\n<\/div>\n<\/div>\n<\/div>\n<\/div>\n<\/div>\n<div class=\"sharing my-2 row no-gutters d-print-none\"><\/div>\n<div class=\"d-none d-sm-block\"><\/div>\n","protected":false},"excerpt":{"rendered":"<p>Az\u0259rbaycan Respublikas\u0131n\u0131n Prezidenti \u0130lham \u018fliyev dekabr\u0131n 3-d\u0259 El-Salvador Respublikas\u0131n\u0131n \u00f6lk\u0259mizd\u0259 yeni t\u0259yin olunmu\u015f f\u00f6vq\u0259lad\u0259 v\u0259 s\u0259lahiyy\u0259tli s\u0259firi Enrike Haime Kalderonun etimadnam\u0259sini q\u0259bul edib. ARANTV.AZ x\u0259b\u0259r verir ki,\u00a0s\u0259fir etimadnam\u0259sini d\u00f6vl\u0259timizin ba\u015f\u00e7\u0131s\u0131na t\u0259qdim etdi. Prezident \u0130lham \u018fliyev s\u0259firl\u0259 s\u00f6hb\u0259t etdi. D\u00f6vl\u0259timizin ba\u015f\u00e7\u0131s\u0131 \u0259m\u0259kda\u015fl\u0131\u011f\u0131m\u0131z\u0131n qurulmas\u0131 istiqam\u0259tind\u0259 s\u0259firin \u00f6z s\u0259yl\u0259rini \u0259sirg\u0259m\u0259y\u0259c\u0259yin\u0259, bu bax\u0131mdan onun Az\u0259rbaycan\u0131n r\u0259smi qurumlar\u0131 il\u0259 s\u0259m\u0259r\u0259li \u0259laq\u0259l\u0259r quraca\u011f\u0131na \u00fcmidvar oldu\u011funu bildir\u0259r\u0259k, bir s\u0131ra sah\u0259l\u0259rd\u0259, o c\u00fcml\u0259d\u0259n iqtisadi \u0259m\u0259kda\u015fl\u0131qla ba\u011fl\u0131 imkanlar\u0131n m\u00fc\u0259yy\u0259nl\u0259\u015fdirilm\u0259sinin z\u0259ruriliyini vur\u011fulad\u0131. S\u0259fir ilk n\u00f6vb\u0259d\u0259 COP29-da \u00f6lk\u0259sinin i\u015ftirak\u0131n\u0131 m\u0259mnunluqla xat\u0131rlayaraq, bu t\u0259dbirin y\u00fcks\u0259k s\u0259viyy\u0259d\u0259 t\u0259\u015fkil edilm\u0259si il\u0259 ba\u011fl\u0131 Az\u0259rbaycan Prezidentini&hellip;<\/p>\n","protected":false},"author":2,"featured_media":772721,"comment_status":"closed","ping_status":"closed","sticky":false,"template":"","format":"standard","meta":{"om_disable_all_campaigns":false,"_monsterinsights_skip_tracking":false,"_monsterinsights_sitenote_active":false,"_monsterinsights_sitenote_note":"","_monsterinsights_sitenote_category":0},"categories":[4],"tags":[],"aioseo_notices":[],"gutentor_comment":0,"rttpg_featured_image_url":{"full":["https:\/\/arantv.az\/wp-content\/uploads\/2024\/12\/64d52e08173320901629728247210617826.jpg",975,540,false],"landscape":["https:\/\/arantv.az\/wp-content\/uploads\/2024\/12\/64d52e08173320901629728247210617826.jpg",975,540,false],"portraits":["https:\/\/arantv.az\/wp-content\/uploads\/2024\/12\/64d52e08173320901629728247210617826.jpg",975,540,false],"thumbnail":["https:\/\/arantv.az\/wp-content\/uploads\/2024\/12\/64d52e08173320901629728247210617826-500x280.jpg",500,280,true],"medium":["https:\/\/arantv.az\/wp-content\/uploads\/2024\/12\/64d52e08173320901629728247210617826-660x365.jpg",660,365,true],"large":["https:\/\/arantv.az\/wp-content\/uploads\/2024\/12\/64d52e08173320901629728247210617826-840x465.jpg",640,354,true],"1536x1536":["https:\/\/arantv.az\/wp-content\/uploads\/2024\/12\/64d52e08173320901629728247210617826.jpg",975,540,false],"2048x2048":["https:\/\/arantv.az\/wp-content\/uploads\/2024\/12\/64d52e08173320901629728247210617826.jpg",975,540,false],"post-thumbnail":["https:\/\/arantv.az\/wp-content\/uploads\/2024\/12\/64d52e08173320901629728247210617826-240x172.jpg",240,172,true],"advps-thumb-one":["https:\/\/arantv.az\/wp-content\/uploads\/2024\/12\/64d52e08173320901629728247210617826.jpg",975,540,false]},"rttpg_author":{"display_name":"V\u00fcsal Rafiqo\u011flu","author_link":"https:\/\/arantv.az\/?author=2"},"rttpg_comment":0,"rttpg_category":"<a href=\"https:\/\/arantv.az\/?cat=4\" rel=\"category\">Siyas\u0259t<\/a>","rttpg_excerpt":"Az\u0259rbaycan Respublikas\u0131n\u0131n Prezidenti \u0130lham \u018fliyev dekabr\u0131n 3-d\u0259 El-Salvador Respublikas\u0131n\u0131n \u00f6lk\u0259mizd\u0259 yeni t\u0259yin olunmu\u015f f\u00f6vq\u0259lad\u0259 v\u0259 s\u0259lahiyy\u0259tli s\u0259firi Enrike Haime Kalderonun etimadnam\u0259sini q\u0259bul edib. ARANTV.AZ x\u0259b\u0259r verir ki,\u00a0s\u0259fir etimadnam\u0259sini d\u00f6vl\u0259timizin ba\u015f\u00e7\u0131s\u0131na t\u0259qdim etdi. Prezident \u0130lham \u018fliyev s\u0259firl\u0259 s\u00f6hb\u0259t etdi. D\u00f6vl\u0259timizin ba\u015f\u00e7\u0131s\u0131 \u0259m\u0259kda\u015fl\u0131\u011f\u0131m\u0131z\u0131n qurulmas\u0131 istiqam\u0259tind\u0259 s\u0259firin \u00f6z s\u0259yl\u0259rini \u0259sirg\u0259m\u0259y\u0259c\u0259yin\u0259, bu bax\u0131mdan onun Az\u0259rbaycan\u0131n r\u0259smi qurumlar\u0131 il\u0259 s\u0259m\u0259r\u0259li&hellip;","_links":{"self":[{"href":"https:\/\/arantv.az\/index.php?rest_route=\/wp\/v2\/posts\/772720"}],"collection":[{"href":"https:\/\/arantv.az\/index.php?rest_route=\/wp\/v2\/posts"}],"about":[{"href":"https:\/\/arantv.az\/index.php?rest_route=\/wp\/v2\/types\/post"}],"author":[{"embeddable":true,"href":"https:\/\/arantv.az\/index.php?rest_route=\/wp\/v2\/users\/2"}],"replies":[{"embeddable":true,"href":"https:\/\/arantv.az\/index.php?rest_route=%2Fwp%2Fv2%2Fcomments&post=772720"}],"version-history":[{"count":1,"href":"https:\/\/arantv.az\/index.php?rest_route=\/wp\/v2\/posts\/772720\/revisions"}],"predecessor-version":[{"id":772722,"href":"https:\/\/arantv.az\/index.php?rest_route=\/wp\/v2\/posts\/772720\/revisions\/772722"}],"wp:featuredmedia":[{"embeddable":true,"href":"https:\/\/arantv.az\/index.php?rest_route=\/wp\/v2\/media\/772721"}],"wp:attachment":[{"href":"https:\/\/arantv.az\/index.php?rest_route=%2Fwp%2Fv2%2Fmedia&parent=772720"}],"wp:term":[{"taxonomy":"category","embeddable":true,"href":"https:\/\/arantv.az\/index.php?rest_route=%2Fwp%2Fv2%2Fcategories&post=772720"},{"taxonomy":"post_tag","embeddable":true,"href":"https:\/\/arantv.az\/index.php?rest_route=%2Fwp%2Fv2%2Ftags&post=772720"}],"curies":[{"name":"wp","href":"https:\/\/api.w.org\/{rel}","templated":true}]}}