{"id":772723,"date":"2024-12-03T18:19:48","date_gmt":"2024-12-03T14:19:48","guid":{"rendered":"https:\/\/arantv.az\/?p=772723"},"modified":"2024-12-03T18:19:48","modified_gmt":"2024-12-03T14:19:48","slug":"prezident-ilham-%c9%99liyev-mavritaniyanin-az%c9%99rbaycandaki-yeni-s%c9%99firini-q%c9%99bul-edib-yenil%c9%99nib","status":"publish","type":"post","link":"https:\/\/arantv.az\/?p=772723","title":{"rendered":"Prezident \u0130lham \u018fliyev Mavritaniyan\u0131n Az\u0259rbaycandak\u0131 yeni s\u0259firini q\u0259bul edib &#8211; YEN\u0130L\u018fN\u0130B"},"content":{"rendered":"<div class=\"content lead font-weight-normal\">\n<p><em><strong>Az\u0259rbaycan Respublikas\u0131n\u0131n Prezidenti \u0130lham \u018fliyev dekabr\u0131n 3-d\u0259 Mavritaniya \u0130slam Respublikas\u0131n\u0131n \u00f6lk\u0259mizd\u0259 yeni t\u0259yin olunmu\u015f f\u00f6vq\u0259lad\u0259 v\u0259 s\u0259lahiyy\u0259tli s\u0259firi Sid \u018fhm\u0259d \u0259l-Bekaye Hamadinin etimadnam\u0259sini q\u0259bul edib.<\/strong><\/em><\/p>\n<p><strong>ARANTV.AZ\u00a0 x\u0259b\u0259r verir ki, <\/strong>s\u0259fir etimadnam\u0259sini d\u00f6vl\u0259timizin ba\u015f\u00e7\u0131s\u0131na t\u0259qdim etdi.<\/p>\n<p>Prezident \u0130lham \u018fliyev s\u0259firl\u0259 s\u00f6hb\u0259t etdi.<\/p>\n<p>Az\u0259rbaycan\u0131n v\u0259 Mavritaniyan\u0131n \u0259n\u0259n\u0259vi olaraq dostluq \u015f\u0259raitind\u0259 \u0259m\u0259kda\u015fl\u0131q etm\u0259sind\u0259n m\u0259mnunlu\u011funu bildir\u0259n d\u00f6vl\u0259timizin ba\u015f\u00e7\u0131s\u0131 bunun beyn\u0259lxalq t\u0259\u015fkilatlarda, x\u00fcsusil\u0259 BMT-d\u0259 qar\u015f\u0131l\u0131ql\u0131 d\u0259st\u0259k v\u0259 birg\u0259 f\u0259aliyy\u0259td\u0259 d\u0259 \u00f6z\u00fcn\u00fc b\u00fcruz\u0259 verdiyini dedi. Prezident \u0130lham \u018fliyev m\u00fcxt\u0259lif sah\u0259l\u0259rd\u0259 m\u00fcnasib\u0259tl\u0259rimizin m\u00f6hk\u0259ml\u0259ndirilm\u0259sinin \u00f6n\u0259min\u0259 toxunaraq, siyasi \u0259laq\u0259l\u0259rimizin geni\u015fl\u0259ndirilm\u0259sinin, ikit\u0259r\u0259fli \u0259m\u0259kda\u015fl\u0131\u011f\u0131n inki\u015faf\u0131nda qar\u015f\u0131l\u0131ql\u0131 s\u0259f\u0259rl\u0259rin t\u0259\u015fkilinin, iqtisadi-ticari \u0259laq\u0259l\u0259rin inki\u015faf etdirilm\u0259sinin z\u0259ruriliyini qeyd etdi.<\/p>\n<p>Xo\u015f s\u00f6zl\u0259r\u0259 g\u00f6r\u0259 minn\u0259tdarl\u0131\u011f\u0131n\u0131 bildir\u0259n s\u0259fir ilk n\u00f6vb\u0259d\u0259 Mavritaniya Prezidenti M\u0259h\u0259mm\u0259d uld \u015eeyx \u0259l-Qazuaninin salamlar\u0131n\u0131 v\u0259 \u0259n xo\u015f arzular\u0131n\u0131 d\u00f6vl\u0259timizin ba\u015f\u00e7\u0131s\u0131na \u00e7atd\u0131rd\u0131. Sid \u018fhm\u0259d \u0259l-Bekaye Hamadi vur\u011fulad\u0131 ki, Mavritaniya Prezidenti dost \u00f6lk\u0259l\u0259rimiz aras\u0131nda \u0259laq\u0259l\u0259rin daha da geni\u015fl\u0259ndirilm\u0259si v\u0259 m\u00f6hk\u0259ml\u0259ndirilm\u0259si il\u0259 ba\u011fl\u0131 ona tap\u015f\u0131r\u0131qlar verib.<\/p>\n<p>D\u00f6vl\u0259timizin ba\u015f\u00e7\u0131s\u0131 salamlara g\u00f6r\u0259 minn\u0259tdarl\u0131\u011f\u0131n\u0131 bildirdi, onun da salamlar\u0131n\u0131 Mavritaniya Prezidentin\u0259 \u00e7atd\u0131rma\u011f\u0131 xahi\u015f etdi.<\/p>\n<p>Sid \u018fhm\u0259d \u0259l-Bekaye Hamadi COP29-un \u00e7ox u\u011furla ke\u00e7irilm\u0259si v\u0259 Az\u0259rbaycan Prezidentinin m\u00fcdrik r\u0259hb\u0259rliyi il\u0259 \u00f6lk\u0259mizin b\u00f6y\u00fck nailiyy\u0259tl\u0259r qazanmas\u0131 v\u0259 s\u00fcr\u0259tli inki\u015faf\u0131 m\u00fcnasib\u0259til\u0259 t\u0259brikl\u0259rini \u00e7atd\u0131rd\u0131.<\/p>\n<p>\u00d6lk\u0259l\u0259rimiz aras\u0131nda \u0259m\u0259kda\u015fl\u0131\u011f\u0131n inki\u015faf\u0131 \u00fc\u00e7\u00fcn b\u00f6y\u00fck potensial\u0131n oldu\u011funu dey\u0259n s\u0259fir s\u0259hiyy\u0259, t\u0259hsil, k\u0259nd t\u0259s\u0259rr\u00fcfat\u0131, bal\u0131q\u00e7\u0131l\u0131q v\u0259 m\u0259d\u0259n\u00e7ilik sah\u0259l\u0259rind\u0259ki geni\u015f imkanlar\u0131 qeyd etdi. O, h\u0259m\u00e7inin Mavritaniyadan olan t\u0259l\u0259b\u0259l\u0259r \u00fc\u00e7\u00fcn Az\u0259rbaycanda t\u0259hsil t\u0259qa\u00fcdl\u0259rinin verilm\u0259si imkanlar\u0131na bax\u0131lmas\u0131n\u0131 xahi\u015f etdi.<\/p>\n<p>G\u00f6r\u00fc\u015fd\u0259 ikit\u0259r\u0259fli iqtisadi-ticari \u0259laq\u0259l\u0259rin potensial\u0131n\u0131n ara\u015fd\u0131r\u0131lmas\u0131 \u00fc\u00e7\u00fcn m\u00fcvafiq i\u015f\u00e7i qruplar\u0131n\u0131n yarad\u0131lmas\u0131 v\u0259 s\u0259f\u0259rl\u0259rin t\u0259\u015fkil edilm\u0259si m\u0259s\u0259l\u0259si qeyd olundu.<\/p>\n<p>S\u00f6hb\u0259t zaman\u0131 elm v\u0259 t\u0259hsil sah\u0259l\u0259rind\u0259 \u0259m\u0259kda\u015fl\u0131qla ba\u011fl\u0131 da fikir m\u00fcbadil\u0259si apar\u0131ld\u0131.<\/p>\n<p>***<\/p>\n<p>Prezident \u0130lham \u018fliyev dekabr\u0131n 3-d\u0259 Mavritaniya \u0130slam Respublikas\u0131n\u0131n Az\u0259rbaycanda yeni t\u0259yin olunmu\u015f f\u00f6vq\u0259lad\u0259 v\u0259 s\u0259lahiyy\u0259tli s\u0259firi Sid \u018fhm\u0259d \u0259l-Bekaye Hamadinin etimadnam\u0259sini q\u0259bul edib.<\/p>\n<p><strong>ARANTV.AZ x\u0259b\u0259r verir ki,<\/strong>\u00a0bu bar\u0259d\u0259 Prezidentin M\u0259tbuat Xidm\u0259ti m\u0259lumat yay\u0131b.<\/p>\n<div class=\"clearfix\"><\/div>\n<\/div>\n<div class=\"fotorama--hidden\"><\/div>\n<div id=\"galleryList\" class=\"fotorama fotorama1733235506721\" data-nav=\"thumbs\" data-width=\"100%\" data-thumbwidth=\"90\" data-thumbheight=\"60\" data-allowfullscreen=\"true\" data-autoplay=\"3000\" data-ratio=\"1.5\" data-keyboard=\"true\" data-fit=\"contain\">\n<div class=\"fotorama__wrap fotorama__wrap--css3 fotorama__wrap--slide fotorama__wrap--toggle-arrows fotorama__wrap--no-controls\">\n<div class=\"fotorama__stage fotorama__pointer\">\n<div class=\"fotorama__fullscreen-icon\" tabindex=\"0\" role=\"button\"><\/div>\n<div class=\"fotorama__stage__shaft\">\n<div class=\"fotorama__stage__frame fotorama__loaded fotorama__loaded--img fotorama__active\"><img class=\"fotorama__img\" src=\"https:\/\/ikisahil.az\/photo\/0x0_2\/upload\/gallery\/2024\/12\/03\/-97ea3cfb173320873659336498810552904.jpg\" \/><\/div>\n<div class=\"fotorama__stage__frame fotorama__loaded fotorama__loaded--img\"><img class=\"fotorama__img\" src=\"https:\/\/ikisahil.az\/photo\/0x0_2\/upload\/gallery\/2024\/12\/03\/-1e65040d173320873655833226810013765.jpg\" \/><\/div>\n<div class=\"fotorama__stage__frame fotorama__loaded fotorama__loaded--img\"><img class=\"fotorama__img\" src=\"https:\/\/ikisahil.az\/photo\/0x0_2\/upload\/gallery\/2024\/12\/03\/-8c8a58fa173320873594104262710973433.jpg\" \/><\/div>\n<\/div>\n<div class=\"fotorama__arr fotorama__arr--prev\" tabindex=\"0\" role=\"button\"><\/div>\n<div class=\"fotorama__arr fotorama__arr--next\" tabindex=\"0\" role=\"button\"><\/div>\n<div class=\"fotorama__video-close\"><\/div>\n<\/div>\n<div class=\"fotorama__nav-wrap\">\n<div class=\"fotorama__nav fotorama__nav--thumbs\">\n<div class=\"fotorama__nav__shaft\">\n<div class=\"fotorama__thumb-border\"><\/div>\n<div class=\"fotorama__nav__frame fotorama__nav__frame--thumb\" tabindex=\"0\" role=\"button\">\n<div class=\"fotorama__thumb fotorama__loaded fotorama__loaded--img\"><img class=\"fotorama__img\" src=\"https:\/\/ikisahil.az\/photo\/150x100_2\/upload\/gallery\/2024\/12\/03\/-1e65040d173320873655833226810013765.jpg\" \/><\/div>\n<\/div>\n<div class=\"fotorama__nav__frame fotorama__nav__frame--thumb fotorama__active\" tabindex=\"0\" role=\"button\">\n<div class=\"fotorama__thumb fotorama__loaded fotorama__loaded--img\"><img class=\"fotorama__img\" src=\"https:\/\/ikisahil.az\/photo\/150x100_2\/upload\/gallery\/2024\/12\/03\/-97ea3cfb173320873659336498810552904.jpg\" \/><\/div>\n<\/div>\n<div class=\"fotorama__nav__frame fotorama__nav__frame--thumb\" tabindex=\"0\" role=\"button\">\n<div class=\"fotorama__thumb fotorama__loaded fotorama__loaded--img\"><img class=\"fotorama__img\" src=\"https:\/\/ikisahil.az\/photo\/150x100_2\/upload\/gallery\/2024\/12\/03\/-8c8a58fa173320873594104262710973433.jpg\" \/><\/div>\n<\/div>\n<\/div>\n<\/div>\n<\/div>\n<\/div>\n<\/div>\n<div class=\"sharing my-2 row no-gutters d-print-none\">\n<div class=\"col-md-3\"><\/div>\n<\/div>\n<div class=\"d-none d-sm-block\"><\/div>\n","protected":false},"excerpt":{"rendered":"<p>Az\u0259rbaycan Respublikas\u0131n\u0131n Prezidenti \u0130lham \u018fliyev dekabr\u0131n 3-d\u0259 Mavritaniya \u0130slam Respublikas\u0131n\u0131n \u00f6lk\u0259mizd\u0259 yeni t\u0259yin olunmu\u015f f\u00f6vq\u0259lad\u0259 v\u0259 s\u0259lahiyy\u0259tli s\u0259firi Sid \u018fhm\u0259d \u0259l-Bekaye Hamadinin etimadnam\u0259sini q\u0259bul edib. ARANTV.AZ\u00a0 x\u0259b\u0259r verir ki, s\u0259fir etimadnam\u0259sini d\u00f6vl\u0259timizin ba\u015f\u00e7\u0131s\u0131na t\u0259qdim etdi. Prezident \u0130lham \u018fliyev s\u0259firl\u0259 s\u00f6hb\u0259t etdi. Az\u0259rbaycan\u0131n v\u0259 Mavritaniyan\u0131n \u0259n\u0259n\u0259vi olaraq dostluq \u015f\u0259raitind\u0259 \u0259m\u0259kda\u015fl\u0131q etm\u0259sind\u0259n m\u0259mnunlu\u011funu bildir\u0259n d\u00f6vl\u0259timizin ba\u015f\u00e7\u0131s\u0131 bunun beyn\u0259lxalq t\u0259\u015fkilatlarda, x\u00fcsusil\u0259 BMT-d\u0259 qar\u015f\u0131l\u0131ql\u0131 d\u0259st\u0259k v\u0259 birg\u0259 f\u0259aliyy\u0259td\u0259 d\u0259 \u00f6z\u00fcn\u00fc b\u00fcruz\u0259 verdiyini dedi. Prezident \u0130lham \u018fliyev m\u00fcxt\u0259lif sah\u0259l\u0259rd\u0259 m\u00fcnasib\u0259tl\u0259rimizin m\u00f6hk\u0259ml\u0259ndirilm\u0259sinin \u00f6n\u0259min\u0259 toxunaraq, siyasi \u0259laq\u0259l\u0259rimizin geni\u015fl\u0259ndirilm\u0259sinin, ikit\u0259r\u0259fli \u0259m\u0259kda\u015fl\u0131\u011f\u0131n inki\u015faf\u0131nda qar\u015f\u0131l\u0131ql\u0131 s\u0259f\u0259rl\u0259rin t\u0259\u015fkilinin, iqtisadi-ticari \u0259laq\u0259l\u0259rin inki\u015faf&hellip;<\/p>\n","protected":false},"author":2,"featured_media":772724,"comment_status":"closed","ping_status":"closed","sticky":false,"template":"","format":"standard","meta":{"om_disable_all_campaigns":false,"_monsterinsights_skip_tracking":false,"_monsterinsights_sitenote_active":false,"_monsterinsights_sitenote_note":"","_monsterinsights_sitenote_category":0},"categories":[4],"tags":[],"aioseo_notices":[],"gutentor_comment":0,"rttpg_featured_image_url":{"full":["https:\/\/arantv.az\/wp-content\/uploads\/2024\/12\/d5d7f5bb173320871913916396710546343.jpg",975,540,false],"landscape":["https:\/\/arantv.az\/wp-content\/uploads\/2024\/12\/d5d7f5bb173320871913916396710546343.jpg",975,540,false],"portraits":["https:\/\/arantv.az\/wp-content\/uploads\/2024\/12\/d5d7f5bb173320871913916396710546343.jpg",975,540,false],"thumbnail":["https:\/\/arantv.az\/wp-content\/uploads\/2024\/12\/d5d7f5bb173320871913916396710546343-500x280.jpg",500,280,true],"medium":["https:\/\/arantv.az\/wp-content\/uploads\/2024\/12\/d5d7f5bb173320871913916396710546343-660x365.jpg",660,365,true],"large":["https:\/\/arantv.az\/wp-content\/uploads\/2024\/12\/d5d7f5bb173320871913916396710546343-840x465.jpg",640,354,true],"1536x1536":["https:\/\/arantv.az\/wp-content\/uploads\/2024\/12\/d5d7f5bb173320871913916396710546343.jpg",975,540,false],"2048x2048":["https:\/\/arantv.az\/wp-content\/uploads\/2024\/12\/d5d7f5bb173320871913916396710546343.jpg",975,540,false],"post-thumbnail":["https:\/\/arantv.az\/wp-content\/uploads\/2024\/12\/d5d7f5bb173320871913916396710546343-240x172.jpg",240,172,true],"advps-thumb-one":["https:\/\/arantv.az\/wp-content\/uploads\/2024\/12\/d5d7f5bb173320871913916396710546343.jpg",975,540,false]},"rttpg_author":{"display_name":"V\u00fcsal Rafiqo\u011flu","author_link":"https:\/\/arantv.az\/?author=2"},"rttpg_comment":0,"rttpg_category":"<a href=\"https:\/\/arantv.az\/?cat=4\" rel=\"category\">Siyas\u0259t<\/a>","rttpg_excerpt":"Az\u0259rbaycan Respublikas\u0131n\u0131n Prezidenti \u0130lham \u018fliyev dekabr\u0131n 3-d\u0259 Mavritaniya \u0130slam Respublikas\u0131n\u0131n \u00f6lk\u0259mizd\u0259 yeni t\u0259yin olunmu\u015f f\u00f6vq\u0259lad\u0259 v\u0259 s\u0259lahiyy\u0259tli s\u0259firi Sid \u018fhm\u0259d \u0259l-Bekaye Hamadinin etimadnam\u0259sini q\u0259bul edib. ARANTV.AZ\u00a0 x\u0259b\u0259r verir ki, s\u0259fir etimadnam\u0259sini d\u00f6vl\u0259timizin ba\u015f\u00e7\u0131s\u0131na t\u0259qdim etdi. Prezident \u0130lham \u018fliyev s\u0259firl\u0259 s\u00f6hb\u0259t etdi. Az\u0259rbaycan\u0131n v\u0259 Mavritaniyan\u0131n \u0259n\u0259n\u0259vi olaraq dostluq \u015f\u0259raitind\u0259 \u0259m\u0259kda\u015fl\u0131q etm\u0259sind\u0259n m\u0259mnunlu\u011funu bildir\u0259n d\u00f6vl\u0259timizin ba\u015f\u00e7\u0131s\u0131 bunun&hellip;","_links":{"self":[{"href":"https:\/\/arantv.az\/index.php?rest_route=\/wp\/v2\/posts\/772723"}],"collection":[{"href":"https:\/\/arantv.az\/index.php?rest_route=\/wp\/v2\/posts"}],"about":[{"href":"https:\/\/arantv.az\/index.php?rest_route=\/wp\/v2\/types\/post"}],"author":[{"embeddable":true,"href":"https:\/\/arantv.az\/index.php?rest_route=\/wp\/v2\/users\/2"}],"replies":[{"embeddable":true,"href":"https:\/\/arantv.az\/index.php?rest_route=%2Fwp%2Fv2%2Fcomments&post=772723"}],"version-history":[{"count":1,"href":"https:\/\/arantv.az\/index.php?rest_route=\/wp\/v2\/posts\/772723\/revisions"}],"predecessor-version":[{"id":772725,"href":"https:\/\/arantv.az\/index.php?rest_route=\/wp\/v2\/posts\/772723\/revisions\/772725"}],"wp:featuredmedia":[{"embeddable":true,"href":"https:\/\/arantv.az\/index.php?rest_route=\/wp\/v2\/media\/772724"}],"wp:attachment":[{"href":"https:\/\/arantv.az\/index.php?rest_route=%2Fwp%2Fv2%2Fmedia&parent=772723"}],"wp:term":[{"taxonomy":"category","embeddable":true,"href":"https:\/\/arantv.az\/index.php?rest_route=%2Fwp%2Fv2%2Fcategories&post=772723"},{"taxonomy":"post_tag","embeddable":true,"href":"https:\/\/arantv.az\/index.php?rest_route=%2Fwp%2Fv2%2Ftags&post=772723"}],"curies":[{"name":"wp","href":"https:\/\/api.w.org\/{rel}","templated":true}]}}