{"id":772736,"date":"2024-12-03T18:55:21","date_gmt":"2024-12-03T14:55:21","guid":{"rendered":"https:\/\/arantv.az\/?p=772736"},"modified":"2024-12-03T18:55:21","modified_gmt":"2024-12-03T14:55:21","slug":"az%c9%99rbaycanla-nato-arasindaki-%c9%99laq%c9%99l%c9%99rin-inkisafi-perspektivl%c9%99ri-muzakir%c9%99-edilib","status":"publish","type":"post","link":"https:\/\/arantv.az\/?p=772736","title":{"rendered":"Az\u0259rbaycanla NATO aras\u0131ndak\u0131 \u0259laq\u0259l\u0259rin inki\u015faf\u0131 perspektivl\u0259ri m\u00fczakir\u0259 edilib"},"content":{"rendered":"<p>NATO il\u0259 F\u0259rdi T\u0259r\u0259fda\u015fl\u0131q \u00fczr\u0259 \u018fm\u0259kda\u015fl\u0131q Proqram\u0131na \u0259sas\u0259n ke\u00e7iril\u0259n &#8220;15-ci NATO g\u00fcnl\u0259ri&#8221; t\u0259dbiri \u00e7\u0259r\u00e7iv\u0259sind\u0259 Az\u0259rbaycan Respublikas\u0131n\u0131n m\u00fcdafi\u0259 nazirinin m\u00fcavini &#8211; Ba\u015f direktor c\u0259nab Aqil Qurbanov \u00f6lk\u0259mizd\u0259 s\u0259f\u0259rd\u0259 olan M\u00fctt\u0259fiql\u0259rin Avropadak\u0131 Ali Komandanl\u0131\u011f\u0131 (SHAPE) Q\u0259rargah r\u0259isinin m\u00fcavini &#8211; T\u0259r\u0259fda\u015fl\u0131q \u0130dar\u0259sinin r\u0259isi kontr-admiral Bruasdal Gunnsteinin r\u0259hb\u0259rlik etdiyi n\u00fcmay\u0259nd\u0259 hey\u0259ti il\u0259 g\u00f6r\u00fc\u015f\u00fcb.<\/p>\n<p>Bu bar\u0259d\u0259\u00a0<strong>\u201c\u0130ki sahil\u201d<\/strong>\u0259<strong>\u00a0<\/strong>M\u00fcdafi\u0259 Nazirliyind\u0259n m\u0259lumat verilib.<\/p>\n<p>Bildirilib ki, g\u00f6r\u00fc\u015fd\u0259 h\u0259r iki t\u0259r\u0259f aras\u0131ndak\u0131 m\u00fcnasib\u0259tl\u0259rin cari v\u0259ziyy\u0259ti y\u00fcks\u0259k qiym\u0259tl\u0259ndirilib v\u0259 qurulan \u0259laq\u0259l\u0259rin bundan sonra da inki\u015faf\u0131 \u00fc\u00e7\u00fcn perspektivd\u0259 duran m\u0259s\u0259l\u0259l\u0259r \u0259traf\u0131nda fikir m\u00fcbadil\u0259si apar\u0131l\u0131b. H\u0259m\u00e7inin NATO-nun \u018fm\u0259liyyat \u0130mkanlar\u0131 Konsepsiyas\u0131 (\u018f\u0130K) v\u0259 dig\u0259r proqramlar\u0131nda i\u015ftirak ed\u0259n h\u0259rbi qulluq\u00e7ular\u0131m\u0131z\u0131n f\u0259aliyy\u0259ti y\u00fcks\u0259k qiym\u0259tl\u0259ndirilib. Bundan sonra da m\u00fcxt\u0259lif t\u0259lim v\u0259 kurslarda i\u015ftirak ed\u0259c\u0259k h\u0259rbi qulluq\u00e7ular aras\u0131nda t\u0259cr\u00fcb\u0259 m\u00fcbadil\u0259sinin v\u0259 \u00f6z\u00fcn\u00fc t\u0259kmill\u0259\u015fdirm\u0259nin vacibliyi x\u00fcsusi vur\u011fulan\u0131b.<\/p>\n<p>T\u0259r\u0259fl\u0259r aras\u0131nda ke\u00e7iril\u0259n g\u00f6r\u00fc\u015f \u0259snas\u0131nda m\u00fcnasib\u0259tl\u0259rin inki\u015faf perspektivl\u0259ri m\u00fczakir\u0259 edilib, qar\u015f\u0131l\u0131ql\u0131 maraq do\u011furan suallar cavabland\u0131r\u0131l\u0131b.<\/p>\n","protected":false},"excerpt":{"rendered":"<p>NATO il\u0259 F\u0259rdi T\u0259r\u0259fda\u015fl\u0131q \u00fczr\u0259 \u018fm\u0259kda\u015fl\u0131q Proqram\u0131na \u0259sas\u0259n ke\u00e7iril\u0259n &#8220;15-ci NATO g\u00fcnl\u0259ri&#8221; t\u0259dbiri \u00e7\u0259r\u00e7iv\u0259sind\u0259 Az\u0259rbaycan Respublikas\u0131n\u0131n m\u00fcdafi\u0259 nazirinin m\u00fcavini &#8211; Ba\u015f direktor c\u0259nab Aqil Qurbanov \u00f6lk\u0259mizd\u0259 s\u0259f\u0259rd\u0259 olan M\u00fctt\u0259fiql\u0259rin Avropadak\u0131 Ali Komandanl\u0131\u011f\u0131 (SHAPE) Q\u0259rargah r\u0259isinin m\u00fcavini &#8211; T\u0259r\u0259fda\u015fl\u0131q \u0130dar\u0259sinin r\u0259isi kontr-admiral Bruasdal Gunnsteinin r\u0259hb\u0259rlik etdiyi n\u00fcmay\u0259nd\u0259 hey\u0259ti il\u0259 g\u00f6r\u00fc\u015f\u00fcb. Bu bar\u0259d\u0259\u00a0\u201c\u0130ki sahil\u201d\u0259\u00a0M\u00fcdafi\u0259 Nazirliyind\u0259n m\u0259lumat verilib. Bildirilib ki, g\u00f6r\u00fc\u015fd\u0259 h\u0259r iki t\u0259r\u0259f aras\u0131ndak\u0131 m\u00fcnasib\u0259tl\u0259rin cari v\u0259ziyy\u0259ti y\u00fcks\u0259k qiym\u0259tl\u0259ndirilib v\u0259 qurulan \u0259laq\u0259l\u0259rin bundan sonra da inki\u015faf\u0131 \u00fc\u00e7\u00fcn perspektivd\u0259 duran m\u0259s\u0259l\u0259l\u0259r \u0259traf\u0131nda fikir m\u00fcbadil\u0259si apar\u0131l\u0131b. H\u0259m\u00e7inin NATO-nun \u018fm\u0259liyyat \u0130mkanlar\u0131 Konsepsiyas\u0131 (\u018f\u0130K) v\u0259 dig\u0259r&hellip;<\/p>\n","protected":false},"author":2,"featured_media":772737,"comment_status":"closed","ping_status":"closed","sticky":false,"template":"","format":"standard","meta":{"om_disable_all_campaigns":false,"_monsterinsights_skip_tracking":false,"_monsterinsights_sitenote_active":false,"_monsterinsights_sitenote_note":"","_monsterinsights_sitenote_category":0},"categories":[10],"tags":[],"aioseo_notices":[],"gutentor_comment":0,"rttpg_featured_image_url":{"full":["https:\/\/arantv.az\/wp-content\/uploads\/2024\/12\/db957c6217332374218077995491006323.jpg",975,540,false],"landscape":["https:\/\/arantv.az\/wp-content\/uploads\/2024\/12\/db957c6217332374218077995491006323.jpg",975,540,false],"portraits":["https:\/\/arantv.az\/wp-content\/uploads\/2024\/12\/db957c6217332374218077995491006323.jpg",975,540,false],"thumbnail":["https:\/\/arantv.az\/wp-content\/uploads\/2024\/12\/db957c6217332374218077995491006323-500x280.jpg",500,280,true],"medium":["https:\/\/arantv.az\/wp-content\/uploads\/2024\/12\/db957c6217332374218077995491006323-660x365.jpg",660,365,true],"large":["https:\/\/arantv.az\/wp-content\/uploads\/2024\/12\/db957c6217332374218077995491006323-840x465.jpg",640,354,true],"1536x1536":["https:\/\/arantv.az\/wp-content\/uploads\/2024\/12\/db957c6217332374218077995491006323.jpg",975,540,false],"2048x2048":["https:\/\/arantv.az\/wp-content\/uploads\/2024\/12\/db957c6217332374218077995491006323.jpg",975,540,false],"post-thumbnail":["https:\/\/arantv.az\/wp-content\/uploads\/2024\/12\/db957c6217332374218077995491006323-240x172.jpg",240,172,true],"advps-thumb-one":["https:\/\/arantv.az\/wp-content\/uploads\/2024\/12\/db957c6217332374218077995491006323.jpg",975,540,false]},"rttpg_author":{"display_name":"V\u00fcsal Rafiqo\u011flu","author_link":"https:\/\/arantv.az\/?author=2"},"rttpg_comment":0,"rttpg_category":"<a href=\"https:\/\/arantv.az\/?cat=10\" rel=\"category\">C\u0259bh\u0259d\u0259n X\u0259b\u0259r<\/a>","rttpg_excerpt":"NATO il\u0259 F\u0259rdi T\u0259r\u0259fda\u015fl\u0131q \u00fczr\u0259 \u018fm\u0259kda\u015fl\u0131q Proqram\u0131na \u0259sas\u0259n ke\u00e7iril\u0259n &#8220;15-ci NATO g\u00fcnl\u0259ri&#8221; t\u0259dbiri \u00e7\u0259r\u00e7iv\u0259sind\u0259 Az\u0259rbaycan Respublikas\u0131n\u0131n m\u00fcdafi\u0259 nazirinin m\u00fcavini &#8211; Ba\u015f direktor c\u0259nab Aqil Qurbanov \u00f6lk\u0259mizd\u0259 s\u0259f\u0259rd\u0259 olan M\u00fctt\u0259fiql\u0259rin Avropadak\u0131 Ali Komandanl\u0131\u011f\u0131 (SHAPE) Q\u0259rargah r\u0259isinin m\u00fcavini &#8211; T\u0259r\u0259fda\u015fl\u0131q \u0130dar\u0259sinin r\u0259isi kontr-admiral Bruasdal Gunnsteinin r\u0259hb\u0259rlik etdiyi n\u00fcmay\u0259nd\u0259 hey\u0259ti il\u0259 g\u00f6r\u00fc\u015f\u00fcb. Bu bar\u0259d\u0259\u00a0\u201c\u0130ki sahil\u201d\u0259\u00a0M\u00fcdafi\u0259 Nazirliyind\u0259n m\u0259lumat verilib.&hellip;","_links":{"self":[{"href":"https:\/\/arantv.az\/index.php?rest_route=\/wp\/v2\/posts\/772736"}],"collection":[{"href":"https:\/\/arantv.az\/index.php?rest_route=\/wp\/v2\/posts"}],"about":[{"href":"https:\/\/arantv.az\/index.php?rest_route=\/wp\/v2\/types\/post"}],"author":[{"embeddable":true,"href":"https:\/\/arantv.az\/index.php?rest_route=\/wp\/v2\/users\/2"}],"replies":[{"embeddable":true,"href":"https:\/\/arantv.az\/index.php?rest_route=%2Fwp%2Fv2%2Fcomments&post=772736"}],"version-history":[{"count":1,"href":"https:\/\/arantv.az\/index.php?rest_route=\/wp\/v2\/posts\/772736\/revisions"}],"predecessor-version":[{"id":772738,"href":"https:\/\/arantv.az\/index.php?rest_route=\/wp\/v2\/posts\/772736\/revisions\/772738"}],"wp:featuredmedia":[{"embeddable":true,"href":"https:\/\/arantv.az\/index.php?rest_route=\/wp\/v2\/media\/772737"}],"wp:attachment":[{"href":"https:\/\/arantv.az\/index.php?rest_route=%2Fwp%2Fv2%2Fmedia&parent=772736"}],"wp:term":[{"taxonomy":"category","embeddable":true,"href":"https:\/\/arantv.az\/index.php?rest_route=%2Fwp%2Fv2%2Fcategories&post=772736"},{"taxonomy":"post_tag","embeddable":true,"href":"https:\/\/arantv.az\/index.php?rest_route=%2Fwp%2Fv2%2Ftags&post=772736"}],"curies":[{"name":"wp","href":"https:\/\/api.w.org\/{rel}","templated":true}]}}