{"id":772743,"date":"2024-12-03T19:24:06","date_gmt":"2024-12-03T15:24:06","guid":{"rendered":"https:\/\/arantv.az\/?p=772743"},"modified":"2024-12-03T19:24:06","modified_gmt":"2024-12-03T15:24:06","slug":"az%c9%99rbaycanla-s%c9%99udiyy%c9%99-%c9%99r%c9%99bistani-arasinda-h%c9%99rbi-%c9%99laq%c9%99l%c9%99r-muzakir%c9%99-edilib","status":"publish","type":"post","link":"https:\/\/arantv.az\/?p=772743","title":{"rendered":"Az\u0259rbaycanla S\u0259udiyy\u0259 \u018fr\u0259bistan\u0131 aras\u0131nda h\u0259rbi \u0259laq\u0259l\u0259r m\u00fczakir\u0259 edilib"},"content":{"rendered":"<div class=\"content lead font-weight-normal\">\n<p><em><strong>Az\u0259rbaycan Respublikas\u0131n\u0131n m\u00fcdafi\u0259 naziri general-polkovnik Zakir H\u0259s\u0259nov \u00f6lk\u0259mizd\u0259 r\u0259smi s\u0259f\u0259rd\u0259 olan S\u0259udiyy\u0259 \u018fr\u0259bistan\u0131 Krall\u0131\u011f\u0131n\u0131n h\u0259rbi n\u00fcmay\u0259nd\u0259 hey\u0259ti il\u0259 g\u00f6r\u00fc\u015f\u00fcb.<\/strong><\/em><\/p>\n<p><strong>ARANTV.AZ x\u0259b\u0259r verir ki,<\/strong>\u00a0\u00a0qonaqlar\u0131 salamlayan general-polkovnik Z.H\u0259s\u0259nov onlar\u0131 Az\u0259rbaycanda g\u00f6rm\u0259kd\u0259n m\u0259mnunlu\u011funu ifad\u0259 edib. M\u00fcdafi\u0259 naziri \u00f6lk\u0259l\u0259rimiz aras\u0131nda dostluq v\u0259 qarda\u015fl\u0131q prinsipi \u00fcz\u0259rind\u0259 qurulan \u0259laq\u0259l\u0259rin inki\u015faf etdirilm\u0259sin\u0259 x\u00fcsusi \u00f6n\u0259m verildiyini v\u0259 h\u0259r zaman Az\u0259rbaycan Respublikas\u0131n\u0131n Prezidenti, Silahl\u0131 Q\u00fcvv\u0259l\u0259rin Ali Ba\u015f Komandan\u0131 c\u0259nab \u0130lham \u018fliyevin diqq\u0259t m\u0259rk\u0259zind\u0259 saxlan\u0131ld\u0131\u011f\u0131n\u0131 bildirib.<br \/>\nCari ilin 24-26 sentyabr tarixl\u0259rind\u0259 Bak\u0131 Ekspo M\u0259rk\u0259zind\u0259 ke\u00e7iril\u0259n &#8220;ADEX&#8221; 5-ci Yubiley Az\u0259rbaycan Beyn\u0259lxalq M\u00fcdafi\u0259 S\u0259rgisind\u0259 S\u0259udiyy\u0259 \u018fr\u0259bistan\u0131n\u0131n geni\u015f t\u0259rkibd\u0259 n\u00fcmay\u0259nd\u0259 hey\u0259ti il\u0259 i\u015ftirak\u0131n\u0131n y\u00fcks\u0259k qiym\u0259tl\u0259ndirildiyi qeyd olunub.<\/p>\n<p>Nazir V\u0259t\u0259n m\u00fcharib\u0259sind\u0259 qazan\u0131lan Q\u0259l\u0259b\u0259d\u0259n sonra azad edilmi\u015f \u0259razil\u0259rin minalardan t\u0259mizl\u0259nm\u0259si il\u0259 ba\u011fl\u0131 g\u00f6r\u00fcl\u0259n t\u0259dbirl\u0259r bar\u0259d\u0259 qona\u011f\u0131 m\u0259lumatland\u0131r\u0131b v\u0259 S\u0259udiyy\u0259 \u018fr\u0259bistan\u0131 t\u0259r\u0259find\u0259n bu i\u015fd\u0259 g\u00f6st\u0259ril\u0259n d\u0259st\u0259y\u0259 g\u00f6r\u0259 qona\u011fa t\u0259\u015f\u0259kk\u00fcr\u00fcn\u00fc bildirib. Qeyd edilib ki, V\u0259t\u0259n m\u00fcharib\u0259sind\u0259n sonra minalar\u0131n partlamas\u0131 n\u0259tic\u0259sind\u0259 indiy\u0259d\u0259k z\u0259r\u0259r \u00e7\u0259k\u0259n 382 n\u0259f\u0259r m\u00fclki v\u0259 h\u0259rbi qulluq\u00e7udan 70 n\u0259f\u0259ri h\u0259lak olub.<br \/>\nDaha sonra general-polkovnik Z.H\u0259s\u0259nov Bak\u0131da Az\u0259rbaycan-T\u00fcrkiy\u0259-S\u0259udiyy\u0259 \u018fr\u0259bistan\u0131 aras\u0131nda k\u0259\u015ffiyyat sah\u0259sind\u0259 \u00fc\u00e7t\u0259r\u0259fli formatda ke\u00e7iril\u0259c\u0259k i\u015f\u00e7i g\u00f6r\u00fc\u015f\u00fcnd\u0259 i\u015ftirak\u00e7\u0131lara u\u011furlar arzulay\u0131b.<\/p>\n<p>\u00d6lk\u0259miz\u0259 s\u0259f\u0259rind\u0259n m\u0259mnun oldu\u011funu qeyd ed\u0259n n\u00fcmay\u0259nd\u0259 hey\u0259ti g\u00f6st\u0259ril\u0259n qonaqp\u0259rv\u0259rliy\u0259 g\u00f6r\u0259 t\u0259\u015f\u0259kk\u00fcr\u00fcn\u00fc bildirib. Az\u0259rbaycan\u0131n \u0259razi b\u00fct\u00f6vl\u00fcy\u00fc v\u0259 suverenliyinin b\u0259rpa olunmas\u0131 m\u00fcnasib\u0259til\u0259 general-polkovnik Z.H\u0259s\u0259novu t\u0259brik edib, \u015f\u0259hid olanlara Allahdan r\u0259hm\u0259t dil\u0259yib v\u0259 onlar\u0131n yax\u0131nlar\u0131na d\u0259rin h\u00fcznl\u0259 ba\u015fsa\u011fl\u0131\u011f\u0131 verib. Qonaq h\u0259rbi n\u00fcmay\u0259nd\u0259 hey\u0259tl\u0259rinin qar\u015f\u0131l\u0131ql\u0131 s\u0259f\u0259rl\u0259rinin \u0259laq\u0259l\u0259rimizin geni\u015fl\u0259nm\u0259sin\u0259 t\u0259kan verdiyini vur\u011fulay\u0131b.<\/p>\n<p>G\u00f6r\u00fc\u015fd\u0259 h\u0259rbi, h\u0259rbi t\u0259hsil sah\u0259sind\u0259 \u0259m\u0259kda\u015fl\u0131\u011f\u0131n inki\u015faf perspektivl\u0259ri, el\u0259c\u0259 d\u0259 regional t\u0259hl\u00fck\u0259sizlik m\u0259s\u0259l\u0259l\u0259ri m\u00fczakir\u0259 edilib.<br \/>\nSonra qonaqlar Az\u0259rbaycan Ordusunun Ba\u015f Q\u0259rargah\u0131na g\u0259lib. M\u00fcdafi\u0259 nazirinin birinci m\u00fcavini \u2013 Az\u0259rbaycan Ordusunun Ba\u015f Q\u0259rargah r\u0259isi general-polkovnik K\u0259rim V\u0259liyev S\u0259udiyy\u0259 \u018fr\u0259bistan\u0131 Krall\u0131\u011f\u0131n\u0131n n\u00fcmay\u0259nd\u0259 hey\u0259ti il\u0259 g\u00f6r\u00fc\u015f\u00fcb.<br \/>\nG\u00f6r\u00fc\u015fd\u0259 qar\u015f\u0131l\u0131ql\u0131 inam, etimad v\u0259 d\u0259st\u0259y\u0259 \u0259saslanan \u0259m\u0259kda\u015fl\u0131\u011f\u0131m\u0131z\u0131n daha da inki\u015faf ed\u0259c\u0259yin\u0259 \u0259minlik ifad\u0259 olunub. T\u0259r\u0259fl\u0259r, h\u0259m\u00e7inin t\u0259cr\u00fcb\u0259 m\u00fcbadil\u0259sinin \u0259h\u0259miyy\u0259tini x\u00fcsusi vur\u011fulay\u0131b v\u0259 maraq do\u011furan bir \u00e7ox dig\u0259r m\u0259s\u0259l\u0259l\u0259r\u0259 dair m\u00fczakir\u0259l\u0259r apar\u0131blar.<\/p>\n<div class=\"clearfix\"><\/div>\n<\/div>\n<div class=\"fotorama--hidden\"><\/div>\n<div id=\"galleryList\" class=\"fotorama fotorama1733239289048\" data-nav=\"thumbs\" data-width=\"100%\" data-thumbwidth=\"90\" data-thumbheight=\"60\" data-allowfullscreen=\"true\" data-autoplay=\"3000\" data-ratio=\"1.5\" data-keyboard=\"true\" data-fit=\"contain\">\n<div class=\"fotorama__wrap fotorama__wrap--css3 fotorama__wrap--slide fotorama__wrap--toggle-arrows fotorama__wrap--no-controls\">\n<div class=\"fotorama__stage fotorama__pointer\">\n<div class=\"fotorama__fullscreen-icon\" tabindex=\"0\" role=\"button\"><\/div>\n<div class=\"fotorama__stage__shaft\">\n<div class=\"fotorama__stage__frame fotorama__loaded fotorama__loaded--img fotorama__active\"><img class=\"fotorama__img\" src=\"https:\/\/ikisahil.az\/photo\/0x0_2\/upload\/gallery\/2024\/12\/03\/-be767243173323874371686442711108959.jpg\" \/><\/div>\n<div class=\"fotorama__stage__frame fotorama__loaded fotorama__loaded--img\"><img class=\"fotorama__img\" src=\"https:\/\/ikisahil.az\/photo\/0x0_2\/upload\/gallery\/2024\/12\/03\/-658bbbde173323874326832735010471474.jpg\" \/><\/div>\n<\/div>\n<div class=\"fotorama__arr fotorama__arr--prev\" tabindex=\"0\" role=\"button\"><\/div>\n<div class=\"fotorama__arr fotorama__arr--next fotorama__arr--disabled\" tabindex=\"-1\" role=\"button\"><\/div>\n<div class=\"fotorama__video-close\"><\/div>\n<\/div>\n<div class=\"fotorama__nav-wrap\">\n<div class=\"fotorama__nav fotorama__nav--thumbs\">\n<div class=\"fotorama__nav__shaft\">\n<div class=\"fotorama__thumb-border\"><\/div>\n<div class=\"fotorama__nav__frame fotorama__nav__frame--thumb\" tabindex=\"0\" role=\"button\">\n<div class=\"fotorama__thumb fotorama__loaded fotorama__loaded--img\"><img class=\"fotorama__img\" src=\"https:\/\/ikisahil.az\/photo\/150x100_2\/upload\/gallery\/2024\/12\/03\/-be767243173323874371686442711108959.jpg\" \/><\/div>\n<\/div>\n<div class=\"fotorama__nav__frame fotorama__nav__frame--thumb fotorama__active\" tabindex=\"0\" role=\"button\">\n<div class=\"fotorama__thumb fotorama__loaded fotorama__loaded--img\"><img class=\"fotorama__img\" src=\"https:\/\/ikisahil.az\/photo\/150x100_2\/upload\/gallery\/2024\/12\/03\/-658bbbde173323874326832735010471474.jpg\" \/><\/div>\n<\/div>\n<\/div>\n<\/div>\n<\/div>\n<\/div>\n<\/div>\n<div class=\"sharing my-2 row no-gutters d-print-none\"><\/div>\n<div class=\"d-none d-sm-block\"><\/div>\n","protected":false},"excerpt":{"rendered":"<p>Az\u0259rbaycan Respublikas\u0131n\u0131n m\u00fcdafi\u0259 naziri general-polkovnik Zakir H\u0259s\u0259nov \u00f6lk\u0259mizd\u0259 r\u0259smi s\u0259f\u0259rd\u0259 olan S\u0259udiyy\u0259 \u018fr\u0259bistan\u0131 Krall\u0131\u011f\u0131n\u0131n h\u0259rbi n\u00fcmay\u0259nd\u0259 hey\u0259ti il\u0259 g\u00f6r\u00fc\u015f\u00fcb. ARANTV.AZ x\u0259b\u0259r verir ki,\u00a0\u00a0qonaqlar\u0131 salamlayan general-polkovnik Z.H\u0259s\u0259nov onlar\u0131 Az\u0259rbaycanda g\u00f6rm\u0259kd\u0259n m\u0259mnunlu\u011funu ifad\u0259 edib. M\u00fcdafi\u0259 naziri \u00f6lk\u0259l\u0259rimiz aras\u0131nda dostluq v\u0259 qarda\u015fl\u0131q prinsipi \u00fcz\u0259rind\u0259 qurulan \u0259laq\u0259l\u0259rin inki\u015faf etdirilm\u0259sin\u0259 x\u00fcsusi \u00f6n\u0259m verildiyini v\u0259 h\u0259r zaman Az\u0259rbaycan Respublikas\u0131n\u0131n Prezidenti, Silahl\u0131 Q\u00fcvv\u0259l\u0259rin Ali Ba\u015f Komandan\u0131 c\u0259nab \u0130lham \u018fliyevin diqq\u0259t m\u0259rk\u0259zind\u0259 saxlan\u0131ld\u0131\u011f\u0131n\u0131 bildirib. Cari ilin 24-26 sentyabr tarixl\u0259rind\u0259 Bak\u0131 Ekspo M\u0259rk\u0259zind\u0259 ke\u00e7iril\u0259n &#8220;ADEX&#8221; 5-ci Yubiley Az\u0259rbaycan Beyn\u0259lxalq M\u00fcdafi\u0259 S\u0259rgisind\u0259 S\u0259udiyy\u0259 \u018fr\u0259bistan\u0131n\u0131n geni\u015f t\u0259rkibd\u0259 n\u00fcmay\u0259nd\u0259 hey\u0259ti il\u0259 i\u015ftirak\u0131n\u0131n&hellip;<\/p>\n","protected":false},"author":2,"featured_media":772744,"comment_status":"closed","ping_status":"closed","sticky":false,"template":"","format":"standard","meta":{"om_disable_all_campaigns":false,"_monsterinsights_skip_tracking":false,"_monsterinsights_sitenote_active":false,"_monsterinsights_sitenote_note":"","_monsterinsights_sitenote_category":0},"categories":[10],"tags":[],"aioseo_notices":[],"gutentor_comment":0,"rttpg_featured_image_url":{"full":["https:\/\/arantv.az\/wp-content\/uploads\/2024\/12\/852c296d173323873282099287310311365.jpg",975,540,false],"landscape":["https:\/\/arantv.az\/wp-content\/uploads\/2024\/12\/852c296d173323873282099287310311365.jpg",975,540,false],"portraits":["https:\/\/arantv.az\/wp-content\/uploads\/2024\/12\/852c296d173323873282099287310311365.jpg",975,540,false],"thumbnail":["https:\/\/arantv.az\/wp-content\/uploads\/2024\/12\/852c296d173323873282099287310311365-500x280.jpg",500,280,true],"medium":["https:\/\/arantv.az\/wp-content\/uploads\/2024\/12\/852c296d173323873282099287310311365-660x365.jpg",660,365,true],"large":["https:\/\/arantv.az\/wp-content\/uploads\/2024\/12\/852c296d173323873282099287310311365-840x465.jpg",640,354,true],"1536x1536":["https:\/\/arantv.az\/wp-content\/uploads\/2024\/12\/852c296d173323873282099287310311365.jpg",975,540,false],"2048x2048":["https:\/\/arantv.az\/wp-content\/uploads\/2024\/12\/852c296d173323873282099287310311365.jpg",975,540,false],"post-thumbnail":["https:\/\/arantv.az\/wp-content\/uploads\/2024\/12\/852c296d173323873282099287310311365-240x172.jpg",240,172,true],"advps-thumb-one":["https:\/\/arantv.az\/wp-content\/uploads\/2024\/12\/852c296d173323873282099287310311365.jpg",975,540,false]},"rttpg_author":{"display_name":"V\u00fcsal Rafiqo\u011flu","author_link":"https:\/\/arantv.az\/?author=2"},"rttpg_comment":0,"rttpg_category":"<a href=\"https:\/\/arantv.az\/?cat=10\" rel=\"category\">C\u0259bh\u0259d\u0259n X\u0259b\u0259r<\/a>","rttpg_excerpt":"Az\u0259rbaycan Respublikas\u0131n\u0131n m\u00fcdafi\u0259 naziri general-polkovnik Zakir H\u0259s\u0259nov \u00f6lk\u0259mizd\u0259 r\u0259smi s\u0259f\u0259rd\u0259 olan S\u0259udiyy\u0259 \u018fr\u0259bistan\u0131 Krall\u0131\u011f\u0131n\u0131n h\u0259rbi n\u00fcmay\u0259nd\u0259 hey\u0259ti il\u0259 g\u00f6r\u00fc\u015f\u00fcb. ARANTV.AZ x\u0259b\u0259r verir ki,\u00a0\u00a0qonaqlar\u0131 salamlayan general-polkovnik Z.H\u0259s\u0259nov onlar\u0131 Az\u0259rbaycanda g\u00f6rm\u0259kd\u0259n m\u0259mnunlu\u011funu ifad\u0259 edib. M\u00fcdafi\u0259 naziri \u00f6lk\u0259l\u0259rimiz aras\u0131nda dostluq v\u0259 qarda\u015fl\u0131q prinsipi \u00fcz\u0259rind\u0259 qurulan \u0259laq\u0259l\u0259rin inki\u015faf etdirilm\u0259sin\u0259 x\u00fcsusi \u00f6n\u0259m verildiyini v\u0259 h\u0259r zaman Az\u0259rbaycan Respublikas\u0131n\u0131n Prezidenti, Silahl\u0131&hellip;","_links":{"self":[{"href":"https:\/\/arantv.az\/index.php?rest_route=\/wp\/v2\/posts\/772743"}],"collection":[{"href":"https:\/\/arantv.az\/index.php?rest_route=\/wp\/v2\/posts"}],"about":[{"href":"https:\/\/arantv.az\/index.php?rest_route=\/wp\/v2\/types\/post"}],"author":[{"embeddable":true,"href":"https:\/\/arantv.az\/index.php?rest_route=\/wp\/v2\/users\/2"}],"replies":[{"embeddable":true,"href":"https:\/\/arantv.az\/index.php?rest_route=%2Fwp%2Fv2%2Fcomments&post=772743"}],"version-history":[{"count":1,"href":"https:\/\/arantv.az\/index.php?rest_route=\/wp\/v2\/posts\/772743\/revisions"}],"predecessor-version":[{"id":772745,"href":"https:\/\/arantv.az\/index.php?rest_route=\/wp\/v2\/posts\/772743\/revisions\/772745"}],"wp:featuredmedia":[{"embeddable":true,"href":"https:\/\/arantv.az\/index.php?rest_route=\/wp\/v2\/media\/772744"}],"wp:attachment":[{"href":"https:\/\/arantv.az\/index.php?rest_route=%2Fwp%2Fv2%2Fmedia&parent=772743"}],"wp:term":[{"taxonomy":"category","embeddable":true,"href":"https:\/\/arantv.az\/index.php?rest_route=%2Fwp%2Fv2%2Fcategories&post=772743"},{"taxonomy":"post_tag","embeddable":true,"href":"https:\/\/arantv.az\/index.php?rest_route=%2Fwp%2Fv2%2Ftags&post=772743"}],"curies":[{"name":"wp","href":"https:\/\/api.w.org\/{rel}","templated":true}]}}