{"id":772786,"date":"2024-12-04T07:01:14","date_gmt":"2024-12-04T03:01:14","guid":{"rendered":"https:\/\/arantv.az\/?p=772786"},"modified":"2024-12-04T07:01:14","modified_gmt":"2024-12-04T03:01:14","slug":"erm%c9%99nistanin-adi-qalmaqalda-hallanan-deputati-hakim-partiyadan-qovulub","status":"publish","type":"post","link":"https:\/\/arantv.az\/?p=772786","title":{"rendered":"Erm\u0259nistan\u0131n ad\u0131 qalmaqalda hallanan deputat\u0131 hakim partiyadan qovulub"},"content":{"rendered":"<p>Erm\u0259nistan\u0131n hakim \u201cM\u00fclki m\u00fcqavil\u0259\u201d Partiyas\u0131 deputat Ovik A\u011fazaryan\u0131 s\u0131ralar\u0131ndan xaric edib.<\/p>\n<p>\u201cReport\u201dun x\u0259b\u0259rin\u0259 g\u00f6r\u0259, bu bar\u0259d\u0259 partiyan\u0131n sosial \u015f\u0259b\u0259k\u0259d\u0259ki s\u0259hif\u0259sind\u0259 m\u0259lumat verilib.<\/p>\n<p>\u201c\u0130dar\u0259 Hey\u0259tinin q\u0259rar\u0131 il\u0259 Ovik A\u011fazaryan d\u00f6vl\u0259t v\u0259 partiya \u0259h\u0259miyy\u0259tli m\u0259xfi m\u0259lumatlar\u0131 s\u0131zd\u0131rd\u0131\u011f\u0131na, habel\u0259 etik normalar\u0131 kobud \u015f\u0259kild\u0259 pozdu\u011funa g\u00f6r\u0259 \u201cM\u00fclki m\u00fcqavil\u0259\u201d Partiyas\u0131ndan xaric olunub\u201d, &#8211; m\u0259lumatda bildirilir.<\/p>\n<p>Daha \u0259vv\u0259l \u201cM\u00fclki m\u00fcqavil\u0259\u201d fraksiyas\u0131n\u0131n \u00fczv\u00fc Ovik A\u011fazaryan ba\u015f nazir Nikol Pa\u015finyan\u0131n mandat\u0131ndan imtina xahi\u015fini r\u0259dd edib.<\/p>\n<p>Xat\u0131rladaq ki, Erm\u0259nistan\u0131n ba\u015f naziri Nikol Pa\u015finyan \u0130ctimai Televiziyaya m\u00fcsahib\u0259sind\u0259 deputat Ovik A\u011fazaryan\u0131n onun t\u00f6vsiy\u0259sini dinl\u0259y\u0259r\u0259k, mandat\u0131ndan imtinas\u0131na \u00fcmid etdiyini deyib. O, dig\u0259r deputat Narek Zeynalyana da ox\u015far m\u0259sl\u0259h\u0259tl\u0259r verib. Pa\u015finyan xat\u0131rlad\u0131b ki, h\u0259r iki parlamentari \u0130stintaq Komit\u0259sinin ke\u00e7mi\u015f r\u0259hb\u0259ri Arqi\u015fti Kyaramyanla ba\u011fl\u0131 qalmaqalda i\u015ftirak edibl\u0259r.<\/p>\n<p>Pa\u015finyan xat\u0131rlad\u0131b ki, o, \u0259vv\u0259ll\u0259r Kyaramyana istefa verm\u0259yi t\u0259klif edib. O, eyni s\u0259b\u0259bd\u0259n deputatlara s\u0259lahiyy\u0259tl\u0259rini t\u0259rk etm\u0259yi m\u0259sl\u0259h\u0259t g\u00f6r\u00fcb. Zeynalyan art\u0131q bu xahi\u015fi yerin\u0259 yetirib, A\u011fazaryan is\u0259 imtina edib.<\/p>\n<p>A\u011fazaryan art\u0131q \u0130stintaq Komit\u0259sinin ke\u00e7mi\u015f r\u0259hb\u0259ri il\u0259 ba\u011fl\u0131 i\u015f \u00fczr\u0259 Korrupsiyaya Qar\u015f\u0131 M\u00fcbariz\u0259 Komit\u0259si qar\u015f\u0131s\u0131nda ifad\u0259 verib. \u0130stintaq \u00e7\u0259r\u00e7iv\u0259sind\u0259 onun telefonu m\u00fcsadir\u0259 edilib.<\/p>\n","protected":false},"excerpt":{"rendered":"<p>Erm\u0259nistan\u0131n hakim \u201cM\u00fclki m\u00fcqavil\u0259\u201d Partiyas\u0131 deputat Ovik A\u011fazaryan\u0131 s\u0131ralar\u0131ndan xaric edib. \u201cReport\u201dun x\u0259b\u0259rin\u0259 g\u00f6r\u0259, bu bar\u0259d\u0259 partiyan\u0131n sosial \u015f\u0259b\u0259k\u0259d\u0259ki s\u0259hif\u0259sind\u0259 m\u0259lumat verilib. \u201c\u0130dar\u0259 Hey\u0259tinin q\u0259rar\u0131 il\u0259 Ovik A\u011fazaryan d\u00f6vl\u0259t v\u0259 partiya \u0259h\u0259miyy\u0259tli m\u0259xfi m\u0259lumatlar\u0131 s\u0131zd\u0131rd\u0131\u011f\u0131na, habel\u0259 etik normalar\u0131 kobud \u015f\u0259kild\u0259 pozdu\u011funa g\u00f6r\u0259 \u201cM\u00fclki m\u00fcqavil\u0259\u201d Partiyas\u0131ndan xaric olunub\u201d, &#8211; m\u0259lumatda bildirilir. Daha \u0259vv\u0259l \u201cM\u00fclki m\u00fcqavil\u0259\u201d fraksiyas\u0131n\u0131n \u00fczv\u00fc Ovik A\u011fazaryan ba\u015f nazir Nikol Pa\u015finyan\u0131n mandat\u0131ndan imtina xahi\u015fini r\u0259dd edib. Xat\u0131rladaq ki, Erm\u0259nistan\u0131n ba\u015f naziri Nikol Pa\u015finyan \u0130ctimai Televiziyaya m\u00fcsahib\u0259sind\u0259 deputat Ovik A\u011fazaryan\u0131n onun t\u00f6vsiy\u0259sini dinl\u0259y\u0259r\u0259k, mandat\u0131ndan imtinas\u0131na \u00fcmid etdiyini deyib. O, dig\u0259r&hellip;<\/p>\n","protected":false},"author":2,"featured_media":772787,"comment_status":"closed","ping_status":"closed","sticky":false,"template":"","format":"standard","meta":{"om_disable_all_campaigns":false,"_monsterinsights_skip_tracking":false,"_monsterinsights_sitenote_active":false,"_monsterinsights_sitenote_note":"","_monsterinsights_sitenote_category":0},"categories":[7],"tags":[],"aioseo_notices":[],"gutentor_comment":0,"rttpg_featured_image_url":{"full":["https:\/\/arantv.az\/wp-content\/uploads\/2024\/12\/5ed89121d1fbed3f74f4c1c57d1ff2cc.png",850,500,false],"landscape":["https:\/\/arantv.az\/wp-content\/uploads\/2024\/12\/5ed89121d1fbed3f74f4c1c57d1ff2cc.png",850,500,false],"portraits":["https:\/\/arantv.az\/wp-content\/uploads\/2024\/12\/5ed89121d1fbed3f74f4c1c57d1ff2cc.png",850,500,false],"thumbnail":["https:\/\/arantv.az\/wp-content\/uploads\/2024\/12\/5ed89121d1fbed3f74f4c1c57d1ff2cc-500x280.png",500,280,true],"medium":["https:\/\/arantv.az\/wp-content\/uploads\/2024\/12\/5ed89121d1fbed3f74f4c1c57d1ff2cc-621x365.png",621,365,true],"large":["https:\/\/arantv.az\/wp-content\/uploads\/2024\/12\/5ed89121d1fbed3f74f4c1c57d1ff2cc-840x494.png",640,376,true],"1536x1536":["https:\/\/arantv.az\/wp-content\/uploads\/2024\/12\/5ed89121d1fbed3f74f4c1c57d1ff2cc.png",850,500,false],"2048x2048":["https:\/\/arantv.az\/wp-content\/uploads\/2024\/12\/5ed89121d1fbed3f74f4c1c57d1ff2cc.png",850,500,false],"post-thumbnail":["https:\/\/arantv.az\/wp-content\/uploads\/2024\/12\/5ed89121d1fbed3f74f4c1c57d1ff2cc-240x172.png",240,172,true],"advps-thumb-one":["https:\/\/arantv.az\/wp-content\/uploads\/2024\/12\/5ed89121d1fbed3f74f4c1c57d1ff2cc.png",850,500,false]},"rttpg_author":{"display_name":"V\u00fcsal Rafiqo\u011flu","author_link":"https:\/\/arantv.az\/?author=2"},"rttpg_comment":0,"rttpg_category":"<a href=\"https:\/\/arantv.az\/?cat=7\" rel=\"category\">D\u00fcnya<\/a>","rttpg_excerpt":"Erm\u0259nistan\u0131n hakim \u201cM\u00fclki m\u00fcqavil\u0259\u201d Partiyas\u0131 deputat Ovik A\u011fazaryan\u0131 s\u0131ralar\u0131ndan xaric edib. \u201cReport\u201dun x\u0259b\u0259rin\u0259 g\u00f6r\u0259, bu bar\u0259d\u0259 partiyan\u0131n sosial \u015f\u0259b\u0259k\u0259d\u0259ki s\u0259hif\u0259sind\u0259 m\u0259lumat verilib. \u201c\u0130dar\u0259 Hey\u0259tinin q\u0259rar\u0131 il\u0259 Ovik A\u011fazaryan d\u00f6vl\u0259t v\u0259 partiya \u0259h\u0259miyy\u0259tli m\u0259xfi m\u0259lumatlar\u0131 s\u0131zd\u0131rd\u0131\u011f\u0131na, habel\u0259 etik normalar\u0131 kobud \u015f\u0259kild\u0259 pozdu\u011funa g\u00f6r\u0259 \u201cM\u00fclki m\u00fcqavil\u0259\u201d Partiyas\u0131ndan xaric olunub\u201d, &#8211; m\u0259lumatda bildirilir. Daha \u0259vv\u0259l \u201cM\u00fclki m\u00fcqavil\u0259\u201d fraksiyas\u0131n\u0131n&hellip;","_links":{"self":[{"href":"https:\/\/arantv.az\/index.php?rest_route=\/wp\/v2\/posts\/772786"}],"collection":[{"href":"https:\/\/arantv.az\/index.php?rest_route=\/wp\/v2\/posts"}],"about":[{"href":"https:\/\/arantv.az\/index.php?rest_route=\/wp\/v2\/types\/post"}],"author":[{"embeddable":true,"href":"https:\/\/arantv.az\/index.php?rest_route=\/wp\/v2\/users\/2"}],"replies":[{"embeddable":true,"href":"https:\/\/arantv.az\/index.php?rest_route=%2Fwp%2Fv2%2Fcomments&post=772786"}],"version-history":[{"count":2,"href":"https:\/\/arantv.az\/index.php?rest_route=\/wp\/v2\/posts\/772786\/revisions"}],"predecessor-version":[{"id":772789,"href":"https:\/\/arantv.az\/index.php?rest_route=\/wp\/v2\/posts\/772786\/revisions\/772789"}],"wp:featuredmedia":[{"embeddable":true,"href":"https:\/\/arantv.az\/index.php?rest_route=\/wp\/v2\/media\/772787"}],"wp:attachment":[{"href":"https:\/\/arantv.az\/index.php?rest_route=%2Fwp%2Fv2%2Fmedia&parent=772786"}],"wp:term":[{"taxonomy":"category","embeddable":true,"href":"https:\/\/arantv.az\/index.php?rest_route=%2Fwp%2Fv2%2Fcategories&post=772786"},{"taxonomy":"post_tag","embeddable":true,"href":"https:\/\/arantv.az\/index.php?rest_route=%2Fwp%2Fv2%2Ftags&post=772786"}],"curies":[{"name":"wp","href":"https:\/\/api.w.org\/{rel}","templated":true}]}}