{"id":772798,"date":"2024-12-04T07:03:45","date_gmt":"2024-12-04T03:03:45","guid":{"rendered":"https:\/\/arantv.az\/?p=772798"},"modified":"2024-12-04T07:03:45","modified_gmt":"2024-12-04T03:03:45","slug":"%c9%99lilliyi-olan-s%c9%99xsl%c9%99rin-hansi-huquq-v%c9%99-imtiyazlari-var-video","status":"publish","type":"post","link":"https:\/\/arantv.az\/?p=772798","title":{"rendered":"\u018flilliyi olan \u015f\u0259xsl\u0259rin hans\u0131 h\u00fcquq v\u0259 imtiyazlar\u0131 var? &#8211; V\u0130DEO"},"content":{"rendered":"<div class=\"text-content\" data-id=\"\" data-url=\"\">\n<p>H\u0259r il dekabr\u0131n 3-d\u0259 b\u00fct\u00fcn d\u00fcnyada Beyn\u0259lxalq \u018flill\u0259r G\u00fcn\u00fc qeyd edilir. 1992-ci il dekabr\u0131n 14-d\u0259 BMT Ba\u015f Assambleyas\u0131n\u0131n q\u0259tnam\u0259si q\u0259bul olunub. Onun h\u0259d\u0259fi &#8211; ictimai h\u0259yat\u0131n b\u00fct\u00fcn sah\u0259l\u0259rind\u0259 \u0259lill\u0259rin h\u00fcquqlar\u0131n\u0131n qorunmas\u0131 v\u0259 geni\u015f ictimaiyy\u0259tin diqq\u0259tini onlar\u0131n probleml\u0259rin\u0259 y\u00f6n\u0259ltm\u0259kdir.<\/p>\n<p>B\u0259s \u00f6lk\u0259mizd\u0259 \u0259lilliyi olan v\u0259t\u0259nda\u015flar \u00fc\u00e7\u00fcn hans\u0131 imkanlar yarad\u0131l\u0131r?<\/p>\n<p>X\u0259z\u0259r TV bildirir ki, \u018fm\u0259k v\u0259 \u0259halinin sosial m\u00fcdafi\u0259si nazirliyinin \u0259lillik siyas\u0131 \u015f\u00f6b\u0259sinin \u0259m\u0259kda\u015f\u0131 Fatma \u018fsg\u0259rovan\u0131n s\u00f6zl\u0259rin\u0259 g\u00f6r\u0259, \u0259lillik t\u0259yinat\u0131na \u0259sas ver\u0259n meyarlar\u0131n say\u0131 616-ya \u00e7atd\u0131r\u0131l\u0131b.<\/p>\n<p>Bu is\u0259 \u00f6t\u0259n illl\u0259rl\u0259 m\u00fcqayis\u0259d\u0259 5 d\u0259f\u0259y\u0259 q\u0259d\u0259r art\u0131m dem\u0259kdir.<\/p>\n<p>Bununla yana\u015f\u0131 i\u015fl\u0259 t\u0259min edil\u0259n \u0259lillik d\u0259r\u0259c\u0259si olan \u015f\u0259xsl\u0259rin bir s\u0131ra \u0259lav\u0259 h\u00fcquqlar\u0131 da var.<\/p>\n<p><iframe loading=\"lazy\" src=\"https:\/\/newstube.az\/embed\/175715\" width=\"670\" height=\"400\" frameborder=\"0\" allowfullscreen=\"allowfullscreen\" data-mce-fragment=\"1\"><\/iframe><\/p>\n<\/div>\n<div><\/div>\n<div><\/div>\n<div class=\"inner-social-box\">\n<div class=\"subs-in-social subs-whatsapp\"><\/div>\n<\/div>\n","protected":false},"excerpt":{"rendered":"<p>H\u0259r il dekabr\u0131n 3-d\u0259 b\u00fct\u00fcn d\u00fcnyada Beyn\u0259lxalq \u018flill\u0259r G\u00fcn\u00fc qeyd edilir. 1992-ci il dekabr\u0131n 14-d\u0259 BMT Ba\u015f Assambleyas\u0131n\u0131n q\u0259tnam\u0259si q\u0259bul olunub. Onun h\u0259d\u0259fi &#8211; ictimai h\u0259yat\u0131n b\u00fct\u00fcn sah\u0259l\u0259rind\u0259 \u0259lill\u0259rin h\u00fcquqlar\u0131n\u0131n qorunmas\u0131 v\u0259 geni\u015f ictimaiyy\u0259tin diqq\u0259tini onlar\u0131n probleml\u0259rin\u0259 y\u00f6n\u0259ltm\u0259kdir. B\u0259s \u00f6lk\u0259mizd\u0259 \u0259lilliyi olan v\u0259t\u0259nda\u015flar \u00fc\u00e7\u00fcn hans\u0131 imkanlar yarad\u0131l\u0131r? X\u0259z\u0259r TV bildirir ki, \u018fm\u0259k v\u0259 \u0259halinin sosial m\u00fcdafi\u0259si nazirliyinin \u0259lillik siyas\u0131 \u015f\u00f6b\u0259sinin \u0259m\u0259kda\u015f\u0131 Fatma \u018fsg\u0259rovan\u0131n s\u00f6zl\u0259rin\u0259 g\u00f6r\u0259, \u0259lillik t\u0259yinat\u0131na \u0259sas ver\u0259n meyarlar\u0131n say\u0131 616-ya \u00e7atd\u0131r\u0131l\u0131b. Bu is\u0259 \u00f6t\u0259n illl\u0259rl\u0259 m\u00fcqayis\u0259d\u0259 5 d\u0259f\u0259y\u0259 q\u0259d\u0259r art\u0131m dem\u0259kdir. Bununla yana\u015f\u0131 i\u015fl\u0259 t\u0259min edil\u0259n \u0259lillik d\u0259r\u0259c\u0259si&hellip;<\/p>\n","protected":false},"author":2,"featured_media":772799,"comment_status":"closed","ping_status":"closed","sticky":false,"template":"","format":"standard","meta":{"om_disable_all_campaigns":false,"_monsterinsights_skip_tracking":false,"_monsterinsights_sitenote_active":false,"_monsterinsights_sitenote_note":"","_monsterinsights_sitenote_category":0},"categories":[1],"tags":[],"aioseo_notices":[],"gutentor_comment":0,"rttpg_featured_image_url":{"full":["https:\/\/arantv.az\/wp-content\/uploads\/2024\/12\/1548fcb794db8e3e2ddbe4d8228d5196.jpg",800,500,false],"landscape":["https:\/\/arantv.az\/wp-content\/uploads\/2024\/12\/1548fcb794db8e3e2ddbe4d8228d5196.jpg",800,500,false],"portraits":["https:\/\/arantv.az\/wp-content\/uploads\/2024\/12\/1548fcb794db8e3e2ddbe4d8228d5196.jpg",800,500,false],"thumbnail":["https:\/\/arantv.az\/wp-content\/uploads\/2024\/12\/1548fcb794db8e3e2ddbe4d8228d5196-500x280.jpg",500,280,true],"medium":["https:\/\/arantv.az\/wp-content\/uploads\/2024\/12\/1548fcb794db8e3e2ddbe4d8228d5196-584x365.jpg",584,365,true],"large":["https:\/\/arantv.az\/wp-content\/uploads\/2024\/12\/1548fcb794db8e3e2ddbe4d8228d5196.jpg",640,400,false],"1536x1536":["https:\/\/arantv.az\/wp-content\/uploads\/2024\/12\/1548fcb794db8e3e2ddbe4d8228d5196.jpg",800,500,false],"2048x2048":["https:\/\/arantv.az\/wp-content\/uploads\/2024\/12\/1548fcb794db8e3e2ddbe4d8228d5196.jpg",800,500,false],"post-thumbnail":["https:\/\/arantv.az\/wp-content\/uploads\/2024\/12\/1548fcb794db8e3e2ddbe4d8228d5196-240x172.jpg",240,172,true],"advps-thumb-one":["https:\/\/arantv.az\/wp-content\/uploads\/2024\/12\/1548fcb794db8e3e2ddbe4d8228d5196.jpg",800,500,false]},"rttpg_author":{"display_name":"V\u00fcsal Rafiqo\u011flu","author_link":"https:\/\/arantv.az\/?author=2"},"rttpg_comment":0,"rttpg_category":"<a href=\"https:\/\/arantv.az\/?cat=1\" rel=\"category\">C\u0259miyy\u0259t<\/a>","rttpg_excerpt":"H\u0259r il dekabr\u0131n 3-d\u0259 b\u00fct\u00fcn d\u00fcnyada Beyn\u0259lxalq \u018flill\u0259r G\u00fcn\u00fc qeyd edilir. 1992-ci il dekabr\u0131n 14-d\u0259 BMT Ba\u015f Assambleyas\u0131n\u0131n q\u0259tnam\u0259si q\u0259bul olunub. Onun h\u0259d\u0259fi &#8211; ictimai h\u0259yat\u0131n b\u00fct\u00fcn sah\u0259l\u0259rind\u0259 \u0259lill\u0259rin h\u00fcquqlar\u0131n\u0131n qorunmas\u0131 v\u0259 geni\u015f ictimaiyy\u0259tin diqq\u0259tini onlar\u0131n probleml\u0259rin\u0259 y\u00f6n\u0259ltm\u0259kdir. B\u0259s \u00f6lk\u0259mizd\u0259 \u0259lilliyi olan v\u0259t\u0259nda\u015flar \u00fc\u00e7\u00fcn hans\u0131 imkanlar yarad\u0131l\u0131r? X\u0259z\u0259r TV bildirir ki, \u018fm\u0259k v\u0259 \u0259halinin sosial&hellip;","_links":{"self":[{"href":"https:\/\/arantv.az\/index.php?rest_route=\/wp\/v2\/posts\/772798"}],"collection":[{"href":"https:\/\/arantv.az\/index.php?rest_route=\/wp\/v2\/posts"}],"about":[{"href":"https:\/\/arantv.az\/index.php?rest_route=\/wp\/v2\/types\/post"}],"author":[{"embeddable":true,"href":"https:\/\/arantv.az\/index.php?rest_route=\/wp\/v2\/users\/2"}],"replies":[{"embeddable":true,"href":"https:\/\/arantv.az\/index.php?rest_route=%2Fwp%2Fv2%2Fcomments&post=772798"}],"version-history":[{"count":1,"href":"https:\/\/arantv.az\/index.php?rest_route=\/wp\/v2\/posts\/772798\/revisions"}],"predecessor-version":[{"id":772800,"href":"https:\/\/arantv.az\/index.php?rest_route=\/wp\/v2\/posts\/772798\/revisions\/772800"}],"wp:featuredmedia":[{"embeddable":true,"href":"https:\/\/arantv.az\/index.php?rest_route=\/wp\/v2\/media\/772799"}],"wp:attachment":[{"href":"https:\/\/arantv.az\/index.php?rest_route=%2Fwp%2Fv2%2Fmedia&parent=772798"}],"wp:term":[{"taxonomy":"category","embeddable":true,"href":"https:\/\/arantv.az\/index.php?rest_route=%2Fwp%2Fv2%2Fcategories&post=772798"},{"taxonomy":"post_tag","embeddable":true,"href":"https:\/\/arantv.az\/index.php?rest_route=%2Fwp%2Fv2%2Ftags&post=772798"}],"curies":[{"name":"wp","href":"https:\/\/api.w.org\/{rel}","templated":true}]}}