{"id":772849,"date":"2024-12-04T14:16:28","date_gmt":"2024-12-04T10:16:28","guid":{"rendered":"https:\/\/arantv.az\/?p=772849"},"modified":"2024-12-04T14:16:28","modified_gmt":"2024-12-04T10:16:28","slug":"m%c9%99tan%c9%99t-qudsi-q%c9%99fil-oldu","status":"publish","type":"post","link":"https:\/\/arantv.az\/?p=772849","title":{"rendered":"M\u0259tan\u0259t Q\u00fcdsi q\u0259fil \u00f6ld\u00fc"},"content":{"rendered":"<p><strong>G\u0259nc yazar M\u0259tan\u0259t Q\u00fcdsi v\u0259fat edib.<\/strong><\/p>\n<p><strong>ARANTV.AZ <\/strong>\u00a0x\u0259b\u0259r verir ki,\u00a0bu bar\u0259d\u0259 Az\u0259rbaycan Milli Paralampiya Komit\u0259sinin \u00fczv\u00fc \u0130lham M\u0259h\u0259rr\u0259mov sosial \u015f\u0259b\u0259k\u0259 hesab\u0131nda yaz\u0131b.<\/p>\n<p>Onun hans\u0131 s\u0259b\u0259bd\u0259n v\u0259fat etdiyi a\u00e7\u0131qlanmay\u0131b.<\/p>\n<p>Qeyd ed\u0259k ki, \u0259sl\u0259n \u015e\u0259mkird\u0259n olan 27 ya\u015fl\u0131 M.Q\u00fcdsi fiziki \u0259ng\u0259lli olmas\u0131na baxmayaraq, aktiv f\u0259aliyy\u0259td\u0259 idi.<\/p>\n","protected":false},"excerpt":{"rendered":"<p>G\u0259nc yazar M\u0259tan\u0259t Q\u00fcdsi v\u0259fat edib. ARANTV.AZ \u00a0x\u0259b\u0259r verir ki,\u00a0bu bar\u0259d\u0259 Az\u0259rbaycan Milli Paralampiya Komit\u0259sinin \u00fczv\u00fc \u0130lham M\u0259h\u0259rr\u0259mov sosial \u015f\u0259b\u0259k\u0259 hesab\u0131nda yaz\u0131b. Onun hans\u0131 s\u0259b\u0259bd\u0259n v\u0259fat etdiyi a\u00e7\u0131qlanmay\u0131b. Qeyd ed\u0259k ki, \u0259sl\u0259n \u015e\u0259mkird\u0259n olan 27 ya\u015fl\u0131 M.Q\u00fcdsi fiziki \u0259ng\u0259lli olmas\u0131na baxmayaraq, aktiv f\u0259aliyy\u0259td\u0259 idi.<\/p>\n","protected":false},"author":2,"featured_media":772850,"comment_status":"closed","ping_status":"closed","sticky":false,"template":"","format":"standard","meta":{"om_disable_all_campaigns":false,"_monsterinsights_skip_tracking":false,"_monsterinsights_sitenote_active":false,"_monsterinsights_sitenote_note":"","_monsterinsights_sitenote_category":0},"categories":[1],"tags":[],"aioseo_notices":[],"gutentor_comment":0,"rttpg_featured_image_url":{"full":["https:\/\/arantv.az\/wp-content\/uploads\/2024\/12\/0fe52a4928da5b6452e30dee958399ba.jpg",870,500,false],"landscape":["https:\/\/arantv.az\/wp-content\/uploads\/2024\/12\/0fe52a4928da5b6452e30dee958399ba.jpg",870,500,false],"portraits":["https:\/\/arantv.az\/wp-content\/uploads\/2024\/12\/0fe52a4928da5b6452e30dee958399ba.jpg",870,500,false],"thumbnail":["https:\/\/arantv.az\/wp-content\/uploads\/2024\/12\/0fe52a4928da5b6452e30dee958399ba-500x280.jpg",500,280,true],"medium":["https:\/\/arantv.az\/wp-content\/uploads\/2024\/12\/0fe52a4928da5b6452e30dee958399ba-635x365.jpg",635,365,true],"large":["https:\/\/arantv.az\/wp-content\/uploads\/2024\/12\/0fe52a4928da5b6452e30dee958399ba-840x483.jpg",640,368,true],"1536x1536":["https:\/\/arantv.az\/wp-content\/uploads\/2024\/12\/0fe52a4928da5b6452e30dee958399ba.jpg",870,500,false],"2048x2048":["https:\/\/arantv.az\/wp-content\/uploads\/2024\/12\/0fe52a4928da5b6452e30dee958399ba.jpg",870,500,false],"post-thumbnail":["https:\/\/arantv.az\/wp-content\/uploads\/2024\/12\/0fe52a4928da5b6452e30dee958399ba-240x172.jpg",240,172,true],"advps-thumb-one":["https:\/\/arantv.az\/wp-content\/uploads\/2024\/12\/0fe52a4928da5b6452e30dee958399ba.jpg",870,500,false]},"rttpg_author":{"display_name":"V\u00fcsal Rafiqo\u011flu","author_link":"https:\/\/arantv.az\/?author=2"},"rttpg_comment":0,"rttpg_category":"<a href=\"https:\/\/arantv.az\/?cat=1\" rel=\"category\">C\u0259miyy\u0259t<\/a>","rttpg_excerpt":"G\u0259nc yazar M\u0259tan\u0259t Q\u00fcdsi v\u0259fat edib. ARANTV.AZ \u00a0x\u0259b\u0259r verir ki,\u00a0bu bar\u0259d\u0259 Az\u0259rbaycan Milli Paralampiya Komit\u0259sinin \u00fczv\u00fc \u0130lham M\u0259h\u0259rr\u0259mov sosial \u015f\u0259b\u0259k\u0259 hesab\u0131nda yaz\u0131b. Onun hans\u0131 s\u0259b\u0259bd\u0259n v\u0259fat etdiyi a\u00e7\u0131qlanmay\u0131b. Qeyd ed\u0259k ki, \u0259sl\u0259n \u015e\u0259mkird\u0259n olan 27 ya\u015fl\u0131 M.Q\u00fcdsi fiziki \u0259ng\u0259lli olmas\u0131na baxmayaraq, aktiv f\u0259aliyy\u0259td\u0259 idi.","_links":{"self":[{"href":"https:\/\/arantv.az\/index.php?rest_route=\/wp\/v2\/posts\/772849"}],"collection":[{"href":"https:\/\/arantv.az\/index.php?rest_route=\/wp\/v2\/posts"}],"about":[{"href":"https:\/\/arantv.az\/index.php?rest_route=\/wp\/v2\/types\/post"}],"author":[{"embeddable":true,"href":"https:\/\/arantv.az\/index.php?rest_route=\/wp\/v2\/users\/2"}],"replies":[{"embeddable":true,"href":"https:\/\/arantv.az\/index.php?rest_route=%2Fwp%2Fv2%2Fcomments&post=772849"}],"version-history":[{"count":1,"href":"https:\/\/arantv.az\/index.php?rest_route=\/wp\/v2\/posts\/772849\/revisions"}],"predecessor-version":[{"id":772851,"href":"https:\/\/arantv.az\/index.php?rest_route=\/wp\/v2\/posts\/772849\/revisions\/772851"}],"wp:featuredmedia":[{"embeddable":true,"href":"https:\/\/arantv.az\/index.php?rest_route=\/wp\/v2\/media\/772850"}],"wp:attachment":[{"href":"https:\/\/arantv.az\/index.php?rest_route=%2Fwp%2Fv2%2Fmedia&parent=772849"}],"wp:term":[{"taxonomy":"category","embeddable":true,"href":"https:\/\/arantv.az\/index.php?rest_route=%2Fwp%2Fv2%2Fcategories&post=772849"},{"taxonomy":"post_tag","embeddable":true,"href":"https:\/\/arantv.az\/index.php?rest_route=%2Fwp%2Fv2%2Ftags&post=772849"}],"curies":[{"name":"wp","href":"https:\/\/api.w.org\/{rel}","templated":true}]}}