{"id":77334,"date":"2019-09-06T15:29:08","date_gmt":"2019-09-06T12:29:08","guid":{"rendered":"http:\/\/arantv.az\/?p=77334"},"modified":"2019-09-06T15:29:08","modified_gmt":"2019-09-06T12:29:08","slug":"qiz-ustund%c9%99-h%c9%99myerlisini-bicaqladi-dord-il-is-aldi","status":"publish","type":"post","link":"https:\/\/arantv.az\/?p=77334","title":{"rendered":"Q\u0131z \u00fcst\u00fcnd\u0259 h\u0259myerlisini b\u0131\u00e7aqlad\u0131 &#8211; D\u00f6rd il i\u015f ald\u0131"},"content":{"rendered":"<p>Bu g\u00fcn Bak\u0131 A\u011f\u0131r Cinay\u0259tl\u0259r M\u0259hk\u0259m\u0259sind\u0259 q\u0259sd\u0259n adam\u00f6ld\u00fcrm\u0259y\u0259 c\u0259hdd\u0259 t\u0259qsirl\u0259ndiril\u0259n F\u0259rid Musayevin cinay\u0259t i\u015fi \u00fczr\u0259 m\u0259hk\u0259m\u0259 iclas\u0131 ba\u015fa \u00e7at\u0131b.<\/p>\n<p><b>ARANTV.AZ\u00a0<\/b>x\u0259b\u0259r verir ki, hakim Cavid H\u00fcseynovun s\u0259drliyi il\u0259 ke\u00e7iril\u0259n prosesd\u0259 h\u00f6km oxunub.<\/p>\n<p>H\u00f6km\u0259 \u0259sas\u0259n, F.Musayev d\u00f6rd\u00a0il m\u00fcdd\u0259tin\u0259 azadl\u0131qdan m\u0259hrum edilib.<\/p>\n<div id=\"AdviadNativeVideo0\" class=\"AdviadNativeVideo\"><\/div>\n<p>Qeyd ed\u0259k ki, bu il yanvar\u0131n 30-da \u015eabran rayon \u0259razisind\u0259ki ticar\u0259t m\u0259rk\u0259zinin qar\u015f\u0131s\u0131nda 32 ya\u015fl\u0131 El\u00e7in \u015e\u00fck\u00fcrov sol bazu s\u00fcm\u00fcy\u00fc v\u0259 qar\u0131n bo\u015flu\u011funa ke\u00e7\u0259n, sol b\u00f6yr\u0259yin z\u0259d\u0259l\u0259nm\u0259si, k\u0259silmi\u015f-de\u015filmi\u015f yaras\u0131 il\u0259 \u015eabran Rayon M\u0259rk\u0259zi X\u0259st\u0259xanas\u0131na daxil olub.<\/p>\n<p>Daxil olan m\u0259lumat \u0259sas\u0131nda apar\u0131lan ara\u015fd\u0131rma zaman\u0131 m\u00fc\u0259yy\u0259n edilib ki, h\u0259min g\u00fcn ax\u015fam saat 17\u00a0rad\u0259l\u0259rind\u0259 rayon sakini, 22 ya\u015fl\u0131 F.Musayev ticar\u0259t m\u0259rk\u0259zinin qar\u015f\u0131s\u0131nda q\u0131sqancl\u0131q z\u0259minind\u0259 aralar\u0131nda yaranan m\u00fcbahis\u0259 n\u0259tic\u0259sind\u0259 E.\u015e\u00fck\u00fcrovu \u00f6ld\u00fcrm\u0259k m\u0259qs\u0259dil\u0259 b\u0131\u00e7aqlayaraq x\u0259sar\u0259tl\u0259r yetirib.<\/p>\n<p>M\u0259lum olub ki, g\u0259nc\u00a033 ya\u015fl\u0131 ki\u015fini q\u0131z \u00fcst\u00fcnd\u0259 b\u0131\u00e7aqlay\u0131b.oxu.az<\/p>\n","protected":false},"excerpt":{"rendered":"<p>Bu g\u00fcn Bak\u0131 A\u011f\u0131r Cinay\u0259tl\u0259r M\u0259hk\u0259m\u0259sind\u0259 q\u0259sd\u0259n adam\u00f6ld\u00fcrm\u0259y\u0259 c\u0259hdd\u0259 t\u0259qsirl\u0259ndiril\u0259n F\u0259rid Musayevin cinay\u0259t i\u015fi \u00fczr\u0259 m\u0259hk\u0259m\u0259 iclas\u0131 ba\u015fa \u00e7at\u0131b. ARANTV.AZ\u00a0x\u0259b\u0259r verir ki, hakim Cavid H\u00fcseynovun s\u0259drliyi il\u0259 ke\u00e7iril\u0259n prosesd\u0259 h\u00f6km oxunub. H\u00f6km\u0259 \u0259sas\u0259n, F.Musayev d\u00f6rd\u00a0il m\u00fcdd\u0259tin\u0259 azadl\u0131qdan m\u0259hrum edilib. Qeyd ed\u0259k ki, bu il yanvar\u0131n 30-da \u015eabran rayon \u0259razisind\u0259ki ticar\u0259t m\u0259rk\u0259zinin qar\u015f\u0131s\u0131nda 32 ya\u015fl\u0131 El\u00e7in \u015e\u00fck\u00fcrov sol bazu s\u00fcm\u00fcy\u00fc v\u0259 qar\u0131n bo\u015flu\u011funa ke\u00e7\u0259n, sol b\u00f6yr\u0259yin z\u0259d\u0259l\u0259nm\u0259si, k\u0259silmi\u015f-de\u015filmi\u015f yaras\u0131 il\u0259 \u015eabran Rayon M\u0259rk\u0259zi X\u0259st\u0259xanas\u0131na daxil olub. Daxil olan m\u0259lumat \u0259sas\u0131nda apar\u0131lan ara\u015fd\u0131rma zaman\u0131 m\u00fc\u0259yy\u0259n edilib ki, h\u0259min g\u00fcn ax\u015fam saat 17\u00a0rad\u0259l\u0259rind\u0259&hellip;<\/p>\n","protected":false},"author":2,"featured_media":77335,"comment_status":"closed","ping_status":"closed","sticky":false,"template":"","format":"standard","meta":{"om_disable_all_campaigns":false,"_monsterinsights_skip_tracking":false,"_monsterinsights_sitenote_active":false,"_monsterinsights_sitenote_note":"","_monsterinsights_sitenote_category":0},"categories":[3],"tags":[],"aioseo_notices":[],"gutentor_comment":0,"rttpg_featured_image_url":{"full":["https:\/\/arantv.az\/wp-content\/uploads\/2019\/09\/1548933767_news_b.jpg",620,379,false],"landscape":["https:\/\/arantv.az\/wp-content\/uploads\/2019\/09\/1548933767_news_b.jpg",620,379,false],"portraits":["https:\/\/arantv.az\/wp-content\/uploads\/2019\/09\/1548933767_news_b.jpg",620,379,false],"thumbnail":["https:\/\/arantv.az\/wp-content\/uploads\/2019\/09\/1548933767_news_b-150x150.jpg",150,150,true],"medium":["https:\/\/arantv.az\/wp-content\/uploads\/2019\/09\/1548933767_news_b-300x183.jpg",300,183,true],"large":["https:\/\/arantv.az\/wp-content\/uploads\/2019\/09\/1548933767_news_b.jpg",620,379,false],"1536x1536":["https:\/\/arantv.az\/wp-content\/uploads\/2019\/09\/1548933767_news_b.jpg",620,379,false],"2048x2048":["https:\/\/arantv.az\/wp-content\/uploads\/2019\/09\/1548933767_news_b.jpg",620,379,false],"post-thumbnail":["https:\/\/arantv.az\/wp-content\/uploads\/2019\/09\/1548933767_news_b-240x172.jpg",240,172,true],"advps-thumb-one":["https:\/\/arantv.az\/wp-content\/uploads\/2019\/09\/1548933767_news_b.jpg",620,379,false]},"rttpg_author":{"display_name":"V\u00fcsal Rafiqo\u011flu","author_link":"https:\/\/arantv.az\/?author=2"},"rttpg_comment":0,"rttpg_category":"<a href=\"https:\/\/arantv.az\/?cat=3\" rel=\"category\">Kriminal<\/a>","rttpg_excerpt":"Bu g\u00fcn Bak\u0131 A\u011f\u0131r Cinay\u0259tl\u0259r M\u0259hk\u0259m\u0259sind\u0259 q\u0259sd\u0259n adam\u00f6ld\u00fcrm\u0259y\u0259 c\u0259hdd\u0259 t\u0259qsirl\u0259ndiril\u0259n F\u0259rid Musayevin cinay\u0259t i\u015fi \u00fczr\u0259 m\u0259hk\u0259m\u0259 iclas\u0131 ba\u015fa \u00e7at\u0131b. ARANTV.AZ\u00a0x\u0259b\u0259r verir ki, hakim Cavid H\u00fcseynovun s\u0259drliyi il\u0259 ke\u00e7iril\u0259n prosesd\u0259 h\u00f6km oxunub. H\u00f6km\u0259 \u0259sas\u0259n, F.Musayev d\u00f6rd\u00a0il m\u00fcdd\u0259tin\u0259 azadl\u0131qdan m\u0259hrum edilib. Qeyd ed\u0259k ki, bu il yanvar\u0131n 30-da \u015eabran rayon \u0259razisind\u0259ki ticar\u0259t m\u0259rk\u0259zinin qar\u015f\u0131s\u0131nda 32 ya\u015fl\u0131 El\u00e7in&hellip;","_links":{"self":[{"href":"https:\/\/arantv.az\/index.php?rest_route=\/wp\/v2\/posts\/77334"}],"collection":[{"href":"https:\/\/arantv.az\/index.php?rest_route=\/wp\/v2\/posts"}],"about":[{"href":"https:\/\/arantv.az\/index.php?rest_route=\/wp\/v2\/types\/post"}],"author":[{"embeddable":true,"href":"https:\/\/arantv.az\/index.php?rest_route=\/wp\/v2\/users\/2"}],"replies":[{"embeddable":true,"href":"https:\/\/arantv.az\/index.php?rest_route=%2Fwp%2Fv2%2Fcomments&post=77334"}],"version-history":[{"count":0,"href":"https:\/\/arantv.az\/index.php?rest_route=\/wp\/v2\/posts\/77334\/revisions"}],"wp:featuredmedia":[{"embeddable":true,"href":"https:\/\/arantv.az\/index.php?rest_route=\/wp\/v2\/media\/77335"}],"wp:attachment":[{"href":"https:\/\/arantv.az\/index.php?rest_route=%2Fwp%2Fv2%2Fmedia&parent=77334"}],"wp:term":[{"taxonomy":"category","embeddable":true,"href":"https:\/\/arantv.az\/index.php?rest_route=%2Fwp%2Fv2%2Fcategories&post=77334"},{"taxonomy":"post_tag","embeddable":true,"href":"https:\/\/arantv.az\/index.php?rest_route=%2Fwp%2Fv2%2Ftags&post=77334"}],"curies":[{"name":"wp","href":"https:\/\/api.w.org\/{rel}","templated":true}]}}