{"id":773380,"date":"2024-12-07T17:53:33","date_gmt":"2024-12-07T13:53:33","guid":{"rendered":"https:\/\/arantv.az\/?p=773380"},"modified":"2024-12-07T17:53:33","modified_gmt":"2024-12-07T13:53:33","slug":"verilis%c9%99-ayaqyalin-g%c9%99ldi-video","status":"publish","type":"post","link":"https:\/\/arantv.az\/?p=773380","title":{"rendered":"Verili\u015f\u0259 ayaqyal\u0131n g\u0259ldi &#8211; V\u0130DEO"},"content":{"rendered":"<div class=\"text-content\" data-id=\"\" data-url=\"\">\n<p><strong>Hollivud ulduzu Ancelina Coli Cimmi Fallonun &#8220;The tonight show&#8221; proqram\u0131na qonaq olub.<\/strong><\/p>\n<p>Aktrisa efir\u0259 ayaqyal\u0131n g\u0259lib. Onun bu add\u0131m\u0131 apar\u0131c\u0131n\u0131 t\u0259\u0259cc\u00fcbl\u0259ndirib. Apar\u0131c\u0131 Coliy\u0259 &#8220;Ayaqqab\u0131n\u0131 unutmusan&#8221; sual\u0131n\u0131 \u00fcnvanlay\u0131b.<\/p>\n<p>Coli is\u0259 &#8220;Ayaq barma\u011f\u0131m\u0131 s\u0131nd\u0131rm\u0131\u015fam v\u0259 rahat ayaqqab\u0131 tapma\u011fa \u00e7al\u0131\u015fd\u0131m, amma sonra fikrimi d\u0259yi\u015fdim&#8221; cavab\u0131n\u0131 verib.<\/p>\n<p>49 ya\u015fl\u0131 aktrisa bel\u0259 proqramlarda \u0259s\u0259bi v\u0259 narahat oldu\u011funu bildirib. Bu Colinin son 10 ild\u0259 qat\u0131ld\u0131\u011f\u0131 ilk tok-\u015fou olub. (Ax\u015fam.az)<\/p>\n<p><iframe title=\"YouTube video player\" src=\"https:\/\/www.youtube.com\/embed\/sLlfleMGuLA?si=4vFsv6Z_b-d1zXtp\" frameborder=\"0\" allowfullscreen=\"allowfullscreen\" data-mce-fragment=\"1\"><\/iframe><\/p>\n<\/div>\n<div><\/div>\n<div><\/div>\n<div class=\"inner-social-box\">\n<div class=\"subs-in-social subs-whatsapp\"><\/div>\n<\/div>\n","protected":false},"excerpt":{"rendered":"<p>Hollivud ulduzu Ancelina Coli Cimmi Fallonun &#8220;The tonight show&#8221; proqram\u0131na qonaq olub. Aktrisa efir\u0259 ayaqyal\u0131n g\u0259lib. Onun bu add\u0131m\u0131 apar\u0131c\u0131n\u0131 t\u0259\u0259cc\u00fcbl\u0259ndirib. Apar\u0131c\u0131 Coliy\u0259 &#8220;Ayaqqab\u0131n\u0131 unutmusan&#8221; sual\u0131n\u0131 \u00fcnvanlay\u0131b. Coli is\u0259 &#8220;Ayaq barma\u011f\u0131m\u0131 s\u0131nd\u0131rm\u0131\u015fam v\u0259 rahat ayaqqab\u0131 tapma\u011fa \u00e7al\u0131\u015fd\u0131m, amma sonra fikrimi d\u0259yi\u015fdim&#8221; cavab\u0131n\u0131 verib. 49 ya\u015fl\u0131 aktrisa bel\u0259 proqramlarda \u0259s\u0259bi v\u0259 narahat oldu\u011funu bildirib. Bu Colinin son 10 ild\u0259 qat\u0131ld\u0131\u011f\u0131 ilk tok-\u015fou olub. (Ax\u015fam.az)<\/p>\n","protected":false},"author":2,"featured_media":773387,"comment_status":"closed","ping_status":"closed","sticky":false,"template":"","format":"standard","meta":{"om_disable_all_campaigns":false,"_monsterinsights_skip_tracking":false,"_monsterinsights_sitenote_active":false,"_monsterinsights_sitenote_note":"","_monsterinsights_sitenote_category":0},"categories":[20],"tags":[],"aioseo_notices":[],"gutentor_comment":0,"rttpg_featured_image_url":{"full":["https:\/\/arantv.az\/wp-content\/uploads\/2024\/12\/3655f7a806e9d0c74afa4fa23538fdfb.jpg",735,462,false],"landscape":["https:\/\/arantv.az\/wp-content\/uploads\/2024\/12\/3655f7a806e9d0c74afa4fa23538fdfb.jpg",735,462,false],"portraits":["https:\/\/arantv.az\/wp-content\/uploads\/2024\/12\/3655f7a806e9d0c74afa4fa23538fdfb.jpg",735,462,false],"thumbnail":["https:\/\/arantv.az\/wp-content\/uploads\/2024\/12\/3655f7a806e9d0c74afa4fa23538fdfb-500x280.jpg",500,280,true],"medium":["https:\/\/arantv.az\/wp-content\/uploads\/2024\/12\/3655f7a806e9d0c74afa4fa23538fdfb-581x365.jpg",581,365,true],"large":["https:\/\/arantv.az\/wp-content\/uploads\/2024\/12\/3655f7a806e9d0c74afa4fa23538fdfb.jpg",640,402,false],"1536x1536":["https:\/\/arantv.az\/wp-content\/uploads\/2024\/12\/3655f7a806e9d0c74afa4fa23538fdfb.jpg",735,462,false],"2048x2048":["https:\/\/arantv.az\/wp-content\/uploads\/2024\/12\/3655f7a806e9d0c74afa4fa23538fdfb.jpg",735,462,false],"post-thumbnail":["https:\/\/arantv.az\/wp-content\/uploads\/2024\/12\/3655f7a806e9d0c74afa4fa23538fdfb-240x172.jpg",240,172,true],"advps-thumb-one":["https:\/\/arantv.az\/wp-content\/uploads\/2024\/12\/3655f7a806e9d0c74afa4fa23538fdfb.jpg",735,462,false]},"rttpg_author":{"display_name":"V\u00fcsal Rafiqo\u011flu","author_link":"https:\/\/arantv.az\/?author=2"},"rttpg_comment":0,"rttpg_category":"<a href=\"https:\/\/arantv.az\/?cat=20\" rel=\"category\">\u015eou biznes<\/a>","rttpg_excerpt":"Hollivud ulduzu Ancelina Coli Cimmi Fallonun &#8220;The tonight show&#8221; proqram\u0131na qonaq olub. Aktrisa efir\u0259 ayaqyal\u0131n g\u0259lib. Onun bu add\u0131m\u0131 apar\u0131c\u0131n\u0131 t\u0259\u0259cc\u00fcbl\u0259ndirib. Apar\u0131c\u0131 Coliy\u0259 &#8220;Ayaqqab\u0131n\u0131 unutmusan&#8221; sual\u0131n\u0131 \u00fcnvanlay\u0131b. Coli is\u0259 &#8220;Ayaq barma\u011f\u0131m\u0131 s\u0131nd\u0131rm\u0131\u015fam v\u0259 rahat ayaqqab\u0131 tapma\u011fa \u00e7al\u0131\u015fd\u0131m, amma sonra fikrimi d\u0259yi\u015fdim&#8221; cavab\u0131n\u0131 verib. 49 ya\u015fl\u0131 aktrisa bel\u0259 proqramlarda \u0259s\u0259bi v\u0259 narahat oldu\u011funu bildirib. Bu Colinin&hellip;","_links":{"self":[{"href":"https:\/\/arantv.az\/index.php?rest_route=\/wp\/v2\/posts\/773380"}],"collection":[{"href":"https:\/\/arantv.az\/index.php?rest_route=\/wp\/v2\/posts"}],"about":[{"href":"https:\/\/arantv.az\/index.php?rest_route=\/wp\/v2\/types\/post"}],"author":[{"embeddable":true,"href":"https:\/\/arantv.az\/index.php?rest_route=\/wp\/v2\/users\/2"}],"replies":[{"embeddable":true,"href":"https:\/\/arantv.az\/index.php?rest_route=%2Fwp%2Fv2%2Fcomments&post=773380"}],"version-history":[{"count":1,"href":"https:\/\/arantv.az\/index.php?rest_route=\/wp\/v2\/posts\/773380\/revisions"}],"predecessor-version":[{"id":773388,"href":"https:\/\/arantv.az\/index.php?rest_route=\/wp\/v2\/posts\/773380\/revisions\/773388"}],"wp:featuredmedia":[{"embeddable":true,"href":"https:\/\/arantv.az\/index.php?rest_route=\/wp\/v2\/media\/773387"}],"wp:attachment":[{"href":"https:\/\/arantv.az\/index.php?rest_route=%2Fwp%2Fv2%2Fmedia&parent=773380"}],"wp:term":[{"taxonomy":"category","embeddable":true,"href":"https:\/\/arantv.az\/index.php?rest_route=%2Fwp%2Fv2%2Fcategories&post=773380"},{"taxonomy":"post_tag","embeddable":true,"href":"https:\/\/arantv.az\/index.php?rest_route=%2Fwp%2Fv2%2Ftags&post=773380"}],"curies":[{"name":"wp","href":"https:\/\/api.w.org\/{rel}","templated":true}]}}